{"id":36867,"date":"2021-02-19T17:06:21","date_gmt":"2021-02-19T23:06:21","guid":{"rendered":"https:\/\/radiozapatista.org\/?p=36867"},"modified":"2021-02-23T17:06:57","modified_gmt":"2021-02-23T23:06:57","slug":"salvese-quien-pueda-emision-90-18-febrero-21","status":"publish","type":"post","link":"https:\/\/radiozapatista.org\/?p=36867","title":{"rendered":"\u00a1Salvese qui\u00e9n pueda!.- Emisi\u00f3n 90 (18\/febrero\/21)"},"content":{"rendered":"<p>Emisi\u00f3n del 18 de febrero de 2021. Quicuag\u00e9simo primer recorrido por el planeta coronavirus, contra la detenci\u00f3n del rapero Pablo Has\u00e9l y una conmemoraci\u00f3n de los Acuerdos de San Andr\u00e9s:<\/p>\n<p>[podcast]https:\/\/kehuelga.net\/programas\/sqp\/2021\/sqp-2021-02-18.ogg[\/podcast]<\/p>\n<p>Materiales de la emisi\u00f3n:<\/p>\n<p>Panorama de la pandemia.-<\/p>\n<p>https:\/\/coronavirus.jhu.edu\/map.html<\/p>\n<p>https:\/\/coronavirus.jhu.edu\/data\/mortality<\/p>\n<p>https:\/\/www.dw.com\/es\/riesgos-y-efectos-secundarios-de-las-vacunas-contra-el-coronavirus\/a-56134529<\/p>\n<p>https:\/\/datos.covid-19.conacyt.mx\/<\/p>\n<p>https:\/\/coronavirus.conacyt.mx\/<\/p>\n<p>Sobre la detenci\u00f3n del rapero Pablo Has\u00e9l.-<\/p>\n<p>https:\/\/www.bbc.com\/mundo\/noticias-internacional-56085048<\/p>\n<p>https:\/\/ppcc.lahaine.org\/en-medio-de-las-protestas<\/p>\n<p>https:\/\/www.lahaine.org\/est_espanol.php\/el-mejor-verso-de-pablo<\/p>\n<p>https:\/\/www.dw.com\/es\/el-rapero-pablo-has%C3%A9l-y-la-libertad-de-expresi%C3%B3n-en-espa%C3%B1a\/a-56620935<\/p>\n<p>Sobre los Acuerdos de San Andr\u00e9s.-<\/p>\n<p>https:\/\/frayba.org.mx\/los-acuerdos-de-san-andres-sakamchen-de-los-pobres\/<\/p>\n<p>&nbsp;<\/p>","protected":false},"excerpt":{"rendered":"<p>Emisi\u00f3n del 18 de febrero de 2021. Quicuag\u00e9simo primer recorrido por el planeta coronavirus, contra la detenci\u00f3n del rapero Pablo Has\u00e9l y una conmemoraci\u00f3n de los Acuerdos de San Andr\u00e9s: [podcast]https:\/\/kehuelga.net\/programas\/sqp\/2021\/sqp-2021-02-18.ogg[\/podcast] Materiales de la emisi\u00f3n: Panorama de la pandemia.- https:\/\/coronavirus.jhu.edu\/map.html https:\/\/coronavirus.jhu.edu\/data\/mortality https:\/\/www.dw.com\/es\/riesgos-y-efectos-secundarios-de-las-vacunas-contra-el-coronavirus\/a-56134529 https:\/\/datos.covid-19.conacyt.mx\/ https:\/\/coronavirus.conacyt.mx\/ Sobre la detenci\u00f3n del rapero Pablo Has\u00e9l.- https:\/\/www.bbc.com\/mundo\/noticias-internacional-56085048 https:\/\/ppcc.lahaine.org\/en-medio-de-las-protestas https:\/\/www.lahaine.org\/est_espanol.php\/el-mejor-verso-de-pablo https:\/\/www.dw.com\/es\/el-rapero-pablo-has%C3%A9l-y-la-libertad-de-expresi%C3%B3n-en-espa%C3%B1a\/a-56620935 [&hellip;]<\/p>\n","protected":false},"author":13,"featured_media":0,"comment_status":"open","ping_status":"closed","sticky":false,"template":"","format":"standard","meta":{"footnotes":""},"categories":[826,953,183,935],"tags":[],"class_list":["post-36867","post","type-post","status-publish","format-standard","hentry","category-medios-libres-2","category-mundo","category-blog","category-temas"],"_links":{"self":[{"href":"https:\/\/radiozapatista.org\/index.php?rest_route=\/wp\/v2\/posts\/36867","targetHints":{"allow":["GET"]}}],"collection":[{"href":"https:\/\/radiozapatista.org\/index.php?rest_route=\/wp\/v2\/posts"}],"about":[{"href":"https:\/\/radiozapatista.org\/index.php?rest_route=\/wp\/v2\/types\/post"}],"author":[{"embeddable":true,"href":"https:\/\/radiozapatista.org\/index.php?rest_route=\/wp\/v2\/users\/13"}],"replies":[{"embeddable":true,"href":"https:\/\/radiozapatista.org\/index.php?rest_route=%2Fwp%2Fv2%2Fcomments&post=36867"}],"version-history":[{"count":2,"href":"https:\/\/radiozapatista.org\/index.php?rest_route=\/wp\/v2\/posts\/36867\/revisions"}],"predecessor-version":[{"id":36869,"href":"https:\/\/radiozapatista.org\/index.php?rest_route=\/wp\/v2\/posts\/36867\/revisions\/36869"}],"wp:attachment":[{"href":"https:\/\/radiozapatista.org\/index.php?rest_route=%2Fwp%2Fv2%2Fmedia&parent=36867"}],"wp:term":[{"taxonomy":"category","embeddable":true,"href":"https:\/\/radiozapatista.org\/index.php?rest_route=%2Fwp%2Fv2%2Fcategories&post=36867"},{"taxonomy":"post_tag","embeddable":true,"href":"https:\/\/radiozapatista.org\/index.php?rest_route=%2Fwp%2Fv2%2Ftags&post=36867"}],"curies":[{"name":"wp","href":"https:\/\/api.w.org\/{rel}","templated":true}]}}