{"id":36865,"date":"2021-02-23T16:59:26","date_gmt":"2021-02-23T22:59:26","guid":{"rendered":"https:\/\/radiozapatista.org\/?p=36865"},"modified":"2021-02-23T16:59:26","modified_gmt":"2021-02-23T22:59:26","slug":"comunicado-del-consejo-general-del-pueblo-indigena-de-san-juan-de-la-laguna","status":"publish","type":"post","link":"https:\/\/radiozapatista.org\/?p=36865","title":{"rendered":"Comunicado del Consejo General del Pueblo Ind\u00edgena de San Juan de la Laguna"},"content":{"rendered":"<p><\/p>\n<div class=\"post-content-container\">\n<div class=\"post-content entry-content cf\">\n<p style=\"text-align: right;\">Lagos de Moreno, Jalisco, San Juan de la Laguna, a 18 de febrero del 2021<\/p>\n<p>A las compa\u00f1eras y los compa\u00f1eros de otras luchas.<br \/>\nA las organizaciones de apoyo a las luchas en defensa del Territorio, el Agua, la Vida y la Madre Tierra.<br \/>\nA los Pueblos que conforman el Congreso Nacional Ind\u00edgena.<br \/>\nA las y los periodistas de los medios libres.<\/p>\n<p>El Consejo General del Pueblo Ind\u00edgena de San Juan de la Laguna, informamos:<\/p>\n<p>Durante los d\u00edas 26, 27 y 28 de febrero, 5,6 y 7 de marzo, el Pueblo de San Juan de la Laguna, a trav\u00e9s del Consejo General del Pueblo Ind\u00edgena de San Juan de la Laguna, llevar\u00e1 a cabo las tareas<br \/>\nnecesarias para la producci\u00f3n de un video documental en el que se relate la problem\u00e1tica hist\u00f3rica<br \/>\ndel despojo y violaci\u00f3n a los derechos de nuestro pueblo, con un \u00e9nfasis especial en la problem\u00e1tica que la instalaci\u00f3n de un gasoducto en nuestros territorios nos ha tra\u00eddo.<br \/>\nEntendemos que la lucha que actualmente sostenemos no tiene l\u00edmites territoriales espec\u00edficos,<br \/>\ndado que el Capital no reconoce fronteras, por lo que los trabajos est\u00e1n encaminados para alcanzar,<br \/>\ndesde otras plataformas de comunicaci\u00f3n, un dialog\u00f3 con otras luchas y con otros ojos, as\u00ed como la reflexi\u00f3n al interior de nuestro propio Pueblo.<br \/>\nEl producto final que esperamos obtener nos ayudar\u00e1 en las siguientes tareas:<br \/>\nA) Fortalecer la identidad de nuestro Pueblo, erosionada por el sistema pol\u00edtico y econ\u00f3mico<br \/>\nde nuestro pa\u00eds, representado en los partidos pol\u00edticos.<br \/>\nB) Compartir con otras luchas nuestras maneras de combatir los ataques f\u00edsicos, pol\u00edticos, econ\u00f3micos y a nuestros esp\u00edritus, que los gobiernos guiados por el capital, nos hacen<br \/>\nconstantemente.<\/p>\n<p>C) Documentar de manera v\u00edvida los efectos nocivos a la vida comunitaria que conllevan los megaproyectos, a\u00fan en la mediana escala, como lo es el ramal de gasoducto que se instal\u00f3 mediante el uso de la fuerza en nuestro territorio.<\/p>\n<p>Son estos los motivos que nos mueven ahora a invitarlas e invitarlos a participar de estos trabajos con las siguientes acciones:<\/p>\n<p>1: Mantenerse pendientes de nuestro pueblo durante los d\u00edas de trabajo, para que estos puedan realizarse con un respaldo de seguridad para el equipo de producci\u00f3n, as\u00ed como de los habitantes de San Juan de la Laguna.<\/p>\n<p>2: Manifestar su aprobaci\u00f3n para que, en las acreditaciones que el Consejo General del Pueblo Ind\u00edgena de San Juan de la Laguna elaborar\u00e1 para el equipo de producci\u00f3n, aparezca la firma de su organizaci\u00f3n como respaldo a estos trabajos.<\/p>\n<p>3: Manifestar su aprobaci\u00f3n para que en el producto final aparezca la firma de su organizaci\u00f3n como respaldo a estos trabajos a modo garant\u00eda de seguridad para los participantes en el documental.<\/p>\n<p>4: Manifestar su deseo y aprobaci\u00f3n para difundir el documental una vez realizado a trav\u00e9s de sus medios y en las formas que consideren apropiadas para su organizaci\u00f3n.<\/p>\n<p>Sin m\u00e1s que informar por el momento, nos despedimos agradecidos de la atenci\u00f3n.<\/p>\n<p>Para manifestar su apoyo y\/o aprobaci\u00f3n para cada una de las invitaciones, es necesario que respondan de manera afirmativa, indicando cada una de las acciones en las cuales desean participar, al siguiente correo electr\u00f3nico, indicando el nombre de su organizaci\u00f3n y la forma en que desean aparezca su firma.<\/p>\n<p>Sparring_loto@hotmail.com<\/p>\n<p>O mediante mensaje a los contactos de la p\u00e1gina en facebook<\/p>\n<p>@Consejo General del Pueblo Ind\u00edgena de San Juan de la Laguna<\/p>\n<p>#Somosra\u00edzdefuerza<\/p>\n<\/div>\n<\/div>\n<p><\/p>","protected":false},"excerpt":{"rendered":"<p>Lagos de Moreno, Jalisco, San Juan de la Laguna, a 18 de febrero del 2021 A las compa\u00f1eras y los compa\u00f1eros de otras luchas. A las organizaciones de apoyo a las luchas en defensa del Territorio, el Agua, la Vida y la Madre Tierra. A los Pueblos que conforman el Congreso Nacional Ind\u00edgena. A las [&hellip;]<\/p>\n","protected":false},"author":13,"featured_media":0,"comment_status":"open","ping_status":"closed","sticky":false,"template":"","format":"standard","meta":{"footnotes":""},"categories":[943,954,183,935],"tags":[],"class_list":["post-36865","post","type-post","status-publish","format-standard","hentry","category-cni","category-mexico","category-blog","category-temas"],"_links":{"self":[{"href":"https:\/\/radiozapatista.org\/index.php?rest_route=\/wp\/v2\/posts\/36865","targetHints":{"allow":["GET"]}}],"collection":[{"href":"https:\/\/radiozapatista.org\/index.php?rest_route=\/wp\/v2\/posts"}],"about":[{"href":"https:\/\/radiozapatista.org\/index.php?rest_route=\/wp\/v2\/types\/post"}],"author":[{"embeddable":true,"href":"https:\/\/radiozapatista.org\/index.php?rest_route=\/wp\/v2\/users\/13"}],"replies":[{"embeddable":true,"href":"https:\/\/radiozapatista.org\/index.php?rest_route=%2Fwp%2Fv2%2Fcomments&post=36865"}],"version-history":[{"count":1,"href":"https:\/\/radiozapatista.org\/index.php?rest_route=\/wp\/v2\/posts\/36865\/revisions"}],"predecessor-version":[{"id":36866,"href":"https:\/\/radiozapatista.org\/index.php?rest_route=\/wp\/v2\/posts\/36865\/revisions\/36866"}],"wp:attachment":[{"href":"https:\/\/radiozapatista.org\/index.php?rest_route=%2Fwp%2Fv2%2Fmedia&parent=36865"}],"wp:term":[{"taxonomy":"category","embeddable":true,"href":"https:\/\/radiozapatista.org\/index.php?rest_route=%2Fwp%2Fv2%2Fcategories&post=36865"},{"taxonomy":"post_tag","embeddable":true,"href":"https:\/\/radiozapatista.org\/index.php?rest_route=%2Fwp%2Fv2%2Ftags&post=36865"}],"curies":[{"name":"wp","href":"https:\/\/api.w.org\/{rel}","templated":true}]}}