{"id":36708,"date":"2021-02-10T20:07:08","date_gmt":"2021-02-11T02:07:08","guid":{"rendered":"https:\/\/radiozapatista.org\/?p=36708"},"modified":"2021-02-10T20:07:08","modified_gmt":"2021-02-11T02:07:08","slug":"entretormentas-en-alta-verapaz-las-inundaciones-descienden-pero-se-reporta-brote-de-fiebre-y-diarrea","status":"publish","type":"post","link":"https:\/\/radiozapatista.org\/?p=36708","title":{"rendered":"#EntreTormentas En Alta Verapaz las inundaciones descienden, pero se reporta brote de fiebre y diarrea"},"content":{"rendered":"<p><strong>Por El\u00edas Oxom<\/strong><\/p>\n<p>Tres meses despu\u00e9s del paso de las tormentas Eta e Iota, el nivel de las inundaciones empez\u00f3 a descender en la aldea Sesajal, de San Pedro Carch\u00e1, Alta Verapaz, seg\u00fan report\u00f3 la poblaci\u00f3n de ese lugar, donde el nivel del agua que se acumul\u00f3 por las lluvias alcanz\u00f3 unos 10 metros de altura e inund\u00f3 varias casas.<\/p>\n<p>Algunas personas damnificadas prev\u00e9n que aproximadamente tome otro mes, para que el nivel de las inundaciones descienda por completo de las casas, donde algunas sufrieron graves da\u00f1os al pasar tanto tiempo bajo el agua.<\/p>\n<div class=\"wp-block-image\">\n<figure class=\"aligncenter size-large\"><img loading=\"lazy\" decoding=\"async\" class=\"wp-image-62487 lazyloaded\" src=\"https:\/\/www.prensacomunitaria.org\/wp-content\/uploads\/2021\/02\/WhatsApp-Image-2021-02-05-at-1.46.25-PM.jpeg\" sizes=\"auto, (max-width: 1280px) 100vw, 1280px\" srcset=\"https:\/\/www.prensacomunitaria.org\/wp-content\/uploads\/2021\/02\/WhatsApp-Image-2021-02-05-at-1.46.25-PM.jpeg 1280w, https:\/\/www.prensacomunitaria.org\/wp-content\/uploads\/2021\/02\/WhatsApp-Image-2021-02-05-at-1.46.25-PM-300x135.jpeg 300w\" alt=\"\" width=\"1280\" height=\"576\" data-src=\"https:\/\/www.prensacomunitaria.org\/wp-content\/uploads\/2021\/02\/WhatsApp-Image-2021-02-05-at-1.46.25-PM.jpeg\" data-srcset=\"https:\/\/www.prensacomunitaria.org\/wp-content\/uploads\/2021\/02\/WhatsApp-Image-2021-02-05-at-1.46.25-PM.jpeg 1280w, https:\/\/www.prensacomunitaria.org\/wp-content\/uploads\/2021\/02\/WhatsApp-Image-2021-02-05-at-1.46.25-PM-300x135.jpeg 300w\" \/><\/figure>\n<\/div>\n<p>Una gran extensi\u00f3n de terreno que tambi\u00e9n estaba inundada ya se sec\u00f3, pero las personas que se dedican a la agricultura en esa regi\u00f3n no han podido sembrar y trabajar la tierra, porque tambi\u00e9n qued\u00f3 da\u00f1ada por los sedimentos arrastrados durante la inundaci\u00f3n; no obstante, esperan que despu\u00e9s de la \u00e9poca de verano, se encuentre en mejores condiciones para poder sembrar y as\u00ed producir la alimentaci\u00f3n necesaria para sus familias.<\/p>\n<div class=\"wp-block-image\">\n<figure class=\"aligncenter size-large\"><img loading=\"lazy\" decoding=\"async\" class=\"wp-image-62488 lazyloaded\" src=\"https:\/\/www.prensacomunitaria.org\/wp-content\/uploads\/2021\/02\/WhatsApp-Image-2021-02-05-at-1.44.54-PM.jpeg\" sizes=\"auto, (max-width: 1280px) 100vw, 1280px\" srcset=\"https:\/\/www.prensacomunitaria.org\/wp-content\/uploads\/2021\/02\/WhatsApp-Image-2021-02-05-at-1.44.54-PM.jpeg 1280w, https:\/\/www.prensacomunitaria.org\/wp-content\/uploads\/2021\/02\/WhatsApp-Image-2021-02-05-at-1.44.54-PM-300x135.jpeg 300w\" alt=\"\" width=\"1280\" height=\"576\" data-src=\"https:\/\/www.prensacomunitaria.org\/wp-content\/uploads\/2021\/02\/WhatsApp-Image-2021-02-05-at-1.44.54-PM.jpeg\" data-srcset=\"https:\/\/www.prensacomunitaria.org\/wp-content\/uploads\/2021\/02\/WhatsApp-Image-2021-02-05-at-1.44.54-PM.jpeg 1280w, https:\/\/www.prensacomunitaria.org\/wp-content\/uploads\/2021\/02\/WhatsApp-Image-2021-02-05-at-1.44.54-PM-300x135.jpeg 300w\" \/><\/figure>\n<\/div>\n<p>Seg\u00fan Santiago Quib Chub, actualmente varias familias que estaban albergadas en la misma aldea o en aldeas cercanas, ya han regresado a vivir a sus casas pero han reportado problemas con los techos que quedaron arruinados.\u00a0 Unas 80 familias todav\u00eda que est\u00e1n albergadas en la escuela, en el puesto de salud y en el sal\u00f3n de la referida comunidad, sobreviven gracias a la ayuda que sigue llegando de personas particulares, de organizaciones y de las aldeas cercanas a la comunidad.<\/p>\n<div class=\"wp-block-image\">\n<figure class=\"aligncenter size-large\"><img loading=\"lazy\" decoding=\"async\" class=\"wp-image-62489 lazyloaded\" src=\"https:\/\/www.prensacomunitaria.org\/wp-content\/uploads\/2021\/02\/WhatsApp-Image-2020-12-21-at-11.13.16-AM.jpeg\" sizes=\"auto, (max-width: 1280px) 100vw, 1280px\" srcset=\"https:\/\/www.prensacomunitaria.org\/wp-content\/uploads\/2021\/02\/WhatsApp-Image-2020-12-21-at-11.13.16-AM.jpeg 1280w, https:\/\/www.prensacomunitaria.org\/wp-content\/uploads\/2021\/02\/WhatsApp-Image-2020-12-21-at-11.13.16-AM-300x135.jpeg 300w\" alt=\"\" width=\"1280\" height=\"576\" data-src=\"https:\/\/www.prensacomunitaria.org\/wp-content\/uploads\/2021\/02\/WhatsApp-Image-2020-12-21-at-11.13.16-AM.jpeg\" data-srcset=\"https:\/\/www.prensacomunitaria.org\/wp-content\/uploads\/2021\/02\/WhatsApp-Image-2020-12-21-at-11.13.16-AM.jpeg 1280w, https:\/\/www.prensacomunitaria.org\/wp-content\/uploads\/2021\/02\/WhatsApp-Image-2020-12-21-at-11.13.16-AM-300x135.jpeg 300w\" \/><\/figure>\n<\/div>\n<p>El acceso a aldea ya qued\u00f3 habilitado por la ruta a Campur, Carch\u00e1, pero el acceso al municipio de Chisec que es el \u00e1rea urbana m\u00e1s cercana, todav\u00eda se encuentra inundado, esto dificulta el traslado de las personas y los productos de consumo diario y de v\u00edveres por esa ruta. Los lancheros que se encuentran en el \u00e1rea cobran Q10 quetzales de pasaje por persona, lo que ha significado un gasto exagerado para las personas que necesitan movilizarse.<\/p>\n<p>La Coordinadora para la Reducci\u00f3n de Desastres (Conred) ya realiz\u00f3 una primera visita a la aldea afectada y se tiene previsto que pr\u00f3ximamente realice un estudio para determinar si las condiciones de esa aldea son ideales para ser habitada.<\/p>\n<div class=\"wp-block-image\">\n<figure class=\"aligncenter size-large\"><img loading=\"lazy\" decoding=\"async\" class=\"wp-image-62491 lazyloaded\" src=\"https:\/\/www.prensacomunitaria.org\/wp-content\/uploads\/2021\/02\/WhatsApp-Image-2020-12-21-at-11.14.46-AM-1.jpeg\" sizes=\"auto, (max-width: 1280px) 100vw, 1280px\" srcset=\"https:\/\/www.prensacomunitaria.org\/wp-content\/uploads\/2021\/02\/WhatsApp-Image-2020-12-21-at-11.14.46-AM-1.jpeg 1280w, https:\/\/www.prensacomunitaria.org\/wp-content\/uploads\/2021\/02\/WhatsApp-Image-2020-12-21-at-11.14.46-AM-1-300x135.jpeg 300w\" alt=\"\" width=\"1280\" height=\"576\" data-src=\"https:\/\/www.prensacomunitaria.org\/wp-content\/uploads\/2021\/02\/WhatsApp-Image-2020-12-21-at-11.14.46-AM-1.jpeg\" data-srcset=\"https:\/\/www.prensacomunitaria.org\/wp-content\/uploads\/2021\/02\/WhatsApp-Image-2020-12-21-at-11.14.46-AM-1.jpeg 1280w, https:\/\/www.prensacomunitaria.org\/wp-content\/uploads\/2021\/02\/WhatsApp-Image-2020-12-21-at-11.14.46-AM-1-300x135.jpeg 300w\" \/><\/figure>\n<\/div>\n<p>La poblaci\u00f3n est\u00e1 consumiendo agua de lluvia que logran recolectar en algunos recipientes y siguen utilizando el agua de la inundaci\u00f3n para lavar la ropa, a pesar del fuerte olor a azufre que ahora tiene. Al momento, en ni\u00f1as, ni\u00f1os y las personas de la tercera edad se reporta un brote de fiebre, tos y diarrea que puede estar asociado al consumo de esas fuentes de agua.<\/p>","protected":false},"excerpt":{"rendered":"<p>Por El\u00edas Oxom Tres meses despu\u00e9s del paso de las tormentas Eta e Iota, el nivel de las inundaciones empez\u00f3 a descender en la aldea Sesajal, de San Pedro Carch\u00e1, Alta Verapaz, seg\u00fan report\u00f3 la poblaci\u00f3n de ese lugar, donde el nivel del agua que se acumul\u00f3 por las lluvias alcanz\u00f3 unos 10 metros de [&hellip;]<\/p>\n","protected":false},"author":21,"featured_media":0,"comment_status":"open","ping_status":"closed","sticky":false,"template":"","format":"standard","meta":{"footnotes":""},"categories":[51,1284,826,183,935],"tags":[58,53,1305,87,148,27],"class_list":["post-36708","post","type-post","status-publish","format-standard","hentry","category-autor","category-latinoamerica","category-medios-libres-2","category-blog","category-temas","tag-derechos-humanos","tag-justicia","tag-latinoamerica","tag-represion","tag-resistencia","tag-solidaridad"],"_links":{"self":[{"href":"https:\/\/radiozapatista.org\/index.php?rest_route=\/wp\/v2\/posts\/36708","targetHints":{"allow":["GET"]}}],"collection":[{"href":"https:\/\/radiozapatista.org\/index.php?rest_route=\/wp\/v2\/posts"}],"about":[{"href":"https:\/\/radiozapatista.org\/index.php?rest_route=\/wp\/v2\/types\/post"}],"author":[{"embeddable":true,"href":"https:\/\/radiozapatista.org\/index.php?rest_route=\/wp\/v2\/users\/21"}],"replies":[{"embeddable":true,"href":"https:\/\/radiozapatista.org\/index.php?rest_route=%2Fwp%2Fv2%2Fcomments&post=36708"}],"version-history":[{"count":1,"href":"https:\/\/radiozapatista.org\/index.php?rest_route=\/wp\/v2\/posts\/36708\/revisions"}],"predecessor-version":[{"id":36709,"href":"https:\/\/radiozapatista.org\/index.php?rest_route=\/wp\/v2\/posts\/36708\/revisions\/36709"}],"wp:attachment":[{"href":"https:\/\/radiozapatista.org\/index.php?rest_route=%2Fwp%2Fv2%2Fmedia&parent=36708"}],"wp:term":[{"taxonomy":"category","embeddable":true,"href":"https:\/\/radiozapatista.org\/index.php?rest_route=%2Fwp%2Fv2%2Fcategories&post=36708"},{"taxonomy":"post_tag","embeddable":true,"href":"https:\/\/radiozapatista.org\/index.php?rest_route=%2Fwp%2Fv2%2Ftags&post=36708"}],"curies":[{"name":"wp","href":"https:\/\/api.w.org\/{rel}","templated":true}]}}