{"id":36655,"date":"2021-02-02T16:20:45","date_gmt":"2021-02-02T22:20:45","guid":{"rendered":"https:\/\/radiozapatista.org\/?p=36655"},"modified":"2021-02-02T16:20:45","modified_gmt":"2021-02-02T22:20:45","slug":"nebaj-autoridades-indigenas-piden-al-estado-atender-causas-estructurales-de-migracion","status":"publish","type":"post","link":"https:\/\/radiozapatista.org\/?p=36655","title":{"rendered":"Nebaj: autoridades ind\u00edgenas piden al Estado atender causas estructurales de migraci\u00f3n"},"content":{"rendered":"<p><\/p>\n<section class=\"elementor-section elementor-top-section elementor-element elementor-element-8ebf256 elementor-section-boxed elementor-section-height-default elementor-section-height-default\" data-id=\"8ebf256\" data-element_type=\"section\">\n<div class=\"elementor-container elementor-column-gap-default\">\n<div class=\"elementor-row\">\n<div class=\"elementor-column elementor-col-100 elementor-top-column elementor-element elementor-element-e6c2702\" data-id=\"e6c2702\" data-element_type=\"column\">\n<div class=\"elementor-column-wrap elementor-element-populated\">\n<div class=\"elementor-widget-wrap\">\n<div class=\"elementor-element elementor-element-1f633c3 elementor-widget elementor-widget-text-editor\" data-id=\"1f633c3\" data-element_type=\"widget\" data-widget_type=\"text-editor.default\">\n<div class=\"elementor-widget-container\">\n<div class=\"elementor-text-editor elementor-clearfix\">Cr\u00e9ditos: Feliciana Herrera<\/div>\n<\/div>\n<\/div>\n<\/div>\n<\/div>\n<\/div>\n<\/div>\n<\/div>\n<\/section>\n<section class=\"elementor-section elementor-top-section elementor-element elementor-element-06a2eb5 elementor-section-boxed elementor-section-height-default elementor-section-height-default\" data-id=\"06a2eb5\" data-element_type=\"section\">\n<div class=\"elementor-container elementor-column-gap-default\">\n<div class=\"elementor-row\">\n<div class=\"elementor-column elementor-col-100 elementor-top-column elementor-element elementor-element-fc102fd\" data-id=\"fc102fd\" data-element_type=\"column\">\n<div class=\"elementor-column-wrap elementor-element-populated\">\n<div class=\"elementor-widget-wrap\">\n<div class=\"elementor-element elementor-element-62b5c61 elementor-widget elementor-widget-theme-post-content\" data-id=\"62b5c61\" data-element_type=\"widget\" data-widget_type=\"theme-post-content.default\">\n<div class=\"elementor-widget-container\">\n<p class=\"has-text-align-right\">Por: Feliciana Herrera<\/p>\n<p>Las Autoridades Ind\u00edgenas del pueblo Ixil de Nebaj manifestaron este d\u00eda que, aunque ven con buenos ojos cualquier tipo de apoyo que sirva para el beneficio de las comunidades, recalcaron que es importante que el Estado se enfoque en acciones estructurales que cambien las condiciones de fondo que hacen migrar a la poblaci\u00f3n, entre ellas la corrupci\u00f3n. Las declaraciones fueron hechas a prop\u00f3sito de un programa impulsado por la agencia de cooperaci\u00f3n de EE. UU y un grupo de empresas privadas.<\/p>\n<p>Este martes fue inaugurado en Nebaj un proyecto educativo y t\u00e9cnico denominado Alianza por la Educaci\u00f3n, del Proyecto Puentes de la Agencia de los Estados Unidos para el Desarrollo (USAID) y otras nueve organizaciones, entre ellas Fundaci\u00f3n Tigo, que buscan capacitar a 150 j\u00f3venes en el uso del programa de computaci\u00f3n Excell, para evitar la migraci\u00f3n o para lograr su reinserci\u00f3n laboral luego de una deportaci\u00f3n.<\/p>\n<p>El alcalde municipal de Nebaj, Virgilio Jer\u00f3nimo Bernal, recibi\u00f3 a Mario L\u00f3pez vicepresidente de la Fundaci\u00f3n Tigo, el embajador de Estados Unidos en Guatemala, William Pop y a la ministra Claudia Ruiz del Ministerio de Educaci\u00f3n.<\/p>\n<div class=\"wp-block-image\">\n<figure class=\"aligncenter size-large\"><img loading=\"lazy\" decoding=\"async\" class=\"wp-image-62167 lazyloaded\" src=\"https:\/\/www.prensacomunitaria.org\/wp-content\/uploads\/2021\/02\/tigo-EEUU.jpg\" sizes=\"auto, (max-width: 1040px) 100vw, 1040px\" srcset=\"https:\/\/www.prensacomunitaria.org\/wp-content\/uploads\/2021\/02\/tigo-EEUU.jpg 1040w, https:\/\/www.prensacomunitaria.org\/wp-content\/uploads\/2021\/02\/tigo-EEUU-300x225.jpg 300w\" alt=\"\" width=\"1040\" height=\"780\" data-src=\"https:\/\/www.prensacomunitaria.org\/wp-content\/uploads\/2021\/02\/tigo-EEUU.jpg\" data-srcset=\"https:\/\/www.prensacomunitaria.org\/wp-content\/uploads\/2021\/02\/tigo-EEUU.jpg 1040w, https:\/\/www.prensacomunitaria.org\/wp-content\/uploads\/2021\/02\/tigo-EEUU-300x225.jpg 300w\" \/><figcaption>Feliciana Herrera.<\/figcaption><\/figure>\n<\/div>\n<p>Miguel De Le\u00f3n, autoridad comunal, manifest\u00f3 que las autoridades ind\u00edgenas ixiles se enteraron del evento a trav\u00e9s de los medios de comunicaci\u00f3n y desconoc\u00edan mayores detalles del proyecto. \u201cLa migraci\u00f3n no es porque las personas quieran, es porque no hay empleo ni pol\u00edticas p\u00fablicas que vayan dirigidas a resolver las problem\u00e1ticas como la falta de educaci\u00f3n\u201d.<\/p>\n<p>La autoridad a\u00f1adi\u00f3 que las personas que han migrado a Estados Unidos, principalmente, no ven otra salida a la falta de atenci\u00f3n de parte del gobierno. \u201cEso no se puede solucionar con programas peque\u00f1os, se necesitan soluciones grandes y estructurales desde el Estado, y claro que los pa\u00edses amigos puedan contribuir\u201d, indic\u00f3.<\/p>\n<p>Otra de las preocupaciones de las autoridades ind\u00edgenas refiere a que la ministra de educaci\u00f3n presente \u201ccomo un gran proyecto la atenci\u00f3n a 150 j\u00f3venes, cuando somos unos 100 mil habitantes. No est\u00e1 malo apoyar a los beneficiarios, pero no es suficiente\u201d, insisti\u00f3 De Le\u00f3n.<\/p>\n<p>Para las autoridades ind\u00edgenas es impostergable que se erradique la corrupci\u00f3n para poder abordar el desarrollo del pa\u00eds. \u201cEn un pa\u00eds donde existan corruptos, donde exista la impunidad y donde la justicia no funciona, nada se va a solucionar y los m\u00e1s golpeados seguiremos siendo los que siempre quedamos excluidos\u201d, puntualiz\u00f3 De Le\u00f3n.<\/p>\n<p><strong>Capacitaci\u00f3n t\u00e9cnica<\/strong><\/p>\n<p>A trav\u00e9s del Instituto T\u00e9cnico de Capacitaci\u00f3n y Productividad (INTECAP) los j\u00f3venes que han participado en este programa recibieron capacitaci\u00f3n en elaboraci\u00f3n de \u201cantojitos guatemaltecos\u201d y cursos de computaci\u00f3n.<\/p>\n<p>Para el caso de Nebaj recibir\u00e1n capacitaci\u00f3n en Excell y Fundaci\u00f3n Tigo aportar\u00e1 internet m\u00f3vil a la vivienda de los beneficiarios y computadoras.<\/p>\n<\/div>\n<\/div>\n<\/div>\n<\/div>\n<\/div>\n<\/div>\n<\/div>\n<\/section>\n<p><\/p>","protected":false},"excerpt":{"rendered":"<p>Cr\u00e9ditos: Feliciana Herrera Por: Feliciana Herrera Las Autoridades Ind\u00edgenas del pueblo Ixil de Nebaj manifestaron este d\u00eda que, aunque ven con buenos ojos cualquier tipo de apoyo que sirva para el beneficio de las comunidades, recalcaron que es importante que el Estado se enfoque en acciones estructurales que cambien las condiciones de fondo que hacen [&hellip;]<\/p>\n","protected":false},"author":21,"featured_media":36656,"comment_status":"open","ping_status":"closed","sticky":false,"template":"","format":"standard","meta":{"footnotes":""},"categories":[51,826,183],"tags":[58,1305,567,30,147,41,23,545,87,148,27,483],"class_list":["post-36655","post","type-post","status-publish","format-standard","has-post-thumbnail","hentry","category-autor","category-medios-libres-2","category-blog","tag-derechos-humanos","tag-latinoamerica","tag-megaproyectos","tag-migracion","tag-militarizacion","tag-mujeres","tag-paramilitares","tag-pueblos-indigenas","tag-represion","tag-resistencia","tag-solidaridad","tag-tierra-y-territorio"],"_links":{"self":[{"href":"https:\/\/radiozapatista.org\/index.php?rest_route=\/wp\/v2\/posts\/36655","targetHints":{"allow":["GET"]}}],"collection":[{"href":"https:\/\/radiozapatista.org\/index.php?rest_route=\/wp\/v2\/posts"}],"about":[{"href":"https:\/\/radiozapatista.org\/index.php?rest_route=\/wp\/v2\/types\/post"}],"author":[{"embeddable":true,"href":"https:\/\/radiozapatista.org\/index.php?rest_route=\/wp\/v2\/users\/21"}],"replies":[{"embeddable":true,"href":"https:\/\/radiozapatista.org\/index.php?rest_route=%2Fwp%2Fv2%2Fcomments&post=36655"}],"version-history":[{"count":1,"href":"https:\/\/radiozapatista.org\/index.php?rest_route=\/wp\/v2\/posts\/36655\/revisions"}],"predecessor-version":[{"id":36657,"href":"https:\/\/radiozapatista.org\/index.php?rest_route=\/wp\/v2\/posts\/36655\/revisions\/36657"}],"wp:featuredmedia":[{"embeddable":true,"href":"https:\/\/radiozapatista.org\/index.php?rest_route=\/wp\/v2\/media\/36656"}],"wp:attachment":[{"href":"https:\/\/radiozapatista.org\/index.php?rest_route=%2Fwp%2Fv2%2Fmedia&parent=36655"}],"wp:term":[{"taxonomy":"category","embeddable":true,"href":"https:\/\/radiozapatista.org\/index.php?rest_route=%2Fwp%2Fv2%2Fcategories&post=36655"},{"taxonomy":"post_tag","embeddable":true,"href":"https:\/\/radiozapatista.org\/index.php?rest_route=%2Fwp%2Fv2%2Ftags&post=36655"}],"curies":[{"name":"wp","href":"https:\/\/api.w.org\/{rel}","templated":true}]}}