{"id":36516,"date":"2021-01-19T19:08:59","date_gmt":"2021-01-20T01:08:59","guid":{"rendered":"https:\/\/radiozapatista.org\/?p=36516"},"modified":"2021-01-19T19:08:59","modified_gmt":"2021-01-20T01:08:59","slug":"pese-a-la-represion-y-el-impedimento-de-su-paso-migrantes-siguen-en-territorio-guatemalteco","status":"publish","type":"post","link":"https:\/\/radiozapatista.org\/?p=36516","title":{"rendered":"Pese a la represi\u00f3n y el impedimento de su paso, migrantes siguen en territorio guatemalteco"},"content":{"rendered":"<p>La polic\u00eda y soldados guatemaltecos rociaron gas lacrim\u00f3geno y utilizaron sus garrotes y escudos sobre la caravana de migrantes hondure\u00f1os y hondure\u00f1as que intenta cruzar territorio guatemalteco.<\/p>\n<p>El bloqueo policial y militar fue montado estrat\u00e9gicamente en un cuello de botella en la carretera de dos carriles hacia Chiquimula, en un \u00e1rea conocida como Vado Hondo.<\/p>\n<figure class=\"wp-block-image size-large\"><img loading=\"lazy\" decoding=\"async\" class=\"wp-image-19183 lazyloaded\" src=\"https:\/\/radioprogresohn.net\/wp-content\/uploads\/2021\/01\/Primera-Caravana-migrante-2021-18-de-enero9-1024x632.jpg\" sizes=\"auto, (max-width: 1024px) 100vw, 1024px\" srcset=\"https:\/\/radioprogresohn.net\/wp-content\/uploads\/2021\/01\/Primera-Caravana-migrante-2021-18-de-enero9-1024x632.jpg 1024w, https:\/\/radioprogresohn.net\/wp-content\/uploads\/2021\/01\/Primera-Caravana-migrante-2021-18-de-enero9-300x185.jpg 300w, https:\/\/radioprogresohn.net\/wp-content\/uploads\/2021\/01\/Primera-Caravana-migrante-2021-18-de-enero9-768x474.jpg 768w, https:\/\/radioprogresohn.net\/wp-content\/uploads\/2021\/01\/Primera-Caravana-migrante-2021-18-de-enero9.jpg 1280w\" alt=\"\" width=\"1024\" height=\"632\" data-srcset=\"https:\/\/radioprogresohn.net\/wp-content\/uploads\/2021\/01\/Primera-Caravana-migrante-2021-18-de-enero9-1024x632.jpg 1024w, https:\/\/radioprogresohn.net\/wp-content\/uploads\/2021\/01\/Primera-Caravana-migrante-2021-18-de-enero9-300x185.jpg 300w, https:\/\/radioprogresohn.net\/wp-content\/uploads\/2021\/01\/Primera-Caravana-migrante-2021-18-de-enero9-768x474.jpg 768w, https:\/\/radioprogresohn.net\/wp-content\/uploads\/2021\/01\/Primera-Caravana-migrante-2021-18-de-enero9.jpg 1280w\" data-src=\"https:\/\/radioprogresohn.net\/wp-content\/uploads\/2021\/01\/Primera-Caravana-migrante-2021-18-de-enero9-1024x632.jpg\" data-sizes=\"(max-width: 1024px) 100vw, 1024px\" \/><\/figure>\n<p>La caravana, que sali\u00f3 desde el viernes anterior de la terminal de buses en San Pedro Sula, sigue con m\u00e1s de cinco mil integrantes. Muchos migrantes fueron obligados a regresar por las autoridades guatemaltecas pero el grueso de la misma sigue instalada en Vado Hondo.<\/p>\n<p>Los migrantes han pasado una noche muy fr\u00eda en Vado Hondo, Chiquimula, Guatemala. Los migrantes permanecen all\u00ed sin poder pasar por el bloqueo policial y militar que ha impuesto el gobierno de Guatemala. No hay alimentos ni acceso al agua. Las tiendas cercanas cerraron sus puertas.<\/p>\n<figure class=\"wp-block-image size-large\"><img loading=\"lazy\" decoding=\"async\" class=\"wp-image-19184 lazyloading\" src=\"https:\/\/radioprogresohn.net\/wp-content\/uploads\/2021\/01\/Primera-Caravana-migrante-2021-18-de-enero11-1024x641.jpg\" sizes=\"auto, (max-width: 1024px) 100vw, 1024px\" srcset=\"https:\/\/radioprogresohn.net\/wp-content\/uploads\/2021\/01\/Primera-Caravana-migrante-2021-18-de-enero11-1024x641.jpg 1024w, https:\/\/radioprogresohn.net\/wp-content\/uploads\/2021\/01\/Primera-Caravana-migrante-2021-18-de-enero11-300x188.jpg 300w, https:\/\/radioprogresohn.net\/wp-content\/uploads\/2021\/01\/Primera-Caravana-migrante-2021-18-de-enero11-768x481.jpg 768w, https:\/\/radioprogresohn.net\/wp-content\/uploads\/2021\/01\/Primera-Caravana-migrante-2021-18-de-enero11.jpg 1280w\" alt=\"\" width=\"1024\" height=\"641\" data-srcset=\"https:\/\/radioprogresohn.net\/wp-content\/uploads\/2021\/01\/Primera-Caravana-migrante-2021-18-de-enero11-1024x641.jpg 1024w, https:\/\/radioprogresohn.net\/wp-content\/uploads\/2021\/01\/Primera-Caravana-migrante-2021-18-de-enero11-300x188.jpg 300w, https:\/\/radioprogresohn.net\/wp-content\/uploads\/2021\/01\/Primera-Caravana-migrante-2021-18-de-enero11-768x481.jpg 768w, https:\/\/radioprogresohn.net\/wp-content\/uploads\/2021\/01\/Primera-Caravana-migrante-2021-18-de-enero11.jpg 1280w\" data-src=\"https:\/\/radioprogresohn.net\/wp-content\/uploads\/2021\/01\/Primera-Caravana-migrante-2021-18-de-enero11-1024x641.jpg\" data-sizes=\"(max-width: 1024px) 100vw, 1024px\" \/><\/figure>\n<p><\/p>","protected":false},"excerpt":{"rendered":"<p>La polic\u00eda y soldados guatemaltecos rociaron gas lacrim\u00f3geno y utilizaron sus garrotes y escudos sobre la caravana de migrantes hondure\u00f1os y hondure\u00f1as que intenta cruzar territorio guatemalteco. El bloqueo policial y militar fue montado estrat\u00e9gicamente en un cuello de botella en la carretera de dos carriles hacia Chiquimula, en un \u00e1rea conocida como Vado Hondo. [&hellip;]<\/p>\n","protected":false},"author":21,"featured_media":36517,"comment_status":"open","ping_status":"closed","sticky":false,"template":"","format":"standard","meta":{"footnotes":""},"categories":[51,1284,826,959,961,960,935],"tags":[58,572,53,1305,30,147,545,87,148,27],"class_list":["post-36516","post","type-post","status-publish","format-standard","has-post-thumbnail","hentry","category-autor","category-latinoamerica","category-medios-libres-2","category-migracion","category-mujeres","category-ninxs","category-temas","tag-derechos-humanos","tag-desplazados","tag-justicia","tag-latinoamerica","tag-migracion","tag-militarizacion","tag-pueblos-indigenas","tag-represion","tag-resistencia","tag-solidaridad"],"_links":{"self":[{"href":"https:\/\/radiozapatista.org\/index.php?rest_route=\/wp\/v2\/posts\/36516","targetHints":{"allow":["GET"]}}],"collection":[{"href":"https:\/\/radiozapatista.org\/index.php?rest_route=\/wp\/v2\/posts"}],"about":[{"href":"https:\/\/radiozapatista.org\/index.php?rest_route=\/wp\/v2\/types\/post"}],"author":[{"embeddable":true,"href":"https:\/\/radiozapatista.org\/index.php?rest_route=\/wp\/v2\/users\/21"}],"replies":[{"embeddable":true,"href":"https:\/\/radiozapatista.org\/index.php?rest_route=%2Fwp%2Fv2%2Fcomments&post=36516"}],"version-history":[{"count":1,"href":"https:\/\/radiozapatista.org\/index.php?rest_route=\/wp\/v2\/posts\/36516\/revisions"}],"predecessor-version":[{"id":36518,"href":"https:\/\/radiozapatista.org\/index.php?rest_route=\/wp\/v2\/posts\/36516\/revisions\/36518"}],"wp:featuredmedia":[{"embeddable":true,"href":"https:\/\/radiozapatista.org\/index.php?rest_route=\/wp\/v2\/media\/36517"}],"wp:attachment":[{"href":"https:\/\/radiozapatista.org\/index.php?rest_route=%2Fwp%2Fv2%2Fmedia&parent=36516"}],"wp:term":[{"taxonomy":"category","embeddable":true,"href":"https:\/\/radiozapatista.org\/index.php?rest_route=%2Fwp%2Fv2%2Fcategories&post=36516"},{"taxonomy":"post_tag","embeddable":true,"href":"https:\/\/radiozapatista.org\/index.php?rest_route=%2Fwp%2Fv2%2Ftags&post=36516"}],"curies":[{"name":"wp","href":"https:\/\/api.w.org\/{rel}","templated":true}]}}