{"id":36052,"date":"2020-11-24T19:59:58","date_gmt":"2020-11-25T01:59:58","guid":{"rendered":"https:\/\/radiozapatista.org\/?p=36052"},"modified":"2020-12-01T07:59:06","modified_gmt":"2020-12-01T13:59:06","slug":"r-aida-hernandez-castillo-contra-la-violencia-acordamos-vivir","status":"publish","type":"post","link":"https:\/\/radiozapatista.org\/?p=36052","title":{"rendered":"R. A\u00edda Hern\u00e1ndez Castillo*: Contra la violencia, acordamos vivir"},"content":{"rendered":"<p><img decoding=\"async\" src=\"https:\/\/mujeresylasextaorg.files.wordpress.com\/2020\/11\/32b640d6-72a9-4d5d-8e65-d891da5bb154.jpg?w=1024\" sizes=\"(max-width: 1600px) 808px, 100vw\" srcset=\"https:\/\/mujeresylasextaorg.files.wordpress.com\/2020\/11\/32b640d6-72a9-4d5d-8e65-d891da5bb154.jpg?w=1024 1024w, https:\/\/mujeresylasextaorg.files.wordpress.com\/2020\/11\/32b640d6-72a9-4d5d-8e65-d891da5bb154.jpg?w=150 150w, https:\/\/mujeresylasextaorg.files.wordpress.com\/2020\/11\/32b640d6-72a9-4d5d-8e65-d891da5bb154.jpg?w=300 300w, https:\/\/mujeresylasextaorg.files.wordpress.com\/2020\/11\/32b640d6-72a9-4d5d-8e65-d891da5bb154.jpg?w=768 768w, https:\/\/mujeresylasextaorg.files.wordpress.com\/2020\/11\/32b640d6-72a9-4d5d-8e65-d891da5bb154.jpg 1280w\" alt=\"\" \/><\/p>\n<p class=\"s-s\">En el marco de la conmemoraci\u00f3n del D\u00eda Internacional de la Eliminaci\u00f3n de la Violencia contra la Mujer, quisiera recordar un compromiso que hicimos hace m\u00e1s de dos a\u00f1os quienes asistimos al primer Encuentro Internacional de Mujeres que Luchan, en el municipio aut\u00f3nomo zapatista 17 de Noviembre. En marzo de 2018 unas 9 mil mujeres de distintas regiones del mundo hicimos un compromiso con unas 2 mil mujeres zapatistas: acordamos vivir. En el cierre del encuentro, una de las representantes zapatistas se\u00f1al\u00f3: <q>Aqu\u00ed, delante de todas las que somos, les proponemos que acordemos seguir vivas y seguir luchando, cada quien, seg\u00fan su modo, su tiempo y su mundo<\/q>.<\/p>\n<p>Esta promesa, aparentemente sencilla, es un reto en el pa\u00eds que acu\u00f1\u00f3 la palabra feminicidio, donde tan s\u00f3lo en este a\u00f1o la violencia feminicida aument\u00f3 en 145 por ciento, seg\u00fan cifras oficiales, con un saldo de 645 mujeres asesinadas a la fecha. Acordar vivir es un compromiso dif\u00edcil en un pa\u00eds que se ha convertido en un gran cementerio, donde para octubre de este a\u00f1o se hab\u00edan documentado 3 mil 92 fosas clandestinas, seg\u00fan la Comisi\u00f3n Nacional de B\u00fasqueda, y segu\u00edan sin se hallados unos 70 mil desaparecidos. Hace dos a\u00f1os, frente a las mujeres zapatistas, encendimos una vela y nos comprometimos a prenderla de nuevo cuando sinti\u00e9ramos que necesit\u00e1bamos iluminar alguna lucha. Prometimos llevarla a las desaparecidas, a las asesinadas, a las presas, a las violadas, a las golpeadas, a las acosadas, a las migrantes, a las explotadas, a las violentadas de todas las formas y decirles que no estaban solas y que \u00edbamos a luchar por ellas, \u201cpor la verdad y la justicia que merece su dolor [\u2026] porque el dolor que carga no se vuelva a repetir en cualquier parte del mundo\u201d.<\/p>\n<p>Hoy quiero encender esta vela por nuestras hermanas que sufren en el estado de Chiapas el acoso de los grupos paramilitares. Por las mujeres desplazadas de Aldama, que han tenido que dejar su tierra, sus cultivos, su comunidad, para protegerse y salvar la vida de sus hijos e hijas ante la violencia paramilitar. Por la hermana Mar\u00eda Isabel Hern\u00e1ndez, quien el 18 de noviembre pasado fue herida de bala en una pierna, cuando intentaba llevar ayuda humanitaria a los pobladores de Tabak y Coko, en el municipio de Aldama. Por todas las mujeres que ahora viven con miedo en un contexto de impunidad, donde las t\u00e9cnicas de terror, las armas y los hombres que provocaron la masacre de Acteal, el 22 de diciembre de 1997, han reactivado la\u00a0<q>guerra de baja intensidad<\/q>\u00a0contra las bases de apoyo zapatistas y las comunidades que simpatizan con su lucha.<\/p>\n<p>Hace 23 a\u00f1os, la masacre de 20 mujeres, siete de ellas embarazadas, 16 ni\u00f1os y ni\u00f1as y nueve adultos, trat\u00f3 de justificarse con el argumento de que se trat\u00f3 de\u00a0<q>pugnas intracomunitarias<\/q>. En ese entonces en el libro colectivo\u00a0<em>La otra palabra: mujeres y violencia en Chiapas; antes y despu\u00e9s de Acteal<\/em>\u00a0(1998) (http:\/\/<a href=\"https:\/\/www.rosalvaaidahernandez.com\/wp-content\/uploads\/2019\/12\/1998-LIBROS-La-Otra-Palabra-PDF.pdf\" target=\"_blank\" rel=\"noreferrer noopener\">www.rosalvaaidahernandez.com\/ wp-content\/uploads\/2019\/12\/1998- LIBROS-La-Otra-Palabra-PDF.pdf<\/a>) documentamos los procesos hist\u00f3ricos de formaci\u00f3n de grupos paramilitares en Chiapas. Ante las perspectivas racistas que trataban de justificar las mutilaciones corporales y las violencias extremas como pr\u00e1cticas culturales mayas, argumentamos que se trataba de una cultura militarista de muerte, trasnacional que cruza las fronteras junto con las armas y que tiene centros de adiestramiento como la Escuela de las Am\u00e9ricas. Hoy de nuevo se trata de argumentar que el conflicto entre los habitantes de Aldama y San Pedro Chenalh\u00f3 se reduce a pugnas intracomunitarias por 60 hect\u00e1reas de tierra. Es importante reconocer que estos conflictos se profundizaron con la intervenci\u00f3n gubernamental mediante el Programa de Certificaci\u00f3n de Derechos Ejidales y Titulaci\u00f3n de Solares (Procede), que permiti\u00f3 que terrenos comunales de Aldama quedaran bajo control de las autoridades de San Pedro Chenalh\u00f3. Pero, sobre todo, posibilit\u00f3 la circulaci\u00f3n y uso de armas de alto poder, cambiando por completo los estilos de negociaci\u00f3n y conflicto en la regi\u00f3n.<\/p>\n<p>La paramilitarizaci\u00f3n de las pugnas comunitarias ha sido parte de la guerra de baja intensidad que ha acosado los territorios zapatistas desde hace casi tres d\u00e9cadas. Hoy urge encender una vela por nuestras hermanas zapatistas que viven los peligros de la violencia paramilitar. Ellas han hecho eco de nuestras luchas denunciando el feminicidio, la desaparici\u00f3n forzada y el acoso, problemas que no exist\u00edan en sus territorios aut\u00f3nomos, pero contra los que ellas se han movilizado en nuestro apoyo. Ahora nos corresponde levantar nuestras voces y denunciar la violencia paramilitar que las acecha.<\/p>\n<p><em>*Doctora en antropolog\u00eda, investigadora del CIESAS<\/em><\/p>","protected":false},"excerpt":{"rendered":"<p>En el marco de la conmemoraci\u00f3n del D\u00eda Internacional de la Eliminaci\u00f3n de la Violencia contra la Mujer, quisiera recordar un compromiso que hicimos hace m\u00e1s de dos a\u00f1os quienes asistimos al primer Encuentro Internacional de Mujeres que Luchan, en el municipio aut\u00f3nomo zapatista 17 de Noviembre. En marzo de 2018 unas 9 mil mujeres [&hellip;]<\/p>\n","protected":false},"author":21,"featured_media":36053,"comment_status":"open","ping_status":"closed","sticky":false,"template":"","format":"standard","meta":{"footnotes":""},"categories":[51,826,961],"tags":[917,36,58,782,53,147,41,148,27,483],"class_list":["post-36052","post","type-post","status-publish","format-standard","has-post-thumbnail","hentry","category-autor","category-medios-libres-2","category-mujeres","tag-chiapas","tag-comunidades-zapatistas","tag-derechos-humanos","tag-desplazamiento-forzado","tag-justicia","tag-militarizacion","tag-mujeres","tag-resistencia","tag-solidaridad","tag-tierra-y-territorio"],"_links":{"self":[{"href":"https:\/\/radiozapatista.org\/index.php?rest_route=\/wp\/v2\/posts\/36052","targetHints":{"allow":["GET"]}}],"collection":[{"href":"https:\/\/radiozapatista.org\/index.php?rest_route=\/wp\/v2\/posts"}],"about":[{"href":"https:\/\/radiozapatista.org\/index.php?rest_route=\/wp\/v2\/types\/post"}],"author":[{"embeddable":true,"href":"https:\/\/radiozapatista.org\/index.php?rest_route=\/wp\/v2\/users\/21"}],"replies":[{"embeddable":true,"href":"https:\/\/radiozapatista.org\/index.php?rest_route=%2Fwp%2Fv2%2Fcomments&post=36052"}],"version-history":[{"count":3,"href":"https:\/\/radiozapatista.org\/index.php?rest_route=\/wp\/v2\/posts\/36052\/revisions"}],"predecessor-version":[{"id":36150,"href":"https:\/\/radiozapatista.org\/index.php?rest_route=\/wp\/v2\/posts\/36052\/revisions\/36150"}],"wp:featuredmedia":[{"embeddable":true,"href":"https:\/\/radiozapatista.org\/index.php?rest_route=\/wp\/v2\/media\/36053"}],"wp:attachment":[{"href":"https:\/\/radiozapatista.org\/index.php?rest_route=%2Fwp%2Fv2%2Fmedia&parent=36052"}],"wp:term":[{"taxonomy":"category","embeddable":true,"href":"https:\/\/radiozapatista.org\/index.php?rest_route=%2Fwp%2Fv2%2Fcategories&post=36052"},{"taxonomy":"post_tag","embeddable":true,"href":"https:\/\/radiozapatista.org\/index.php?rest_route=%2Fwp%2Fv2%2Ftags&post=36052"}],"curies":[{"name":"wp","href":"https:\/\/api.w.org\/{rel}","templated":true}]}}