{"id":3601,"date":"2011-07-18T17:54:20","date_gmt":"2011-07-18T22:54:20","guid":{"rendered":"https:\/\/radiozapatista.org\/?p=3601"},"modified":"2020-01-25T07:54:13","modified_gmt":"2020-01-25T13:54:13","slug":"el-movimiento-estudiantil-en-chile-reportaje-desde-la-mega-marcha-en-santiago-el-14-de-julio-2011","status":"publish","type":"post","link":"https:\/\/radiozapatista.org\/?p=3601","title":{"rendered":"[:es]El movimiento estudiantil en Chile: Reportaje desde la mega-marcha en Santiago el 14 de julio 2011[:en]The student movement in Chile: Report from the mega-march in Santiago on July 14, 2011[:]"},"content":{"rendered":"<p>[:es]En este reportaje, salimos a la mega-marcha de estudiantes y trabajadores en Santiago de Chile el 14 de julio 2011, para escuchar las voces de los manifestantes en su lucha contra el neoliberalismo y por la democracia y la educaci\u00f3n p\u00fablica. Tambi\u00e9n hablamos con un activista de Santiago sobre la historia de la privatizaci\u00f3n de la educaci\u00f3n para entender mejor el c\u00f3mo y porqu\u00e9 de la lucha actual en Chile.<\/p>\n<p>[podcast]https:\/\/radiozapatista.org\/Audios\/Movimiento_Estudiantil_en_Chile_Julio_2011.mp3[\/podcast][:]<\/p>\n","protected":false},"excerpt":{"rendered":"<p>[:es]En este reportaje, salimos a la mega-marcha de estudiantes y trabajadores en Santiago de Chile el 14 de julio 2011, para escuchar las voces de los manifestantes en su lucha contra el neoliberalismo y por la democracia y la educaci\u00f3n p\u00fablica. Tambi\u00e9n hablamos con un activista de Santiago sobre la historia de la privatizaci\u00f3n de [&hellip;]<\/p>\n","protected":false},"author":4,"featured_media":0,"comment_status":"open","ping_status":"open","sticky":false,"template":"","format":"standard","meta":{"footnotes":""},"categories":[1,957,1284,190],"tags":[79,85,286,57,148,27],"class_list":["post-3601","post","type-post","status-publish","format-standard","hentry","category-audio","category-autonomia","category-latinoamerica","category-radiozapatista","tag-autonomia","tag-chile","tag-democracia","tag-educacion","tag-resistencia","tag-solidaridad"],"_links":{"self":[{"href":"https:\/\/radiozapatista.org\/index.php?rest_route=\/wp\/v2\/posts\/3601","targetHints":{"allow":["GET"]}}],"collection":[{"href":"https:\/\/radiozapatista.org\/index.php?rest_route=\/wp\/v2\/posts"}],"about":[{"href":"https:\/\/radiozapatista.org\/index.php?rest_route=\/wp\/v2\/types\/post"}],"author":[{"embeddable":true,"href":"https:\/\/radiozapatista.org\/index.php?rest_route=\/wp\/v2\/users\/4"}],"replies":[{"embeddable":true,"href":"https:\/\/radiozapatista.org\/index.php?rest_route=%2Fwp%2Fv2%2Fcomments&post=3601"}],"version-history":[{"count":1,"href":"https:\/\/radiozapatista.org\/index.php?rest_route=\/wp\/v2\/posts\/3601\/revisions"}],"predecessor-version":[{"id":33886,"href":"https:\/\/radiozapatista.org\/index.php?rest_route=\/wp\/v2\/posts\/3601\/revisions\/33886"}],"wp:attachment":[{"href":"https:\/\/radiozapatista.org\/index.php?rest_route=%2Fwp%2Fv2%2Fmedia&parent=3601"}],"wp:term":[{"taxonomy":"category","embeddable":true,"href":"https:\/\/radiozapatista.org\/index.php?rest_route=%2Fwp%2Fv2%2Fcategories&post=3601"},{"taxonomy":"post_tag","embeddable":true,"href":"https:\/\/radiozapatista.org\/index.php?rest_route=%2Fwp%2Fv2%2Ftags&post=3601"}],"curies":[{"name":"wp","href":"https:\/\/api.w.org\/{rel}","templated":true}]}}