{"id":35943,"date":"2020-11-17T16:38:45","date_gmt":"2020-11-17T22:38:45","guid":{"rendered":"https:\/\/radiozapatista.org\/?p=35943"},"modified":"2020-11-17T16:38:45","modified_gmt":"2020-11-17T22:38:45","slug":"peru-tras-intensas-movilizaciones-y-brutal-represion-renuncia-gobierno-de-facto","status":"publish","type":"post","link":"https:\/\/radiozapatista.org\/?p=35943","title":{"rendered":"Per\u00fa: tras intensas movilizaciones y brutal represi\u00f3n, renuncia gobierno de facto"},"content":{"rendered":"<p><\/p>\n<div class=\"td_block_wrap tdb_single_content tdi_91_cf2 td-pb-border-top td_block_template_1 td-post-content tagdiv-type\" data-td-block-uid=\"tdi_91_cf2\">\n<div class=\"tdb-block-inner td-fix-index\">\n<div class=\"tdb-block-inner td-fix-index\">\n<div class=\"tdb-author-name-wrap\"><span class=\"tdb-author-by\">Por \u00c1ngel Huerta<\/span><\/div>\n<\/div>\n<p class=\"has-small-font-size\">\n<p>Despu\u00e9s de que el pasado 20 de noviembre el Congreso peruano impusiera a Manuel Merino como Presidente, miles de personas salieron a las calles en todo el pa\u00eds.<\/p>\n<p>La indignaci\u00f3n, el enojo y la incertidumbre ante una clase pol\u00edtica sin representaci\u00f3n popular y una pandemia que ha golpeado duramente al pa\u00eds sudamericano (pese a las duras restricciones impuestas por el gobierno de Martin Vizcarra), provocaron el hartazgo de \u00a0miles, quienes colmaron calles, avenidas y plazas durante los d\u00edas posteriores a la imposici\u00f3n de lo que han llamado un golpe de Estado.<\/p>\n<h6 id=\"h-tambi-n-te-puede-interesar-per-cronolog-a-de-cuarentena-armada\"><span class=\"has-inline-color has-vivid-cyan-blue-color\">TAMBI\u00c9N TE PUEDE INTERESAR \u21d2 <\/span><a href=\"https:\/\/avispa.org\/peru-cronologia-de-cuarentena-armada\/\" target=\"_blank\" rel=\"noreferrer noopener\"><span class=\"has-inline-color has-vivid-cyan-blue-color\">Per\u00fa: Cronolog\u00eda de cuarentena armada<\/span><\/a><\/h6>\n<p>Frente a esta situaci\u00f3n, el nuevo gobierno no dudo en reprimir a los miles de manifestantes mediante el exceso de violencia por parte de la Polic\u00eda Nacional del Per\u00fa.<\/p>\n<h3 id=\"h-ante-las-protestas-balas-como-respuesta\"><span class=\"has-inline-color has-black-color\">Ante las protestas, balas como respuesta<\/span><\/h3>\n<figure class=\"wp-block-image size-large\"><a class=\"td-modal-image\" href=\"https:\/\/avispa.org\/wp-content\/uploads\/2020\/11\/protestas-vacancia-7.png\"><img loading=\"lazy\" decoding=\"async\" class=\"wp-image-33028 td-animation-stack-type0-2\" src=\"https:\/\/avispa.org\/wp-content\/uploads\/2020\/11\/protestas-vacancia-7.png\" sizes=\"auto, (max-width: 661px) 100vw, 661px\" srcset=\"https:\/\/avispa.org\/wp-content\/uploads\/2020\/11\/protestas-vacancia-7.png 661w, https:\/\/avispa.org\/wp-content\/uploads\/2020\/11\/protestas-vacancia-7-300x200.png 300w, https:\/\/avispa.org\/wp-content\/uploads\/2020\/11\/protestas-vacancia-7-630x420.png 630w\" alt=\"\" width=\"661\" height=\"441\" \/><\/a><figcaption>Foto de Juan Zapata\/Wayka.pe<\/figcaption><\/figure>\n<p>Durante la marcha nacional, realizada el 14 de Noviembre en contra de la imposici\u00f3n de Manuel Merino y la mayor\u00eda del Congreso, la brutal represi\u00f3n polic\u00edaca result\u00f3 en el asesinato de Jack Bryan Pintado S\u00e1nchez, de 22 a\u00f1os, y Jordan Inti Sotelo Camargo, de 24 a\u00f1os, debido a m\u00faltiples y graves lesiones ocasionadas por proyectiles de armas de fuego utilizadas por la polic\u00eda.<\/p>\n<p>Seg\u00fan reporta el Ministerio de Salud del Per\u00fa a trav\u00e9s del Centro de Operaciones de Emergencia Salud<em>, <\/em>\u201cun total de 107 ciudadanos fueron atendidos por distintos tipos de lesiones producidas durante la movilizaci\u00f3n social. De ellos, 73 han sido dados de alta y 34 a\u00fan se encuentran hospitalizados\u201d<em>.<\/em><\/p>\n<p>Por otro lado, la Coordinadora Nacional de Derechos Humanos (CNDH) inform\u00f3 que hay personas desaparecidas y por ello lanz\u00f3 una campa\u00f1a para que la ciudadan\u00eda pueda reportar si sus familiares o conocidos no han regresado de las movilizaciones. En una lista actualizada en tiempo real La CNDH\u00a0 inform\u00f3 al cierre de esta edici\u00f3n que no se ubicaban a cuatro personas de una lista de m\u00e1s de 60. Adem\u00e1s, el organismo inform\u00f3 que \u201cse ha tomado conocimiento de la agresi\u00f3n sexual a dos j\u00f3venes mujeres detenidas en una imprenta la noche del 14 de noviembre. Las j\u00f3venes denunciaron haber sido agredidas sexualmente, hecho que debe ser investigado en forma exhaustiva. Conocemos que han existido detenciones ilegales, arbitrarias por parte de la polic\u00eda\u201d.<\/p>\n<p>Ante estas graves acusaciones, organizaciones de Derechos Humanos formalizaron una denuncia penal ante el Ministerio P\u00fablico y dirigido a la fiscal de la Naci\u00f3n, Zoraida \u00c1valos contra Manuel Merino; el primer ministro del Gobierno de transici\u00f3n, \u00c1ntero Flores-Ar\u00e1oz; el exministro de facto, Gast\u00f3n Rodr\u00edguez; el General Jorge Luis Cayas Medina, Jefe de Regi\u00f3n Policial Lima, y contra Orlando Velasco Mujica, Director General de la Polic\u00eda Nacional, y contra todos los que resulten responsables por los delitos de homicidio calificado, abuso de autoridad y lesiones graves perpetrados contra los manifestantes.<\/p>\n<p>El documento tambi\u00e9n menciona que Manuel Merino, antes de tomar juramento a los nueve ministros el 11 de noviembre, llam\u00f3 por tel\u00e9fono al ex ministro del interior Cesar Gentile, solicitando que endureciera la represi\u00f3n y sofocara las protestas.<\/p>\n<p>Entre los afectados se se\u00f1ala en el documento a Jack Brian Pintado Sanchez, Jordan Inti Sotelo Camargo (fallecidos) y Luis Alejandro Aguilar Rodr\u00edguez (26) Percy P\u00e9rez Shaquiama (26), Rub\u00e9n Guevara (27). Tambi\u00e9n mencionan a Alonso Balbuena Bellantin, Ernesto Benavides Raez,Rene Jenrry Ccaqui Crisostomo, Jos\u00e9 Manuel Romero Rivas, Jos\u00e9 Miguel Hidalgo Rodr\u00edguez. Roberto Mu\u00f1oz Torres, Alonso Vhro Ucea, Alfonso Balbuena Bellat\u00edn y otros a\u00fan por identificar.<\/p>\n<h3 id=\"h-golpe-de-estado\"><span class=\"has-inline-color has-black-color\">Golpe de Estado<\/span><\/h3>\n<figure class=\"wp-block-image size-large\"><a class=\"td-modal-image\" href=\"https:\/\/avispa.org\/wp-content\/uploads\/2020\/11\/protestas-vacancia.png\"><img loading=\"lazy\" decoding=\"async\" class=\"wp-image-33022 td-animation-stack-type0-2\" src=\"https:\/\/avispa.org\/wp-content\/uploads\/2020\/11\/protestas-vacancia.png\" sizes=\"auto, (max-width: 662px) 100vw, 662px\" srcset=\"https:\/\/avispa.org\/wp-content\/uploads\/2020\/11\/protestas-vacancia.png 662w, https:\/\/avispa.org\/wp-content\/uploads\/2020\/11\/protestas-vacancia-300x200.png 300w, https:\/\/avispa.org\/wp-content\/uploads\/2020\/11\/protestas-vacancia-629x420.png 629w\" alt=\"\" width=\"662\" height=\"442\" \/><\/a><figcaption>Foto de Juan Zapata\/Wayka.pe<\/figcaption><\/figure>\n<p>En entrevista para Avispa Midia, la periodista Roxana Loarte de Wayka.pe comenta<em>: <\/em>\u201cEste golpe de Estado ha sido promovido por varias bancadas de partidos que tiene intereses no solo pol\u00edticos sino econ\u00f3micos, en relaci\u00f3n a leyes que est\u00e1n por aprobarse, a acopamientos de instituciones del Estado como el Tribunal Constitucional,\u00a0 en s\u00edntesis este ha sido una contienda entre dos poderes del Estado, el\u00a0 ejecutivo y el legislativo, es una contienda dentro de los grupos de la derecha. Mart\u00edn\u00a0 Vizcarra que ha sido presidente vacado se le est\u00e1 investigando, tambi\u00e9n tiene investigaciones en la Fiscal\u00eda por corrupci\u00f3n en gestiones anteriores que \u00e9l ha ocupado en un gobierno regional que tuvo anteriormente\u201d.<\/p>\n<p>\u201cEn el parlamento existe m\u00e1s de 60 congresistas, 68 exactamente, que tienen investigaciones en la fiscal\u00eda abiertas por casos no solo de corrupci\u00f3n sino tambi\u00e9n por otros hechos. Entonces la ciudadan\u00eda se indigna frente este panorama no solo de corrupci\u00f3n sino de estabilidad de incertidumbre y pr\u00e1cticamente en una crisis de institucionalidad\u00a0 y de una democracia debilitada, tambi\u00e9n se suma las repercusiones de la pandemia\u201d, se\u00f1ala Loarte.<\/p>\n<h6 id=\"h-en-contexto-aumenta-el-hambre-y-la-inseguridad-alimentaria-en-latinoam-rica\"><span class=\"has-inline-color has-vivid-cyan-blue-color\">EN CONTEXTO \u21d2 <\/span><a href=\"https:\/\/avispa.org\/aumenta-el-hambre-y-la-inseguridad-alimentaria-en-latinoamerica\/\" target=\"_blank\" rel=\"noreferrer noopener\"><span class=\"has-inline-color has-vivid-cyan-blue-color\">Aumenta el hambre y la inseguridad alimentaria en Latinoam\u00e9rica<\/span><\/a><\/h6>\n<p>Este domingo 15 de noviembre, Merino renunci\u00f3 a la Presidencia de la Rep\u00fablica y tambi\u00e9n dimitieron todos los miembros de la Mesa Directiva del Congreso. Ahora, una mayor\u00eda del pleno del Congreso debe elegir a una nueva entre las listas que presenten los partidos. La Junta de Portavoces del Congreso convoc\u00f3 a una sesi\u00f3n del Pleno para el mismo domingo a las cuatro de la tarde.<\/p>\n<figure class=\"wp-block-gallery columns-3 is-cropped\">\n<ul class=\"blocks-gallery-grid\">\n<li class=\"blocks-gallery-item\">\n<figure><img loading=\"lazy\" decoding=\"async\" class=\"wp-image-33027 td-animation-stack-type0-2\" src=\"https:\/\/avispa.org\/wp-content\/uploads\/2020\/11\/protestas-vacancia-6.png\" sizes=\"auto, (max-width: 662px) 100vw, 662px\" srcset=\"https:\/\/avispa.org\/wp-content\/uploads\/2020\/11\/protestas-vacancia-6.png 662w, https:\/\/avispa.org\/wp-content\/uploads\/2020\/11\/protestas-vacancia-6-300x200.png 300w, https:\/\/avispa.org\/wp-content\/uploads\/2020\/11\/protestas-vacancia-6-629x420.png 629w\" alt=\"\" width=\"662\" height=\"442\" data-id=\"33027\" data-full-url=\"https:\/\/avispa.org\/wp-content\/uploads\/2020\/11\/protestas-vacancia-6.png\" data-link=\"https:\/\/avispa.org\/?attachment_id=33027\" \/><figcaption class=\"blocks-gallery-item__caption\">Foto de Juan Zapata\/Wayka.pe<\/figcaption><\/figure>\n<\/li>\n<li class=\"blocks-gallery-item\">\n<figure><img loading=\"lazy\" decoding=\"async\" class=\"wp-image-33026 td-animation-stack-type0-2\" src=\"https:\/\/avispa.org\/wp-content\/uploads\/2020\/11\/protestas-vacancia-5.png\" sizes=\"auto, (max-width: 664px) 100vw, 664px\" srcset=\"https:\/\/avispa.org\/wp-content\/uploads\/2020\/11\/protestas-vacancia-5.png 664w, https:\/\/avispa.org\/wp-content\/uploads\/2020\/11\/protestas-vacancia-5-300x169.png 300w\" alt=\"\" width=\"664\" height=\"374\" data-id=\"33026\" data-full-url=\"https:\/\/avispa.org\/wp-content\/uploads\/2020\/11\/protestas-vacancia-5.png\" data-link=\"https:\/\/avispa.org\/?attachment_id=33026\" \/><figcaption class=\"blocks-gallery-item__caption\">Foto de Juan Zapata\/Wayka.pe<\/figcaption><\/figure>\n<\/li>\n<li class=\"blocks-gallery-item\">\n<figure><img loading=\"lazy\" decoding=\"async\" class=\"wp-image-33024 td-animation-stack-type0-2\" src=\"https:\/\/avispa.org\/wp-content\/uploads\/2020\/11\/protestas-vacancia-3.png\" sizes=\"auto, (max-width: 664px) 100vw, 664px\" srcset=\"https:\/\/avispa.org\/wp-content\/uploads\/2020\/11\/protestas-vacancia-3.png 664w, https:\/\/avispa.org\/wp-content\/uploads\/2020\/11\/protestas-vacancia-3-300x200.png 300w, https:\/\/avispa.org\/wp-content\/uploads\/2020\/11\/protestas-vacancia-3-630x420.png 630w\" alt=\"\" width=\"664\" height=\"443\" data-id=\"33024\" data-full-url=\"https:\/\/avispa.org\/wp-content\/uploads\/2020\/11\/protestas-vacancia-3.png\" data-link=\"https:\/\/avispa.org\/?attachment_id=33024\" \/><figcaption class=\"blocks-gallery-item__caption\">Foto de Juan Zapata\/Wayka.pe<\/figcaption><\/figure>\n<\/li>\n<li class=\"blocks-gallery-item\">\n<figure><img loading=\"lazy\" decoding=\"async\" class=\"wp-image-33023 td-animation-stack-type0-2\" src=\"https:\/\/avispa.org\/wp-content\/uploads\/2020\/11\/protestas-vacancia-2.png\" sizes=\"auto, (max-width: 663px) 100vw, 663px\" srcset=\"https:\/\/avispa.org\/wp-content\/uploads\/2020\/11\/protestas-vacancia-2.png 663w, https:\/\/avispa.org\/wp-content\/uploads\/2020\/11\/protestas-vacancia-2-300x168.png 300w\" alt=\"\" width=\"663\" height=\"371\" data-id=\"33023\" data-full-url=\"https:\/\/avispa.org\/wp-content\/uploads\/2020\/11\/protestas-vacancia-2.png\" data-link=\"https:\/\/avispa.org\/?attachment_id=33023\" \/><figcaption class=\"blocks-gallery-item__caption\">Foto de Juan Zapata\/Wayka.pe<\/figcaption><\/figure>\n<\/li>\n<\/ul>\n<\/figure>\n<p>Despu\u00e9s de varias horas de sesi\u00f3n, con miles de ciudadanos en las calles, los diputados votaron sobre una lista \u00fanica propuesta para conformar la nueva Mesa Directiva, que estaba encabezada por la diputada Roc\u00edo Silva Santisteban, congresista feminista que no voto por la vacancia de Martin Vizcarra. Sin embargo, no logr\u00f3 sumar los 60 votos necesarios para ser aprobada, por lo que los grupos parlamentarios reanudaron las negociaciones en busca de una nueva f\u00f3rmula.<\/p>\n<p>La o el titular de esta nueva Mesa Directiva asumir\u00eda autom\u00e1ticamente las funciones de la Presidencia de la Rep\u00fablica. El nuevo mandatario o mandataria asumir\u00eda la presidencia hasta julio de 2021, que es cuando deber\u00e1 traspasar el poder a la persona que los peruanos elijan en las elecciones presidenciales convocadas para abril de ese a\u00f1o. Aunado a ello, este lunes 16 de noviembre a\u00fan se decidir\u00e1 si fue o no constitucional la remoci\u00f3n de Martin Vizcarra.<\/p>\n<p>Mientras tanto, Per\u00fa se encuentra en una de sus m\u00e1s fuertes crisis pol\u00edticas y sociales, en un contexto de pandemia, con miles de muertos y frente a una crisis econ\u00f3mica, el Congreso en su mayor\u00eda integrado por pol\u00edticos de derecha, se niegan a soltar sus privilegios, con lo cual los m\u00e1s afectados en esta situaci\u00f3n son las personas m\u00e1s vulnerables.<\/p>\n<p>Con un sistema de salud a punto del colapso, las y los peruanos se enfrentan a un panorama desolador, aunque la victoria de haber expulsado el gobierno de facto ha llenado las calles de esperanza, sin duda las pr\u00f3ximas elecciones del 2021 reflejar\u00e1n este aprendizaje ante una clase pol\u00edtica indolente y sorda.<\/p>\n<\/div>\n<p>Fotos por Juan Zapata de Wayka.pe<\/p>\n<\/div>\n<p><\/p>","protected":false},"excerpt":{"rendered":"<p>Por \u00c1ngel Huerta Despu\u00e9s de que el pasado 20 de noviembre el Congreso peruano impusiera a Manuel Merino como Presidente, miles de personas salieron a las calles en todo el pa\u00eds. La indignaci\u00f3n, el enojo y la incertidumbre ante una clase pol\u00edtica sin representaci\u00f3n popular y una pandemia que ha golpeado duramente al pa\u00eds sudamericano [&hellip;]<\/p>\n","protected":false},"author":21,"featured_media":0,"comment_status":"open","ping_status":"closed","sticky":false,"template":"","format":"standard","meta":{"footnotes":""},"categories":[51,826,183],"tags":[1113,53,147,1215,87,148],"class_list":["post-35943","post","type-post","status-publish","format-standard","hentry","category-autor","category-medios-libres-2","category-blog","tag-imperialismo","tag-justicia","tag-militarizacion","tag-peru","tag-represion","tag-resistencia"],"_links":{"self":[{"href":"https:\/\/radiozapatista.org\/index.php?rest_route=\/wp\/v2\/posts\/35943","targetHints":{"allow":["GET"]}}],"collection":[{"href":"https:\/\/radiozapatista.org\/index.php?rest_route=\/wp\/v2\/posts"}],"about":[{"href":"https:\/\/radiozapatista.org\/index.php?rest_route=\/wp\/v2\/types\/post"}],"author":[{"embeddable":true,"href":"https:\/\/radiozapatista.org\/index.php?rest_route=\/wp\/v2\/users\/21"}],"replies":[{"embeddable":true,"href":"https:\/\/radiozapatista.org\/index.php?rest_route=%2Fwp%2Fv2%2Fcomments&post=35943"}],"version-history":[{"count":1,"href":"https:\/\/radiozapatista.org\/index.php?rest_route=\/wp\/v2\/posts\/35943\/revisions"}],"predecessor-version":[{"id":35944,"href":"https:\/\/radiozapatista.org\/index.php?rest_route=\/wp\/v2\/posts\/35943\/revisions\/35944"}],"wp:attachment":[{"href":"https:\/\/radiozapatista.org\/index.php?rest_route=%2Fwp%2Fv2%2Fmedia&parent=35943"}],"wp:term":[{"taxonomy":"category","embeddable":true,"href":"https:\/\/radiozapatista.org\/index.php?rest_route=%2Fwp%2Fv2%2Fcategories&post=35943"},{"taxonomy":"post_tag","embeddable":true,"href":"https:\/\/radiozapatista.org\/index.php?rest_route=%2Fwp%2Fv2%2Ftags&post=35943"}],"curies":[{"name":"wp","href":"https:\/\/api.w.org\/{rel}","templated":true}]}}