{"id":35868,"date":"2020-11-16T14:12:43","date_gmt":"2020-11-16T20:12:43","guid":{"rendered":"https:\/\/radiozapatista.org\/?p=35868"},"modified":"2020-11-16T14:16:42","modified_gmt":"2020-11-16T20:16:42","slug":"conversatorio-que-significa-la-toma-del-inpi-en-la-4t","status":"publish","type":"post","link":"https:\/\/radiozapatista.org\/?p=35868","title":{"rendered":"Conversatorio: \u00bfQu\u00e9 significa la toma del INPI en la 4T?"},"content":{"rendered":"<p>El pasado 12 de Octubre, a 528 a\u00f1os de Resistencia y Rebeld\u00eda y en el marco de la Jornada Nacional de Movilizaci\u00f3n en Defensa de la Madre Tierra, contra la Guerra al EZLN y los Pueblos, la Comunidad Ind\u00edgena Otom\u00ed residente en la CDMX, tom\u00f3 por tiempo indefinido las instalaciones del INPI.<\/p>\n<p>A m\u00e1s de un mes de haber tomado el INPI y demandar no solamente el derecho a una vivienda digna y decorosa, los malos gobiernos no entienden que tambi\u00e9n demandan, salud, alimentaci\u00f3n, trabajo, justicia, educaci\u00f3n, cultura, democracia y libertad.<\/p>\n<p>Se niegan a aceptar que tomaron el INPI, para exigir alto a la guerra en contra del EZLN; alto a los ataques paramilitares a las bases de apoyo y en territorio zapatista; alto a los asesinatos en contra de los defensores del territorio y la Madre Tierra e integrantes del CNI-CIG; cancelaci\u00f3n de los megaproyectos como el Tren Maya, el Corredor Interoce\u00e1nico, el PIM, Aeropuerto de Sta. Luc\u00eda y refiner\u00eda Dos Bocas y la libertad de los Presos pol\u00edticos.<\/p>\n<p>Por lo anterior, la Comunidad Ind\u00edgena Otom\u00ed residente en la Ciudad de M\u00e9xico, integrante del Congreso Nacional Ind\u00edgena y del Concejo Ind\u00edgena de Gobierno, organiz\u00f3 un conversatorio para debatir el significado de la toma del INPI en el contexto de la &#8220;Cuarta Transformaci\u00f3n&#8221;.<\/p>\n<p>El conservatorio, <a href=\"https:\/\/www.facebook.com\/regeneracionradio\/videos\/458760461773963\/\" target=\"_blank\" rel=\"noopener\">transmitido en l\u00ednea por varios medios libres<\/a>, cont\u00f3 con la participaci\u00f3n de:<\/p>\n<ul>\n<li>Mar\u00eda de Jes\u00fas Patricio Mart\u00ednez (MariChuy), vocera del CNI-CIG<\/li>\n<li>Magdalena G\u00f3mez, Maestra de la UPN y articulista del peri\u00f3dico La Jornada<\/li>\n<li>Carlos Gonz\u00e1lez Garc\u00eda, integrante de la Coordinaci\u00f3n General del CNI-CIG<\/li>\n<li>Luis Hern\u00e1ndez Navarro, escritor y periodista del peri\u00f3dico La Jornada<\/li>\n<li>Gilberto L\u00f3pez y Rivas, Dr. en Antropolog\u00eda y articulista del peri\u00f3dico la Jornada<\/li>\n<li>Pedro Uc Be, escritor y poeta, integrante de la Asamblea de Defensores del Territorio Maya M\u00fauch\u2019 X\u00edinbal<\/li>\n<li>Comunidad Ind\u00edgena Otom\u00ed Residente en la CDMX<\/li>\n<\/ul>\n<p>Aqu\u00ed puedes escuchar y\/o descargar los audios del conversatorio:<\/p>\n<p><div class=\"wp-playlist wp-audio-playlist wp-playlist-light\">\n\t\t\t<div class=\"wp-playlist-current-item\"><\/div>\n\t\t<audio controls=\"controls\" preload=\"none\" width=\"640\"\n\t\t\t><\/audio>\n\t<div class=\"wp-playlist-next\"><\/div>\n\t<div class=\"wp-playlist-prev\"><\/div>\n\t<noscript>\n\t<ol>\n\t\t<li><a href='https:\/\/radiozapatista.org\/wp-content\/uploads\/2020\/11\/INPI_4T_01.mp3'>Bienvenida - Comunidad Ind\u00edgena Otom\u00ed<\/a><\/li><li><a href='https:\/\/radiozapatista.org\/wp-content\/uploads\/2020\/11\/INPI_4T_02.mp3'>Carlos Gonz\u00e1lez Garc\u00eda<\/a><\/li><li><a href='https:\/\/radiozapatista.org\/wp-content\/uploads\/2020\/11\/INPI_4T_03.mp3'>Magdalena G\u00f3mez<\/a><\/li><li><a href='https:\/\/radiozapatista.org\/wp-content\/uploads\/2020\/11\/INPI_4T_04.mp3'>Gilberto L\u00f3pez y Rivas<\/a><\/li><li><a href='https:\/\/radiozapatista.org\/wp-content\/uploads\/2020\/11\/INPI_4T_05.mp3'>Marisela Mej\u00eda<\/a><\/li><li><a href='https:\/\/radiozapatista.org\/wp-content\/uploads\/2020\/11\/INPI_4T_06.mp3'>Luis Hern\u00e1ndez Navarro<\/a><\/li><li><a href='https:\/\/radiozapatista.org\/wp-content\/uploads\/2020\/11\/INPI_4T_07.mp3'>Pedro Uk<\/a><\/li><li><a href='https:\/\/radiozapatista.org\/wp-content\/uploads\/2020\/11\/INPI_4T_08.mp3'>Mar\u00eda de Jes\u00fas Patricio Mart\u00ednez (Marichuy)<\/a><\/li><li><a href='https:\/\/radiozapatista.org\/wp-content\/uploads\/2020\/11\/INPI_4T_09.mp3'>Filiberto Margarito<\/a><\/li><li><a href='https:\/\/radiozapatista.org\/wp-content\/uploads\/2020\/11\/INPI_4T_10.mp3'>Palabras finales - Marichuy<\/a><\/li><li><a href='https:\/\/radiozapatista.org\/wp-content\/uploads\/2020\/11\/INPI_4T_11.mp3'>Palabras finales \u2013 Gilberto L\u00f3pez y Rivas<\/a><\/li><li><a href='https:\/\/radiozapatista.org\/wp-content\/uploads\/2020\/11\/INPI_4T_12.mp3'>Palabras finales \u2013 Carlos Gonz\u00e1lez<\/a><\/li><li><a href='https:\/\/radiozapatista.org\/wp-content\/uploads\/2020\/11\/INPI_4T_13.mp3'>Palabras finales - Pedro Uk<\/a><\/li><li><a href='https:\/\/radiozapatista.org\/wp-content\/uploads\/2020\/11\/INPI_4T_14.mp3'>Palabras finales - Magdalena G\u00f3mez<\/a><\/li><li><a href='https:\/\/radiozapatista.org\/wp-content\/uploads\/2020\/11\/INPI_4T_15.mp3'>Palabras finales - Luis Hern\u00e1ndez Navarro<\/a><\/li>\t<\/ol>\n\t<\/noscript>\n\t<script type=\"application\/json\" class=\"wp-playlist-script\">{\"type\":\"audio\",\"tracklist\":true,\"tracknumbers\":true,\"images\":true,\"artists\":false,\"tracks\":[{\"src\":\"https:\/\/radiozapatista.org\/wp-content\/uploads\/2020\/11\/INPI_4T_01.mp3\",\"type\":\"audio\/mpeg\",\"title\":\"Bienvenida - Comunidad Ind\\u00edgena Otom\\u00ed\",\"caption\":\"Bienvenida - Comunidad Ind\\u00edgena Otom\\u00ed\",\"description\":\"Bienvenida - Comunidad Ind\\u00edgena Otom\\u00ed\",\"meta\":{\"length_formatted\":\"0:32\"},\"image\":{\"src\":\"https:\/\/radiozapatista.org\/wp-includes\/images\/media\/audio.svg\",\"width\":48,\"height\":64},\"thumb\":{\"src\":\"https:\/\/radiozapatista.org\/wp-includes\/images\/media\/audio.svg\",\"width\":48,\"height\":64}},{\"src\":\"https:\/\/radiozapatista.org\/wp-content\/uploads\/2020\/11\/INPI_4T_02.mp3\",\"type\":\"audio\/mpeg\",\"title\":\"Carlos Gonz\\u00e1lez Garc\\u00eda\",\"caption\":\"Carlos Gonz\\u00e1lez Garc\\u00eda\",\"description\":\"Carlos Gonz\\u00e1lez Garc\\u00eda\",\"meta\":{\"length_formatted\":\"10:40\"},\"image\":{\"src\":\"https:\/\/radiozapatista.org\/wp-includes\/images\/media\/audio.svg\",\"width\":48,\"height\":64},\"thumb\":{\"src\":\"https:\/\/radiozapatista.org\/wp-includes\/images\/media\/audio.svg\",\"width\":48,\"height\":64}},{\"src\":\"https:\/\/radiozapatista.org\/wp-content\/uploads\/2020\/11\/INPI_4T_03.mp3\",\"type\":\"audio\/mpeg\",\"title\":\"Magdalena G\\u00f3mez\",\"caption\":\"Magdalena G\\u00f3mez\",\"description\":\"Magdalena G\\u00f3mez\",\"meta\":{\"length_formatted\":\"14:06\"},\"image\":{\"src\":\"https:\/\/radiozapatista.org\/wp-includes\/images\/media\/audio.svg\",\"width\":48,\"height\":64},\"thumb\":{\"src\":\"https:\/\/radiozapatista.org\/wp-includes\/images\/media\/audio.svg\",\"width\":48,\"height\":64}},{\"src\":\"https:\/\/radiozapatista.org\/wp-content\/uploads\/2020\/11\/INPI_4T_04.mp3\",\"type\":\"audio\/mpeg\",\"title\":\"Gilberto L\\u00f3pez y Rivas\",\"caption\":\"Gilberto L\\u00f3pez y Rivas\",\"description\":\"Gilberto L\\u00f3pez y Rivas\",\"meta\":{\"length_formatted\":\"8:55\"},\"image\":{\"src\":\"https:\/\/radiozapatista.org\/wp-includes\/images\/media\/audio.svg\",\"width\":48,\"height\":64},\"thumb\":{\"src\":\"https:\/\/radiozapatista.org\/wp-includes\/images\/media\/audio.svg\",\"width\":48,\"height\":64}},{\"src\":\"https:\/\/radiozapatista.org\/wp-content\/uploads\/2020\/11\/INPI_4T_05.mp3\",\"type\":\"audio\/mpeg\",\"title\":\"Marisela Mej\\u00eda\",\"caption\":\"Marisela Mej\\u00eda\",\"description\":\"Marisela Mej\\u00eda - Comunidad Ind\\u00edgena Otom\\u00ed\",\"meta\":{\"length_formatted\":\"8:33\"},\"image\":{\"src\":\"https:\/\/radiozapatista.org\/wp-includes\/images\/media\/audio.svg\",\"width\":48,\"height\":64},\"thumb\":{\"src\":\"https:\/\/radiozapatista.org\/wp-includes\/images\/media\/audio.svg\",\"width\":48,\"height\":64}},{\"src\":\"https:\/\/radiozapatista.org\/wp-content\/uploads\/2020\/11\/INPI_4T_06.mp3\",\"type\":\"audio\/mpeg\",\"title\":\"Luis Hern\\u00e1ndez Navarro\",\"caption\":\"Luis Hern\\u00e1ndez Navarro\",\"description\":\"Luis Hern\\u00e1ndez Navarro\",\"meta\":{\"length_formatted\":\"9:17\"},\"image\":{\"src\":\"https:\/\/radiozapatista.org\/wp-includes\/images\/media\/audio.svg\",\"width\":48,\"height\":64},\"thumb\":{\"src\":\"https:\/\/radiozapatista.org\/wp-includes\/images\/media\/audio.svg\",\"width\":48,\"height\":64}},{\"src\":\"https:\/\/radiozapatista.org\/wp-content\/uploads\/2020\/11\/INPI_4T_07.mp3\",\"type\":\"audio\/mpeg\",\"title\":\"Pedro Uk\",\"caption\":\"Pedro Uk\",\"description\":\"Pedro Uk\",\"meta\":{\"length_formatted\":\"10:54\"},\"image\":{\"src\":\"https:\/\/radiozapatista.org\/wp-includes\/images\/media\/audio.svg\",\"width\":48,\"height\":64},\"thumb\":{\"src\":\"https:\/\/radiozapatista.org\/wp-includes\/images\/media\/audio.svg\",\"width\":48,\"height\":64}},{\"src\":\"https:\/\/radiozapatista.org\/wp-content\/uploads\/2020\/11\/INPI_4T_08.mp3\",\"type\":\"audio\/mpeg\",\"title\":\"Mar\\u00eda de Jes\\u00fas Patricio Mart\\u00ednez (Marichuy)\",\"caption\":\"Mar\\u00eda de Jes\\u00fas Patricio Mart\\u00ednez (Marichuy)\",\"description\":\"Mar\\u00eda de Jes\\u00fas Patricio (Marichuy)\",\"meta\":{\"length_formatted\":\"10:44\"},\"image\":{\"src\":\"https:\/\/radiozapatista.org\/wp-includes\/images\/media\/audio.svg\",\"width\":48,\"height\":64},\"thumb\":{\"src\":\"https:\/\/radiozapatista.org\/wp-includes\/images\/media\/audio.svg\",\"width\":48,\"height\":64}},{\"src\":\"https:\/\/radiozapatista.org\/wp-content\/uploads\/2020\/11\/INPI_4T_09.mp3\",\"type\":\"audio\/mpeg\",\"title\":\"Filiberto Margarito\",\"caption\":\"Filiberto Margarito\",\"description\":\"Filiberto Margarito\",\"meta\":{\"length_formatted\":\"6:40\"},\"image\":{\"src\":\"https:\/\/radiozapatista.org\/wp-includes\/images\/media\/audio.svg\",\"width\":48,\"height\":64},\"thumb\":{\"src\":\"https:\/\/radiozapatista.org\/wp-includes\/images\/media\/audio.svg\",\"width\":48,\"height\":64}},{\"src\":\"https:\/\/radiozapatista.org\/wp-content\/uploads\/2020\/11\/INPI_4T_10.mp3\",\"type\":\"audio\/mpeg\",\"title\":\"Palabras finales - Marichuy\",\"caption\":\"Palabras finales - Marichuy\",\"description\":\"Palabras finales - Marichuy\",\"meta\":{\"length_formatted\":\"2:48\"},\"image\":{\"src\":\"https:\/\/radiozapatista.org\/wp-includes\/images\/media\/audio.svg\",\"width\":48,\"height\":64},\"thumb\":{\"src\":\"https:\/\/radiozapatista.org\/wp-includes\/images\/media\/audio.svg\",\"width\":48,\"height\":64}},{\"src\":\"https:\/\/radiozapatista.org\/wp-content\/uploads\/2020\/11\/INPI_4T_11.mp3\",\"type\":\"audio\/mpeg\",\"title\":\"Palabras finales \\u2013 Gilberto L\\u00f3pez y Rivas\",\"caption\":\"Palabras finales \\u2013 Gilberto L\\u00f3pez y Rivas\",\"description\":\"Palabras finales \\u2013 Gilberto L\\u00f3pez y Rivas\",\"meta\":{\"length_formatted\":\"3:03\"},\"image\":{\"src\":\"https:\/\/radiozapatista.org\/wp-includes\/images\/media\/audio.svg\",\"width\":48,\"height\":64},\"thumb\":{\"src\":\"https:\/\/radiozapatista.org\/wp-includes\/images\/media\/audio.svg\",\"width\":48,\"height\":64}},{\"src\":\"https:\/\/radiozapatista.org\/wp-content\/uploads\/2020\/11\/INPI_4T_12.mp3\",\"type\":\"audio\/mpeg\",\"title\":\"Palabras finales \\u2013 Carlos Gonz\\u00e1lez\",\"caption\":\"Palabras finales \\u2013 Carlos Gonz\\u00e1lez\",\"description\":\"Palabras finales \\u2013 Carlos Gonz\\u00e1lez\",\"meta\":{\"length_formatted\":\"3:30\"},\"image\":{\"src\":\"https:\/\/radiozapatista.org\/wp-includes\/images\/media\/audio.svg\",\"width\":48,\"height\":64},\"thumb\":{\"src\":\"https:\/\/radiozapatista.org\/wp-includes\/images\/media\/audio.svg\",\"width\":48,\"height\":64}},{\"src\":\"https:\/\/radiozapatista.org\/wp-content\/uploads\/2020\/11\/INPI_4T_13.mp3\",\"type\":\"audio\/mpeg\",\"title\":\"Palabras finales - Pedro Uk\",\"caption\":\"Palabras finales - Pedro Uk\",\"description\":\"Palabras finales - Pedro Uk\",\"meta\":{\"length_formatted\":\"2:59\"},\"image\":{\"src\":\"https:\/\/radiozapatista.org\/wp-includes\/images\/media\/audio.svg\",\"width\":48,\"height\":64},\"thumb\":{\"src\":\"https:\/\/radiozapatista.org\/wp-includes\/images\/media\/audio.svg\",\"width\":48,\"height\":64}},{\"src\":\"https:\/\/radiozapatista.org\/wp-content\/uploads\/2020\/11\/INPI_4T_14.mp3\",\"type\":\"audio\/mpeg\",\"title\":\"Palabras finales - Magdalena G\\u00f3mez\",\"caption\":\"Palabras finales - Magdalena G\\u00f3mez\",\"description\":\"Palabras finales - Magdalena G\\u00f3mez\",\"meta\":{\"length_formatted\":\"5:59\"},\"image\":{\"src\":\"https:\/\/radiozapatista.org\/wp-includes\/images\/media\/audio.svg\",\"width\":48,\"height\":64},\"thumb\":{\"src\":\"https:\/\/radiozapatista.org\/wp-includes\/images\/media\/audio.svg\",\"width\":48,\"height\":64}},{\"src\":\"https:\/\/radiozapatista.org\/wp-content\/uploads\/2020\/11\/INPI_4T_15.mp3\",\"type\":\"audio\/mpeg\",\"title\":\"Palabras finales - Luis Hern\\u00e1ndez Navarro\",\"caption\":\"Palabras finales - Luis Hern\\u00e1ndez Navarro\",\"description\":\"Palabras finales - Luis Hern\\u00e1ndez Navarro\",\"meta\":{\"length_formatted\":\"3:03\"},\"image\":{\"src\":\"https:\/\/radiozapatista.org\/wp-includes\/images\/media\/audio.svg\",\"width\":48,\"height\":64},\"thumb\":{\"src\":\"https:\/\/radiozapatista.org\/wp-includes\/images\/media\/audio.svg\",\"width\":48,\"height\":64}}]}<\/script>\n<\/div>\n\t<\/p>","protected":false},"excerpt":{"rendered":"<p>El pasado 12 de Octubre, a 528 a\u00f1os de Resistencia y Rebeld\u00eda y en el marco de la Jornada Nacional de Movilizaci\u00f3n en Defensa de la Madre Tierra, contra la Guerra al EZLN y los Pueblos, la Comunidad Ind\u00edgena Otom\u00ed residente en la CDMX, tom\u00f3 por tiempo indefinido las instalaciones del INPI. A m\u00e1s de [&hellip;]<\/p>\n","protected":false},"author":1,"featured_media":35882,"comment_status":"open","ping_status":"closed","sticky":false,"template":"","format":"standard","meta":{"footnotes":""},"categories":[1,957,1024,1095,954,190],"tags":[1151,63,56,1312,545],"class_list":["post-35868","post","type-post","status-publish","format-standard","has-post-thumbnail","hentry","category-audio","category-autonomia","category-cni-temas","category-concejo-indigena-de-gobierno","category-mexico","category-radiozapatista","tag-cig","tag-cni","tag-encuentros","tag-inpi","tag-pueblos-indigenas"],"_links":{"self":[{"href":"https:\/\/radiozapatista.org\/index.php?rest_route=\/wp\/v2\/posts\/35868","targetHints":{"allow":["GET"]}}],"collection":[{"href":"https:\/\/radiozapatista.org\/index.php?rest_route=\/wp\/v2\/posts"}],"about":[{"href":"https:\/\/radiozapatista.org\/index.php?rest_route=\/wp\/v2\/types\/post"}],"author":[{"embeddable":true,"href":"https:\/\/radiozapatista.org\/index.php?rest_route=\/wp\/v2\/users\/1"}],"replies":[{"embeddable":true,"href":"https:\/\/radiozapatista.org\/index.php?rest_route=%2Fwp%2Fv2%2Fcomments&post=35868"}],"version-history":[{"count":4,"href":"https:\/\/radiozapatista.org\/index.php?rest_route=\/wp\/v2\/posts\/35868\/revisions"}],"predecessor-version":[{"id":35893,"href":"https:\/\/radiozapatista.org\/index.php?rest_route=\/wp\/v2\/posts\/35868\/revisions\/35893"}],"wp:featuredmedia":[{"embeddable":true,"href":"https:\/\/radiozapatista.org\/index.php?rest_route=\/wp\/v2\/media\/35882"}],"wp:attachment":[{"href":"https:\/\/radiozapatista.org\/index.php?rest_route=%2Fwp%2Fv2%2Fmedia&parent=35868"}],"wp:term":[{"taxonomy":"category","embeddable":true,"href":"https:\/\/radiozapatista.org\/index.php?rest_route=%2Fwp%2Fv2%2Fcategories&post=35868"},{"taxonomy":"post_tag","embeddable":true,"href":"https:\/\/radiozapatista.org\/index.php?rest_route=%2Fwp%2Fv2%2Ftags&post=35868"}],"curies":[{"name":"wp","href":"https:\/\/api.w.org\/{rel}","templated":true}]}}