{"id":35778,"date":"2020-11-04T17:15:37","date_gmt":"2020-11-04T23:15:37","guid":{"rendered":"https:\/\/radiozapatista.org\/?p=35778"},"modified":"2020-11-04T17:15:37","modified_gmt":"2020-11-04T23:15:37","slug":"reclamos-de-la-comunidad-indigena-otomi-el-dialogo-con-el-inpi","status":"publish","type":"post","link":"https:\/\/radiozapatista.org\/?p=35778","title":{"rendered":"[:es]Reclamos de la Comunidad Ind\u00edgena Otom\u00ed: El di\u00e1logo con el INPI [:]"},"content":{"rendered":"<p>[:es]Sandra Suaste &amp; Luis Suaste<\/p>\n<section class=\"elementor-section elementor-top-section elementor-element elementor-element-5eed820a elementor-section-content-middle elementor-section-stretched elementor-section-full_width elementor-section-height-default elementor-section-height-default\" data-id=\"5eed820a\" data-element_type=\"section\" data-settings=\"{&quot;stretch_section&quot;:&quot;section-stretched&quot;}\">\n<div class=\"elementor-container elementor-column-gap-no\">\n<div class=\"elementor-row\">\n<div class=\"elementor-column elementor-col-50 elementor-top-column elementor-element elementor-element-4a45192b\" data-id=\"4a45192b\" data-element_type=\"column\">\n<div class=\"elementor-column-wrap elementor-element-populated\">\n<div class=\"elementor-widget-wrap\">\n<div class=\"elementor-element elementor-element-2cabebb3 elementor-widget elementor-widget-heading\" data-id=\"2cabebb3\" data-element_type=\"widget\" data-widget_type=\"heading.default\">\n<div class=\"elementor-widget-container\">\n<h5 class=\"elementor-heading-title elementor-size-small\">Las sillas lucieron vac\u00edas hasta las 10:21 de la ma\u00f1ana. La Comunidad Ind\u00edgena Otom\u00ed, que una semana antes, emplaz\u00f3 a varios funcionarios para entablar un di\u00e1logo a las afueras del edificio tomado del Instituto Nacional de los Pueblos Ind\u00edgenas (INPI), instal\u00f3 una mesa desde donde demandaron todas aquellas garant\u00edas que se les negaron durante d\u00e9cadas: respeto, vivienda, salud, educaci\u00f3n, empleo; una vida digna.<\/h5>\n<\/div>\n<\/div>\n<\/div>\n<\/div>\n<\/div>\n<div class=\"elementor-column elementor-col-50 elementor-top-column elementor-element elementor-element-20dc79b4\" data-id=\"20dc79b4\" data-element_type=\"column\">\n<div class=\"elementor-column-wrap elementor-element-populated\">\n<div class=\"elementor-widget-wrap\">\n<div class=\"elementor-element elementor-element-2f2c817d elementor-widget elementor-widget-image\" data-id=\"2f2c817d\" data-element_type=\"widget\" data-widget_type=\"image.default\">\n<div class=\"elementor-widget-container\">\n<div class=\"elementor-image\"><img loading=\"lazy\" decoding=\"async\" class=\"attachment-full size-full\" src=\"https:\/\/regeneracionradio.org\/wp-content\/uploads\/2020\/11\/Inicio-Dialogo.jpg\" sizes=\"auto, (max-width: 1200px) 100vw, 1200px\" srcset=\"https:\/\/regeneracionradio.org\/wp-content\/uploads\/2020\/11\/Inicio-Dialogo.jpg 1200w, https:\/\/regeneracionradio.org\/wp-content\/uploads\/2020\/11\/Inicio-Dialogo-300x200.jpg 300w, https:\/\/regeneracionradio.org\/wp-content\/uploads\/2020\/11\/Inicio-Dialogo-1024x683.jpg 1024w, https:\/\/regeneracionradio.org\/wp-content\/uploads\/2020\/11\/Inicio-Dialogo-768x512.jpg 768w, https:\/\/regeneracionradio.org\/wp-content\/uploads\/2020\/11\/Inicio-Dialogo-600x400.jpg 600w, https:\/\/regeneracionradio.org\/wp-content\/uploads\/2020\/11\/Inicio-Dialogo-150x100.jpg 150w, https:\/\/regeneracionradio.org\/wp-content\/uploads\/2020\/11\/Inicio-Dialogo-696x464.jpg 696w, https:\/\/regeneracionradio.org\/wp-content\/uploads\/2020\/11\/Inicio-Dialogo-1068x712.jpg 1068w, https:\/\/regeneracionradio.org\/wp-content\/uploads\/2020\/11\/Inicio-Dialogo-630x420.jpg 630w\" alt=\"\" width=\"1200\" height=\"800\" data-mwl-img-id=\"10432\" \/><\/div>\n<\/div>\n<\/div>\n<\/div>\n<\/div>\n<\/div>\n<\/div>\n<\/div>\n<\/section>\n<section class=\"elementor-section elementor-top-section elementor-element elementor-element-45ba98c4 elementor-section-stretched elementor-section-full_width elementor-section-height-min-height elementor-section-items-top elementor-section-height-default\" data-id=\"45ba98c4\" data-element_type=\"section\" data-settings=\"{&quot;stretch_section&quot;:&quot;section-stretched&quot;}\">\n<div class=\"elementor-container elementor-column-gap-no\">\n<div class=\"elementor-row\">\n<div class=\"elementor-column elementor-col-100 elementor-top-column elementor-element elementor-element-67425118\" data-id=\"67425118\" data-element_type=\"column\">\n<div class=\"elementor-column-wrap elementor-element-populated\">\n<div class=\"elementor-widget-wrap\">\n<div class=\"elementor-element elementor-element-1f9484cb elementor-hidden-phone elementor-widget-divider--view-line elementor-widget elementor-widget-divider\" data-id=\"1f9484cb\" data-element_type=\"widget\" data-widget_type=\"divider.default\">\n<div class=\"elementor-widget-container\">\n<div class=\"elementor-divider\"><\/div>\n<\/div>\n<\/div>\n<\/div>\n<\/div>\n<\/div>\n<\/div>\n<\/div>\n<\/section>\n<section class=\"elementor-section elementor-top-section elementor-element elementor-element-3298c73f elementor-section-content-middle elementor-section-stretched elementor-section-full_width elementor-section-height-min-height elementor-section-items-stretch elementor-reverse-mobile elementor-section-height-default\" data-id=\"3298c73f\" data-element_type=\"section\" data-settings=\"{&quot;stretch_section&quot;:&quot;section-stretched&quot;}\">\n<div class=\"elementor-container elementor-column-gap-no\">\n<div class=\"elementor-row\">\n<div class=\"elementor-column elementor-col-50 elementor-top-column elementor-element elementor-element-9e8c84\" data-id=\"9e8c84\" data-element_type=\"column\">\n<div class=\"elementor-column-wrap elementor-element-populated\">\n<div class=\"elementor-widget-wrap\">\n<div class=\"elementor-element elementor-element-41a42166 elementor-widget elementor-widget-image\" data-id=\"41a42166\" data-element_type=\"widget\" data-widget_type=\"image.default\">\n<div class=\"elementor-widget-container\">\n<div class=\"elementor-image\"><img loading=\"lazy\" decoding=\"async\" class=\"attachment-full size-full\" src=\"https:\/\/regeneracionradio.org\/wp-content\/uploads\/2020\/11\/Dialogo.jpg\" sizes=\"auto, (max-width: 1200px) 100vw, 1200px\" srcset=\"https:\/\/regeneracionradio.org\/wp-content\/uploads\/2020\/11\/Dialogo.jpg 1200w, https:\/\/regeneracionradio.org\/wp-content\/uploads\/2020\/11\/Dialogo-300x200.jpg 300w, https:\/\/regeneracionradio.org\/wp-content\/uploads\/2020\/11\/Dialogo-1024x683.jpg 1024w, https:\/\/regeneracionradio.org\/wp-content\/uploads\/2020\/11\/Dialogo-768x512.jpg 768w, https:\/\/regeneracionradio.org\/wp-content\/uploads\/2020\/11\/Dialogo-600x400.jpg 600w, https:\/\/regeneracionradio.org\/wp-content\/uploads\/2020\/11\/Dialogo-150x100.jpg 150w, https:\/\/regeneracionradio.org\/wp-content\/uploads\/2020\/11\/Dialogo-696x464.jpg 696w, https:\/\/regeneracionradio.org\/wp-content\/uploads\/2020\/11\/Dialogo-1068x712.jpg 1068w, https:\/\/regeneracionradio.org\/wp-content\/uploads\/2020\/11\/Dialogo-630x420.jpg 630w\" alt=\"\" width=\"1200\" height=\"800\" data-mwl-img-id=\"10431\" \/><\/div>\n<\/div>\n<\/div>\n<\/div>\n<\/div>\n<\/div>\n<div class=\"elementor-column elementor-col-50 elementor-top-column elementor-element elementor-element-18ac2b29\" data-id=\"18ac2b29\" data-element_type=\"column\">\n<div class=\"elementor-column-wrap elementor-element-populated\">\n<div class=\"elementor-widget-wrap\">\n<div class=\"elementor-element elementor-element-74c5b394 elementor-widget elementor-widget-heading\" data-id=\"74c5b394\" data-element_type=\"widget\" data-widget_type=\"heading.default\">\n<div class=\"elementor-widget-container\">\n<h5 class=\"elementor-heading-title elementor-size-small\">A la reuni\u00f3n acudieron Alfonso Jos\u00e9 Su\u00e1rez, secretario de gobierno de la Ciudad de M\u00e9xico; Adelfo Regino, titular del INPI; Juan Guti\u00e9rrez M\u00e1rquez, director general de Concertaci\u00f3n Pol\u00edtica, Prevenci\u00f3n, Atenci\u00f3n Social y Gesti\u00f3n Ciudadana; Josefina Bravo Rangel, de la Comisi\u00f3n para el Di\u00e1logo con los Pueblos Ind\u00edgenas de M\u00e9xico y Rodrigo Ch\u00e1vez Contreras, director ejecutivo de Operaci\u00f3n del Instituto de Vivienda.<\/h5>\n<\/div>\n<\/div>\n<\/div>\n<\/div>\n<\/div>\n<\/div>\n<\/div>\n<\/section>\n<section class=\"elementor-section elementor-top-section elementor-element elementor-element-2a4465ff elementor-section-stretched elementor-section-full_width elementor-section-height-min-height elementor-section-items-top elementor-section-height-default\" data-id=\"2a4465ff\" data-element_type=\"section\" data-settings=\"{&quot;stretch_section&quot;:&quot;section-stretched&quot;}\">\n<div class=\"elementor-container elementor-column-gap-no\">\n<div class=\"elementor-row\">\n<div class=\"elementor-column elementor-col-100 elementor-top-column elementor-element elementor-element-26d3a3d5\" data-id=\"26d3a3d5\" data-element_type=\"column\">\n<div class=\"elementor-column-wrap elementor-element-populated\">\n<div class=\"elementor-widget-wrap\">\n<div class=\"elementor-element elementor-element-606520d elementor-hidden-phone elementor-widget-divider--view-line elementor-widget elementor-widget-divider\" data-id=\"606520d\" data-element_type=\"widget\" data-widget_type=\"divider.default\">\n<div class=\"elementor-widget-container\">\n<div class=\"elementor-divider\"><\/div>\n<\/div>\n<\/div>\n<\/div>\n<\/div>\n<\/div>\n<\/div>\n<\/div>\n<\/section>\n<section class=\"elementor-section elementor-top-section elementor-element elementor-element-5f0a7401 elementor-section-content-middle elementor-section-stretched elementor-section-full_width elementor-section-height-default elementor-section-height-default\" data-id=\"5f0a7401\" data-element_type=\"section\" data-settings=\"{&quot;stretch_section&quot;:&quot;section-stretched&quot;}\">\n<div class=\"elementor-container elementor-column-gap-no\">\n<div class=\"elementor-row\">\n<div class=\"elementor-column elementor-col-50 elementor-top-column elementor-element elementor-element-1ed5f4d0\" data-id=\"1ed5f4d0\" data-element_type=\"column\">\n<div class=\"elementor-column-wrap elementor-element-populated\">\n<div class=\"elementor-widget-wrap\">\n<div class=\"elementor-element elementor-element-2632fe35 elementor-widget elementor-widget-heading\" data-id=\"2632fe35\" data-element_type=\"widget\" data-widget_type=\"heading.default\">\n<div class=\"elementor-widget-container\">\n<h5 class=\"elementor-heading-title elementor-size-small\">Ella es la primera en tomar la palabra, les reclama a las autoridades: \u00abhan sido ciegas, no nos han escuchado, no nos han mirado\u00bb. Es Isabel Valencia, mujer residente en un predio de la colonia Roma, Zacatecas 74. \u00abHoy estamos aqu\u00ed para decirles que no venimos a pedirles. Para exigirles que nos escuchen, que cumplan con sus trabajos, es lo que les corresponde\u00bb.<\/h5>\n<\/div>\n<\/div>\n<\/div>\n<\/div>\n<\/div>\n<div class=\"elementor-column elementor-col-50 elementor-top-column elementor-element elementor-element-1efb56f1\" data-id=\"1efb56f1\" data-element_type=\"column\">\n<div class=\"elementor-column-wrap elementor-element-populated\">\n<div class=\"elementor-widget-wrap\">\n<div class=\"elementor-element elementor-element-7001da40 elementor-widget elementor-widget-image\" data-id=\"7001da40\" data-element_type=\"widget\" data-widget_type=\"image.default\">\n<div class=\"elementor-widget-container\">\n<div class=\"elementor-image\"><img loading=\"lazy\" decoding=\"async\" class=\"attachment-full size-full\" src=\"https:\/\/regeneracionradio.org\/wp-content\/uploads\/2020\/11\/Isabel-Valencia.jpg\" sizes=\"auto, (max-width: 1200px) 100vw, 1200px\" srcset=\"https:\/\/regeneracionradio.org\/wp-content\/uploads\/2020\/11\/Isabel-Valencia.jpg 1200w, https:\/\/regeneracionradio.org\/wp-content\/uploads\/2020\/11\/Isabel-Valencia-300x200.jpg 300w, https:\/\/regeneracionradio.org\/wp-content\/uploads\/2020\/11\/Isabel-Valencia-1024x683.jpg 1024w, https:\/\/regeneracionradio.org\/wp-content\/uploads\/2020\/11\/Isabel-Valencia-768x512.jpg 768w, https:\/\/regeneracionradio.org\/wp-content\/uploads\/2020\/11\/Isabel-Valencia-600x400.jpg 600w, https:\/\/regeneracionradio.org\/wp-content\/uploads\/2020\/11\/Isabel-Valencia-150x100.jpg 150w, https:\/\/regeneracionradio.org\/wp-content\/uploads\/2020\/11\/Isabel-Valencia-696x464.jpg 696w, https:\/\/regeneracionradio.org\/wp-content\/uploads\/2020\/11\/Isabel-Valencia-1068x712.jpg 1068w, https:\/\/regeneracionradio.org\/wp-content\/uploads\/2020\/11\/Isabel-Valencia-630x420.jpg 630w\" alt=\"\" width=\"1200\" height=\"800\" data-mwl-img-id=\"10433\" \/><\/div>\n<\/div>\n<\/div>\n<\/div>\n<\/div>\n<\/div>\n<\/div>\n<\/div>\n<\/section>\n<section class=\"elementor-section elementor-top-section elementor-element elementor-element-6ff0b05d elementor-section-stretched elementor-section-full_width elementor-section-height-min-height elementor-section-items-top elementor-section-height-default\" data-id=\"6ff0b05d\" data-element_type=\"section\" data-settings=\"{&quot;stretch_section&quot;:&quot;section-stretched&quot;}\">\n<div class=\"elementor-container elementor-column-gap-no\">\n<div class=\"elementor-row\">\n<div class=\"elementor-column elementor-col-100 elementor-top-column elementor-element elementor-element-1e959f33\" data-id=\"1e959f33\" data-element_type=\"column\">\n<div class=\"elementor-column-wrap elementor-element-populated\">\n<div class=\"elementor-widget-wrap\">\n<div class=\"elementor-element elementor-element-3d856418 elementor-hidden-phone elementor-widget-divider--view-line elementor-widget elementor-widget-divider\" data-id=\"3d856418\" data-element_type=\"widget\" data-widget_type=\"divider.default\">\n<div class=\"elementor-widget-container\">\n<div class=\"elementor-divider\"><\/div>\n<\/div>\n<\/div>\n<\/div>\n<\/div>\n<\/div>\n<\/div>\n<\/div>\n<\/section>\n<section class=\"elementor-section elementor-top-section elementor-element elementor-element-32df7b04 elementor-section-content-middle elementor-section-stretched elementor-section-full_width elementor-section-height-min-height elementor-section-items-stretch elementor-reverse-mobile elementor-section-height-default\" data-id=\"32df7b04\" data-element_type=\"section\" data-settings=\"{&quot;stretch_section&quot;:&quot;section-stretched&quot;}\">\n<div class=\"elementor-container elementor-column-gap-no\">\n<div class=\"elementor-row\">\n<div class=\"elementor-column elementor-col-50 elementor-top-column elementor-element elementor-element-a49ef2c\" data-id=\"a49ef2c\" data-element_type=\"column\">\n<div class=\"elementor-column-wrap elementor-element-populated\">\n<div class=\"elementor-widget-wrap\">\n<div class=\"elementor-element elementor-element-a3abfd2 elementor-widget elementor-widget-image\" data-id=\"a3abfd2\" data-element_type=\"widget\" data-widget_type=\"image.default\">\n<div class=\"elementor-widget-container\">\n<div class=\"elementor-image\"><img loading=\"lazy\" decoding=\"async\" class=\"attachment-full size-full\" src=\"https:\/\/regeneracionradio.org\/wp-content\/uploads\/2020\/11\/Mujer-Bebe.jpg\" sizes=\"auto, (max-width: 1200px) 100vw, 1200px\" srcset=\"https:\/\/regeneracionradio.org\/wp-content\/uploads\/2020\/11\/Mujer-Bebe.jpg 1200w, https:\/\/regeneracionradio.org\/wp-content\/uploads\/2020\/11\/Mujer-Bebe-300x200.jpg 300w, https:\/\/regeneracionradio.org\/wp-content\/uploads\/2020\/11\/Mujer-Bebe-1024x683.jpg 1024w, https:\/\/regeneracionradio.org\/wp-content\/uploads\/2020\/11\/Mujer-Bebe-768x512.jpg 768w, https:\/\/regeneracionradio.org\/wp-content\/uploads\/2020\/11\/Mujer-Bebe-600x400.jpg 600w, https:\/\/regeneracionradio.org\/wp-content\/uploads\/2020\/11\/Mujer-Bebe-150x100.jpg 150w, https:\/\/regeneracionradio.org\/wp-content\/uploads\/2020\/11\/Mujer-Bebe-696x464.jpg 696w, https:\/\/regeneracionradio.org\/wp-content\/uploads\/2020\/11\/Mujer-Bebe-1068x712.jpg 1068w, https:\/\/regeneracionradio.org\/wp-content\/uploads\/2020\/11\/Mujer-Bebe-630x420.jpg 630w\" alt=\"\" width=\"1200\" height=\"800\" data-mwl-img-id=\"10434\" \/><\/div>\n<\/div>\n<\/div>\n<\/div>\n<\/div>\n<\/div>\n<div class=\"elementor-column elementor-col-50 elementor-top-column elementor-element elementor-element-2b0ac431\" data-id=\"2b0ac431\" data-element_type=\"column\">\n<div class=\"elementor-column-wrap elementor-element-populated\">\n<div class=\"elementor-widget-wrap\">\n<div class=\"elementor-element elementor-element-36731d6 elementor-widget elementor-widget-heading\" data-id=\"36731d6\" data-element_type=\"widget\" data-widget_type=\"heading.default\">\n<div class=\"elementor-widget-container\">\n<h5 class=\"elementor-heading-title elementor-size-small\">Exigimos \u00abesa vivienda digna, seg\u00fan las constituciones, seg\u00fan las leyes que ustedes a diario manejan\u00bb, dice Valencia desde su mesa. Alrededor de ella hay mujeres con sus hijos en rebozos, ni\u00f1os, ni\u00f1as, j\u00f3venes y abuelas que escuchan con atenci\u00f3n, en momentos asienten. Algunos beb\u00e9s lloran.<\/h5>\n<\/div>\n<\/div>\n<\/div>\n<\/div>\n<\/div>\n<\/div>\n<\/div>\n<\/section>\n<section class=\"elementor-section elementor-top-section elementor-element elementor-element-6c90a4af elementor-section-stretched elementor-section-full_width elementor-section-height-min-height elementor-section-items-top elementor-section-height-default\" data-id=\"6c90a4af\" data-element_type=\"section\" data-settings=\"{&quot;stretch_section&quot;:&quot;section-stretched&quot;}\">\n<div class=\"elementor-container elementor-column-gap-no\">\n<div class=\"elementor-row\">\n<div class=\"elementor-column elementor-col-100 elementor-top-column elementor-element elementor-element-79927c06\" data-id=\"79927c06\" data-element_type=\"column\">\n<div class=\"elementor-column-wrap elementor-element-populated\">\n<div class=\"elementor-widget-wrap\">\n<div class=\"elementor-element elementor-element-12a21047 elementor-hidden-phone elementor-widget-divider--view-line elementor-widget elementor-widget-divider\" data-id=\"12a21047\" data-element_type=\"widget\" data-widget_type=\"divider.default\">\n<div class=\"elementor-widget-container\">\n<div class=\"elementor-divider\"><\/div>\n<\/div>\n<\/div>\n<\/div>\n<\/div>\n<\/div>\n<\/div>\n<\/div>\n<\/section>\n<section class=\"elementor-section elementor-top-section elementor-element elementor-element-1f70776c elementor-section-content-middle elementor-section-stretched elementor-section-full_width elementor-section-height-default elementor-section-height-default\" data-id=\"1f70776c\" data-element_type=\"section\" data-settings=\"{&quot;stretch_section&quot;:&quot;section-stretched&quot;}\">\n<div class=\"elementor-container elementor-column-gap-no\">\n<div class=\"elementor-row\">\n<div class=\"elementor-column elementor-col-50 elementor-top-column elementor-element elementor-element-5e6d3da5\" data-id=\"5e6d3da5\" data-element_type=\"column\">\n<div class=\"elementor-column-wrap elementor-element-populated\">\n<div class=\"elementor-widget-wrap\">\n<div class=\"elementor-element elementor-element-101aabd6 elementor-widget elementor-widget-heading\" data-id=\"101aabd6\" data-element_type=\"widget\" data-widget_type=\"heading.default\">\n<div class=\"elementor-widget-container\">\n<h5 class=\"elementor-heading-title elementor-size-small\">Un llamativo tapete decorativo que estaba en la sala de juntas personal de Adelfo Regino-ahora afuera del INPI- fue colocado para la reuni\u00f3n. Sobre el tejido descansa una leyenda \u00abLa Comunidad Otom\u00ed no somos pieza decorativa\u00bb. Las miradas irradian indignaci\u00f3n. Siguen los reclamos: \u00abmandaron a la mu\u00f1eca Lele a recorrer el mundo y a nosotros nos han ignorado, a nosotros no nos ven, pero si presumen nuestras artesan\u00edas\u00bb.<\/h5>\n<\/div>\n<\/div>\n<\/div>\n<\/div>\n<\/div>\n<div class=\"elementor-column elementor-col-50 elementor-top-column elementor-element elementor-element-518ecc8e\" data-id=\"518ecc8e\" data-element_type=\"column\">\n<div class=\"elementor-column-wrap elementor-element-populated\">\n<div class=\"elementor-widget-wrap\">\n<div class=\"elementor-element elementor-element-2d43d715 elementor-widget elementor-widget-image\" data-id=\"2d43d715\" data-element_type=\"widget\" data-widget_type=\"image.default\">\n<div class=\"elementor-widget-container\">\n<div class=\"elementor-image\"><img loading=\"lazy\" decoding=\"async\" class=\"attachment-full size-full\" src=\"https:\/\/regeneracionradio.org\/wp-content\/uploads\/2020\/11\/Tapete-Decorativo.jpg\" sizes=\"auto, (max-width: 1200px) 100vw, 1200px\" srcset=\"https:\/\/regeneracionradio.org\/wp-content\/uploads\/2020\/11\/Tapete-Decorativo.jpg 1200w, https:\/\/regeneracionradio.org\/wp-content\/uploads\/2020\/11\/Tapete-Decorativo-300x200.jpg 300w, https:\/\/regeneracionradio.org\/wp-content\/uploads\/2020\/11\/Tapete-Decorativo-1024x683.jpg 1024w, https:\/\/regeneracionradio.org\/wp-content\/uploads\/2020\/11\/Tapete-Decorativo-768x512.jpg 768w, https:\/\/regeneracionradio.org\/wp-content\/uploads\/2020\/11\/Tapete-Decorativo-600x400.jpg 600w, https:\/\/regeneracionradio.org\/wp-content\/uploads\/2020\/11\/Tapete-Decorativo-150x100.jpg 150w, https:\/\/regeneracionradio.org\/wp-content\/uploads\/2020\/11\/Tapete-Decorativo-696x464.jpg 696w, https:\/\/regeneracionradio.org\/wp-content\/uploads\/2020\/11\/Tapete-Decorativo-1068x712.jpg 1068w, https:\/\/regeneracionradio.org\/wp-content\/uploads\/2020\/11\/Tapete-Decorativo-630x420.jpg 630w\" alt=\"\" width=\"1200\" height=\"800\" data-mwl-img-id=\"10435\" \/><\/div>\n<\/div>\n<\/div>\n<\/div>\n<\/div>\n<\/div>\n<\/div>\n<\/div>\n<\/section>\n<section class=\"elementor-section elementor-top-section elementor-element elementor-element-958baf2 elementor-section-stretched elementor-section-full_width elementor-section-height-min-height elementor-section-items-top elementor-section-height-default\" data-id=\"958baf2\" data-element_type=\"section\" data-settings=\"{&quot;stretch_section&quot;:&quot;section-stretched&quot;}\">\n<div class=\"elementor-container elementor-column-gap-no\">\n<div class=\"elementor-row\">\n<div class=\"elementor-column elementor-col-100 elementor-top-column elementor-element elementor-element-2de08266\" data-id=\"2de08266\" data-element_type=\"column\">\n<div class=\"elementor-column-wrap elementor-element-populated\">\n<div class=\"elementor-widget-wrap\">\n<div class=\"elementor-element elementor-element-1f172668 elementor-hidden-phone elementor-widget-divider--view-line elementor-widget elementor-widget-divider\" data-id=\"1f172668\" data-element_type=\"widget\" data-widget_type=\"divider.default\">\n<div class=\"elementor-widget-container\">\n<div class=\"elementor-divider\"><\/div>\n<\/div>\n<\/div>\n<\/div>\n<\/div>\n<\/div>\n<\/div>\n<\/div>\n<\/section>\n<section class=\"elementor-section elementor-top-section elementor-element elementor-element-1a9ab750 elementor-section-content-middle elementor-section-stretched elementor-section-full_width elementor-section-height-min-height elementor-section-items-stretch elementor-reverse-mobile elementor-section-height-default\" data-id=\"1a9ab750\" data-element_type=\"section\" data-settings=\"{&quot;stretch_section&quot;:&quot;section-stretched&quot;}\">\n<div class=\"elementor-container elementor-column-gap-no\">\n<div class=\"elementor-row\">\n<div class=\"elementor-column elementor-col-50 elementor-top-column elementor-element elementor-element-39940ef3\" data-id=\"39940ef3\" data-element_type=\"column\">\n<div class=\"elementor-column-wrap elementor-element-populated\">\n<div class=\"elementor-widget-wrap\">\n<div class=\"elementor-element elementor-element-28a5a74f elementor-widget elementor-widget-image\" data-id=\"28a5a74f\" data-element_type=\"widget\" data-widget_type=\"image.default\">\n<div class=\"elementor-widget-container\">\n<div class=\"elementor-image\"><img loading=\"lazy\" decoding=\"async\" class=\"attachment-full size-full\" src=\"https:\/\/regeneracionradio.org\/wp-content\/uploads\/2020\/11\/Adelfo-Regino.jpg\" sizes=\"auto, (max-width: 1200px) 100vw, 1200px\" srcset=\"https:\/\/regeneracionradio.org\/wp-content\/uploads\/2020\/11\/Adelfo-Regino.jpg 1200w, https:\/\/regeneracionradio.org\/wp-content\/uploads\/2020\/11\/Adelfo-Regino-300x200.jpg 300w, https:\/\/regeneracionradio.org\/wp-content\/uploads\/2020\/11\/Adelfo-Regino-1024x683.jpg 1024w, https:\/\/regeneracionradio.org\/wp-content\/uploads\/2020\/11\/Adelfo-Regino-768x512.jpg 768w, https:\/\/regeneracionradio.org\/wp-content\/uploads\/2020\/11\/Adelfo-Regino-600x400.jpg 600w, https:\/\/regeneracionradio.org\/wp-content\/uploads\/2020\/11\/Adelfo-Regino-150x100.jpg 150w, https:\/\/regeneracionradio.org\/wp-content\/uploads\/2020\/11\/Adelfo-Regino-696x464.jpg 696w, https:\/\/regeneracionradio.org\/wp-content\/uploads\/2020\/11\/Adelfo-Regino-1068x712.jpg 1068w, https:\/\/regeneracionradio.org\/wp-content\/uploads\/2020\/11\/Adelfo-Regino-630x420.jpg 630w\" alt=\"\" width=\"1200\" height=\"800\" data-mwl-img-id=\"10436\" \/><\/div>\n<\/div>\n<\/div>\n<\/div>\n<\/div>\n<\/div>\n<div class=\"elementor-column elementor-col-50 elementor-top-column elementor-element elementor-element-7864cfd2\" data-id=\"7864cfd2\" data-element_type=\"column\">\n<div class=\"elementor-column-wrap elementor-element-populated\">\n<div class=\"elementor-widget-wrap\">\n<div class=\"elementor-element elementor-element-41006bf8 elementor-widget elementor-widget-heading\" data-id=\"41006bf8\" data-element_type=\"widget\" data-widget_type=\"heading.default\">\n<div class=\"elementor-widget-container\">\n<h5 class=\"elementor-heading-title elementor-size-small\">Los funcionarios escuchan, toman nota. Adelfo Regino baja la mirada. Josefina Bravo y Juan Guti\u00e9rrez M\u00e1rquez revisan su dispositivo m\u00f3vil de vez en cuando. Pero las mujeres otom\u00edes con frecuencia les insisten en que las miren.<\/h5>\n<\/div>\n<\/div>\n<\/div>\n<\/div>\n<\/div>\n<\/div>\n<\/div>\n<\/section>\n<section class=\"elementor-section elementor-top-section elementor-element elementor-element-64ab70ff elementor-section-stretched elementor-section-full_width elementor-section-height-min-height elementor-section-items-top elementor-section-height-default\" data-id=\"64ab70ff\" data-element_type=\"section\" data-settings=\"{&quot;stretch_section&quot;:&quot;section-stretched&quot;}\">\n<div class=\"elementor-container elementor-column-gap-no\">\n<div class=\"elementor-row\">\n<div class=\"elementor-column elementor-col-100 elementor-top-column elementor-element elementor-element-5c03f594\" data-id=\"5c03f594\" data-element_type=\"column\">\n<div class=\"elementor-column-wrap elementor-element-populated\">\n<div class=\"elementor-widget-wrap\">\n<div class=\"elementor-element elementor-element-5ac2b7a9 elementor-hidden-phone elementor-widget-divider--view-line elementor-widget elementor-widget-divider\" data-id=\"5ac2b7a9\" data-element_type=\"widget\" data-widget_type=\"divider.default\">\n<div class=\"elementor-widget-container\">\n<div class=\"elementor-divider\"><\/div>\n<\/div>\n<\/div>\n<\/div>\n<\/div>\n<\/div>\n<\/div>\n<\/div>\n<\/section>\n<section class=\"elementor-section elementor-top-section elementor-element elementor-element-46d0944 elementor-section-content-middle elementor-section-stretched elementor-section-full_width elementor-section-height-default elementor-section-height-default\" data-id=\"46d0944\" data-element_type=\"section\" data-settings=\"{&quot;stretch_section&quot;:&quot;section-stretched&quot;}\">\n<div class=\"elementor-container elementor-column-gap-no\">\n<div class=\"elementor-row\">\n<div class=\"elementor-column elementor-col-50 elementor-top-column elementor-element elementor-element-4c210477\" data-id=\"4c210477\" data-element_type=\"column\">\n<div class=\"elementor-column-wrap elementor-element-populated\">\n<div class=\"elementor-widget-wrap\">\n<div class=\"elementor-element elementor-element-595d5f2c elementor-widget elementor-widget-heading\" data-id=\"595d5f2c\" data-element_type=\"widget\" data-widget_type=\"heading.default\">\n<div class=\"elementor-widget-container\">\n<h5 class=\"elementor-heading-title elementor-size-small\">Maricela Mej\u00eda es concejala de el Concejo Ind\u00edgena de Gobierno, (CNI-EZLN). Dirige sus palabras: \u00abusted, Adelfo Regino, viene de un pueblo \u00bfNo conoce qu\u00e9 quiere la madre tierra? \u00a1Paz!\u00bb La voz de Maricela no cesa, las pausas son pocas. Hay enojo. Los reclamos hist\u00f3ricos se acumularon. Pero muchos son para esta administraci\u00f3n:<\/h5>\n<\/div>\n<\/div>\n<\/div>\n<\/div>\n<\/div>\n<div class=\"elementor-column elementor-col-50 elementor-top-column elementor-element elementor-element-16bf1af4\" data-id=\"16bf1af4\" data-element_type=\"column\">\n<div class=\"elementor-column-wrap elementor-element-populated\">\n<div class=\"elementor-widget-wrap\">\n<div class=\"elementor-element elementor-element-5fd4d08b elementor-widget elementor-widget-image\" data-id=\"5fd4d08b\" data-element_type=\"widget\" data-widget_type=\"image.default\">\n<div class=\"elementor-widget-container\">\n<div class=\"elementor-image\"><img loading=\"lazy\" decoding=\"async\" class=\"attachment-full size-full\" src=\"https:\/\/regeneracionradio.org\/wp-content\/uploads\/2020\/11\/Mari-Mejia.jpg\" sizes=\"auto, (max-width: 1200px) 100vw, 1200px\" srcset=\"https:\/\/regeneracionradio.org\/wp-content\/uploads\/2020\/11\/Mari-Mejia.jpg 1200w, https:\/\/regeneracionradio.org\/wp-content\/uploads\/2020\/11\/Mari-Mejia-300x200.jpg 300w, https:\/\/regeneracionradio.org\/wp-content\/uploads\/2020\/11\/Mari-Mejia-1024x683.jpg 1024w, https:\/\/regeneracionradio.org\/wp-content\/uploads\/2020\/11\/Mari-Mejia-768x512.jpg 768w, https:\/\/regeneracionradio.org\/wp-content\/uploads\/2020\/11\/Mari-Mejia-600x400.jpg 600w, https:\/\/regeneracionradio.org\/wp-content\/uploads\/2020\/11\/Mari-Mejia-150x100.jpg 150w, https:\/\/regeneracionradio.org\/wp-content\/uploads\/2020\/11\/Mari-Mejia-696x464.jpg 696w, https:\/\/regeneracionradio.org\/wp-content\/uploads\/2020\/11\/Mari-Mejia-1068x712.jpg 1068w, https:\/\/regeneracionradio.org\/wp-content\/uploads\/2020\/11\/Mari-Mejia-630x420.jpg 630w\" alt=\"\" width=\"1200\" height=\"800\" data-mwl-img-id=\"10439\" \/><\/div>\n<\/div>\n<\/div>\n<\/div>\n<\/div>\n<\/div>\n<\/div>\n<\/div>\n<\/section>\n<section class=\"elementor-section elementor-top-section elementor-element elementor-element-5452de4e elementor-section-stretched elementor-section-full_width elementor-section-height-min-height elementor-section-items-top elementor-section-height-default\" data-id=\"5452de4e\" data-element_type=\"section\" data-settings=\"{&quot;stretch_section&quot;:&quot;section-stretched&quot;}\">\n<div class=\"elementor-container elementor-column-gap-no\">\n<div class=\"elementor-row\">\n<div class=\"elementor-column elementor-col-100 elementor-top-column elementor-element elementor-element-466ed89e\" data-id=\"466ed89e\" data-element_type=\"column\">\n<div class=\"elementor-column-wrap elementor-element-populated\">\n<div class=\"elementor-widget-wrap\">\n<div class=\"elementor-element elementor-element-cd68346 elementor-hidden-phone elementor-widget-divider--view-line elementor-widget elementor-widget-divider\" data-id=\"cd68346\" data-element_type=\"widget\" data-widget_type=\"divider.default\">\n<div class=\"elementor-widget-container\">\n<div class=\"elementor-divider\"><\/div>\n<\/div>\n<\/div>\n<\/div>\n<\/div>\n<\/div>\n<\/div>\n<\/div>\n<\/section>\n<section class=\"elementor-section elementor-top-section elementor-element elementor-element-4250378f elementor-section-content-middle elementor-section-stretched elementor-section-full_width elementor-section-height-min-height elementor-section-items-stretch elementor-reverse-mobile elementor-section-height-default\" data-id=\"4250378f\" data-element_type=\"section\" data-settings=\"{&quot;stretch_section&quot;:&quot;section-stretched&quot;}\">\n<div class=\"elementor-container elementor-column-gap-no\">\n<div class=\"elementor-row\">\n<div class=\"elementor-column elementor-col-50 elementor-top-column elementor-element elementor-element-5a5e8a33\" data-id=\"5a5e8a33\" data-element_type=\"column\">\n<div class=\"elementor-column-wrap elementor-element-populated\">\n<div class=\"elementor-widget-wrap\">\n<div class=\"elementor-element elementor-element-626b72dc elementor-widget elementor-widget-image\" data-id=\"626b72dc\" data-element_type=\"widget\" data-widget_type=\"image.default\">\n<div class=\"elementor-widget-container\">\n<div class=\"elementor-image\"><img loading=\"lazy\" decoding=\"async\" class=\"attachment-full size-full\" src=\"https:\/\/regeneracionradio.org\/wp-content\/uploads\/2020\/11\/Adelfo-Traidor.jpg\" sizes=\"auto, (max-width: 1200px) 100vw, 1200px\" srcset=\"https:\/\/regeneracionradio.org\/wp-content\/uploads\/2020\/11\/Adelfo-Traidor.jpg 1200w, https:\/\/regeneracionradio.org\/wp-content\/uploads\/2020\/11\/Adelfo-Traidor-300x200.jpg 300w, https:\/\/regeneracionradio.org\/wp-content\/uploads\/2020\/11\/Adelfo-Traidor-1024x683.jpg 1024w, https:\/\/regeneracionradio.org\/wp-content\/uploads\/2020\/11\/Adelfo-Traidor-768x512.jpg 768w, https:\/\/regeneracionradio.org\/wp-content\/uploads\/2020\/11\/Adelfo-Traidor-600x400.jpg 600w, https:\/\/regeneracionradio.org\/wp-content\/uploads\/2020\/11\/Adelfo-Traidor-150x100.jpg 150w, https:\/\/regeneracionradio.org\/wp-content\/uploads\/2020\/11\/Adelfo-Traidor-696x464.jpg 696w, https:\/\/regeneracionradio.org\/wp-content\/uploads\/2020\/11\/Adelfo-Traidor-1068x712.jpg 1068w, https:\/\/regeneracionradio.org\/wp-content\/uploads\/2020\/11\/Adelfo-Traidor-630x420.jpg 630w\" alt=\"\" width=\"1200\" height=\"800\" data-mwl-img-id=\"10440\" \/><\/div>\n<\/div>\n<\/div>\n<\/div>\n<\/div>\n<\/div>\n<div class=\"elementor-column elementor-col-50 elementor-top-column elementor-element elementor-element-1002bca4\" data-id=\"1002bca4\" data-element_type=\"column\">\n<div class=\"elementor-column-wrap elementor-element-populated\">\n<div class=\"elementor-widget-wrap\">\n<div class=\"elementor-element elementor-element-1546aa88 elementor-widget elementor-widget-heading\" data-id=\"1546aa88\" data-element_type=\"widget\" data-widget_type=\"heading.default\">\n<div class=\"elementor-widget-container\">\n<h5 class=\"elementor-heading-title elementor-size-small\">\u00abYa basta, porque estamos hartos de enga\u00f1o, de que usted venga y se presente y diga \u201chermano\u201d, \u00bfhermano? \u00a1Por favor!\u00bb, dice Mej\u00eda con enojo y tono de iron\u00eda. Contin\u00faa: \u00abNo se le roba al hermano. No se le despoja al hermano. No se le saquea. Se le olvid\u00f3 de d\u00f3nde vino, se le olvidaron los acuerdos que ten\u00eda con los hermanos zapatistas. No queremos ese tipo de hermanos\u00bb.<\/h5>\n<\/div>\n<\/div>\n<\/div>\n<\/div>\n<\/div>\n<\/div>\n<\/div>\n<\/section>\n<section class=\"elementor-section elementor-top-section elementor-element elementor-element-408c978a elementor-section-boxed elementor-section-height-default elementor-section-height-default\" data-id=\"408c978a\" data-element_type=\"section\" data-settings=\"{&quot;background_background&quot;:&quot;classic&quot;}\">\n<div class=\"elementor-container elementor-column-gap-default\">\n<div class=\"elementor-row\">\n<div class=\"elementor-column elementor-col-100 elementor-top-column elementor-element elementor-element-5441f21b\" data-id=\"5441f21b\" data-element_type=\"column\" data-settings=\"{&quot;background_background&quot;:&quot;classic&quot;}\">\n<div class=\"elementor-column-wrap elementor-element-populated\">\n<div class=\"elementor-widget-wrap\">\n<div class=\"elementor-element elementor-element-6912d8b2 elementor-widget elementor-widget-heading\" data-id=\"6912d8b2\" data-element_type=\"widget\" data-widget_type=\"heading.default\">\n<div class=\"elementor-widget-container\">\n<h4 class=\"elementor-heading-title elementor-size-default\">\u00a1Ap\u00f3yanos! \u00bfTe gusta nuestro trabajo? Regeneraci\u00f3n Radio es posible gracias a las contribuci\u00f3n de nuestros lectores. Considera hacer una donaci\u00f3n:<\/h4>\n<\/div>\n<\/div>\n<div class=\"elementor-element elementor-element-54d8cc92 elementor-widget elementor-widget-shortcode animated slideInUp\" data-id=\"54d8cc92\" data-element_type=\"widget\" data-settings=\"{&quot;_animation&quot;:&quot;slideInUp&quot;}\" data-widget_type=\"shortcode.default\">\n<div class=\"elementor-widget-container\">\n<div class=\"elementor-shortcode\"><a class=\"dbox-donation-button\" href=\"https:\/\/donorbox.org\/donaciones-regeneracion-radio\">Donar<\/a><\/div>\n<\/div>\n<\/div>\n<\/div>\n<\/div>\n<\/div>\n<\/div>\n<\/div>\n<\/section>\n<section class=\"elementor-section elementor-top-section elementor-element elementor-element-5705ddba elementor-section-stretched elementor-section-full_width elementor-section-height-min-height elementor-section-items-top elementor-section-height-default\" data-id=\"5705ddba\" data-element_type=\"section\" data-settings=\"{&quot;stretch_section&quot;:&quot;section-stretched&quot;}\">\n<div class=\"elementor-container elementor-column-gap-no\">\n<div class=\"elementor-row\">\n<div class=\"elementor-column elementor-col-100 elementor-top-column elementor-element elementor-element-3ae4eefc\" data-id=\"3ae4eefc\" data-element_type=\"column\">\n<div class=\"elementor-column-wrap elementor-element-populated\">\n<div class=\"elementor-widget-wrap\">\n<div class=\"elementor-element elementor-element-5a589049 elementor-hidden-phone elementor-widget-divider--view-line elementor-widget elementor-widget-divider\" data-id=\"5a589049\" data-element_type=\"widget\" data-widget_type=\"divider.default\">\n<div class=\"elementor-widget-container\">\n<div class=\"elementor-divider\"><\/div>\n<\/div>\n<\/div>\n<\/div>\n<\/div>\n<\/div>\n<\/div>\n<\/div>\n<\/section>\n<section class=\"elementor-section elementor-top-section elementor-element elementor-element-639de4a3 elementor-section-content-middle elementor-section-stretched elementor-section-full_width elementor-section-height-default elementor-section-height-default\" data-id=\"639de4a3\" data-element_type=\"section\" data-settings=\"{&quot;stretch_section&quot;:&quot;section-stretched&quot;}\">\n<div class=\"elementor-container elementor-column-gap-no\">\n<div class=\"elementor-row\">\n<div class=\"elementor-column elementor-col-50 elementor-top-column elementor-element elementor-element-7642d1b9\" data-id=\"7642d1b9\" data-element_type=\"column\">\n<div class=\"elementor-column-wrap elementor-element-populated\">\n<div class=\"elementor-widget-wrap\">\n<div class=\"elementor-element elementor-element-40b8b531 elementor-widget elementor-widget-heading\" data-id=\"40b8b531\" data-element_type=\"widget\" data-widget_type=\"heading.default\">\n<div class=\"elementor-widget-container\">\n<h5 class=\"elementor-heading-title elementor-size-small\">Filiberto Margarito, concejal del CIG, cuenta una historia, aunque los gobiernos \u00abperfectamente la conocen\u00bb. Es un relato de los otom\u00edes en la Ciudad de M\u00e9xico, desde que tuvieron que partir de Santiago Mexquititl\u00e1n, desde hace m\u00e1s de 25 a\u00f1os, con la esperanza de que sus hijos tuvieran una buena educaci\u00f3n, en busca de un sustento para las familias.<\/h5>\n<\/div>\n<\/div>\n<\/div>\n<\/div>\n<\/div>\n<div class=\"elementor-column elementor-col-50 elementor-top-column elementor-element elementor-element-5608a651\" data-id=\"5608a651\" data-element_type=\"column\">\n<div class=\"elementor-column-wrap elementor-element-populated\">\n<div class=\"elementor-widget-wrap\">\n<div class=\"elementor-element elementor-element-2c6636fb elementor-widget elementor-widget-image\" data-id=\"2c6636fb\" data-element_type=\"widget\" data-widget_type=\"image.default\">\n<div class=\"elementor-widget-container\">\n<div class=\"elementor-image\"><img loading=\"lazy\" decoding=\"async\" class=\"attachment-full size-full\" src=\"https:\/\/regeneracionradio.org\/wp-content\/uploads\/2020\/11\/Filiberto-Concejal-CIG_CNI_EZLN-0.jpg\" sizes=\"auto, (max-width: 1200px) 100vw, 1200px\" srcset=\"https:\/\/regeneracionradio.org\/wp-content\/uploads\/2020\/11\/Filiberto-Concejal-CIG_CNI_EZLN-0.jpg 1200w, https:\/\/regeneracionradio.org\/wp-content\/uploads\/2020\/11\/Filiberto-Concejal-CIG_CNI_EZLN-0-300x200.jpg 300w, https:\/\/regeneracionradio.org\/wp-content\/uploads\/2020\/11\/Filiberto-Concejal-CIG_CNI_EZLN-0-1024x683.jpg 1024w, https:\/\/regeneracionradio.org\/wp-content\/uploads\/2020\/11\/Filiberto-Concejal-CIG_CNI_EZLN-0-768x512.jpg 768w, https:\/\/regeneracionradio.org\/wp-content\/uploads\/2020\/11\/Filiberto-Concejal-CIG_CNI_EZLN-0-600x400.jpg 600w, https:\/\/regeneracionradio.org\/wp-content\/uploads\/2020\/11\/Filiberto-Concejal-CIG_CNI_EZLN-0-150x100.jpg 150w, https:\/\/regeneracionradio.org\/wp-content\/uploads\/2020\/11\/Filiberto-Concejal-CIG_CNI_EZLN-0-696x464.jpg 696w, https:\/\/regeneracionradio.org\/wp-content\/uploads\/2020\/11\/Filiberto-Concejal-CIG_CNI_EZLN-0-1068x712.jpg 1068w, https:\/\/regeneracionradio.org\/wp-content\/uploads\/2020\/11\/Filiberto-Concejal-CIG_CNI_EZLN-0-630x420.jpg 630w\" alt=\"\" width=\"1200\" height=\"800\" data-mwl-img-id=\"10443\" \/><\/div>\n<\/div>\n<\/div>\n<\/div>\n<\/div>\n<\/div>\n<\/div>\n<\/div>\n<\/section>\n<section class=\"elementor-section elementor-top-section elementor-element elementor-element-5fee70d3 elementor-section-stretched elementor-section-full_width elementor-section-height-min-height elementor-section-items-top elementor-section-height-default\" data-id=\"5fee70d3\" data-element_type=\"section\" data-settings=\"{&quot;stretch_section&quot;:&quot;section-stretched&quot;}\">\n<div class=\"elementor-container elementor-column-gap-no\">\n<div class=\"elementor-row\">\n<div class=\"elementor-column elementor-col-100 elementor-top-column elementor-element elementor-element-19d2733e\" data-id=\"19d2733e\" data-element_type=\"column\">\n<div class=\"elementor-column-wrap elementor-element-populated\">\n<div class=\"elementor-widget-wrap\">\n<div class=\"elementor-element elementor-element-322d29f8 elementor-hidden-phone elementor-widget-divider--view-line elementor-widget elementor-widget-divider\" data-id=\"322d29f8\" data-element_type=\"widget\" data-widget_type=\"divider.default\">\n<div class=\"elementor-widget-container\">\n<div class=\"elementor-divider\"><\/div>\n<\/div>\n<\/div>\n<\/div>\n<\/div>\n<\/div>\n<\/div>\n<\/div>\n<\/section>\n<section class=\"elementor-section elementor-top-section elementor-element elementor-element-88526c1 elementor-section-content-middle elementor-section-stretched elementor-section-full_width elementor-section-height-min-height elementor-section-items-stretch elementor-reverse-mobile elementor-section-height-default\" data-id=\"88526c1\" data-element_type=\"section\" data-settings=\"{&quot;stretch_section&quot;:&quot;section-stretched&quot;}\">\n<div class=\"elementor-container elementor-column-gap-no\">\n<div class=\"elementor-row\">\n<div class=\"elementor-column elementor-col-50 elementor-top-column elementor-element elementor-element-731f834\" data-id=\"731f834\" data-element_type=\"column\">\n<div class=\"elementor-column-wrap elementor-element-populated\">\n<div class=\"elementor-widget-wrap\">\n<div class=\"elementor-element elementor-element-5461ac31 elementor-widget elementor-widget-image\" data-id=\"5461ac31\" data-element_type=\"widget\" data-widget_type=\"image.default\">\n<div class=\"elementor-widget-container\">\n<div class=\"elementor-image\"><img loading=\"lazy\" decoding=\"async\" class=\"attachment-full size-full\" src=\"https:\/\/regeneracionradio.org\/wp-content\/uploads\/2020\/11\/Filiberto-Concejal-CIG_CNI_EZLN.jpg\" sizes=\"auto, (max-width: 1200px) 100vw, 1200px\" srcset=\"https:\/\/regeneracionradio.org\/wp-content\/uploads\/2020\/11\/Filiberto-Concejal-CIG_CNI_EZLN.jpg 1200w, https:\/\/regeneracionradio.org\/wp-content\/uploads\/2020\/11\/Filiberto-Concejal-CIG_CNI_EZLN-300x200.jpg 300w, https:\/\/regeneracionradio.org\/wp-content\/uploads\/2020\/11\/Filiberto-Concejal-CIG_CNI_EZLN-1024x683.jpg 1024w, https:\/\/regeneracionradio.org\/wp-content\/uploads\/2020\/11\/Filiberto-Concejal-CIG_CNI_EZLN-768x512.jpg 768w, https:\/\/regeneracionradio.org\/wp-content\/uploads\/2020\/11\/Filiberto-Concejal-CIG_CNI_EZLN-600x400.jpg 600w, https:\/\/regeneracionradio.org\/wp-content\/uploads\/2020\/11\/Filiberto-Concejal-CIG_CNI_EZLN-150x100.jpg 150w, https:\/\/regeneracionradio.org\/wp-content\/uploads\/2020\/11\/Filiberto-Concejal-CIG_CNI_EZLN-696x464.jpg 696w, https:\/\/regeneracionradio.org\/wp-content\/uploads\/2020\/11\/Filiberto-Concejal-CIG_CNI_EZLN-1068x712.jpg 1068w, https:\/\/regeneracionradio.org\/wp-content\/uploads\/2020\/11\/Filiberto-Concejal-CIG_CNI_EZLN-630x420.jpg 630w\" alt=\"\" width=\"1200\" height=\"800\" data-mwl-img-id=\"10442\" \/><\/div>\n<\/div>\n<\/div>\n<\/div>\n<\/div>\n<\/div>\n<div class=\"elementor-column elementor-col-50 elementor-top-column elementor-element elementor-element-67316baf\" data-id=\"67316baf\" data-element_type=\"column\">\n<div class=\"elementor-column-wrap elementor-element-populated\">\n<div class=\"elementor-widget-wrap\">\n<div class=\"elementor-element elementor-element-f9e54ee elementor-widget elementor-widget-heading\" data-id=\"f9e54ee\" data-element_type=\"widget\" data-widget_type=\"heading.default\">\n<div class=\"elementor-widget-container\">\n<h5 class=\"elementor-heading-title elementor-size-small\">Pero la metr\u00f3poli fue cruel: \u00abllegamos a la ciudad, nos ven con otra cara, no como comunidades ind\u00edgenas, nos ven [como] personas raras o delincuentes\u00bb. En 1997 se organizaron y tomaron Zacatecas 74, un sitio abandonado despu\u00e9s del sismo que sacudi\u00f3 al Distrito Federal de 1985.<\/h5>\n<\/div>\n<\/div>\n<\/div>\n<\/div>\n<\/div>\n<\/div>\n<\/div>\n<\/section>\n<section class=\"elementor-section elementor-top-section elementor-element elementor-element-3b6fe9c8 elementor-section-stretched elementor-section-full_width elementor-section-height-min-height elementor-section-items-top elementor-section-height-default\" data-id=\"3b6fe9c8\" data-element_type=\"section\" data-settings=\"{&quot;stretch_section&quot;:&quot;section-stretched&quot;}\">\n<div class=\"elementor-container elementor-column-gap-no\">\n<div class=\"elementor-row\">\n<div class=\"elementor-column elementor-col-100 elementor-top-column elementor-element elementor-element-1f73fa55\" data-id=\"1f73fa55\" data-element_type=\"column\">\n<div class=\"elementor-column-wrap elementor-element-populated\">\n<div class=\"elementor-widget-wrap\">\n<div class=\"elementor-element elementor-element-7965b4f3 elementor-hidden-phone elementor-widget-divider--view-line elementor-widget elementor-widget-divider\" data-id=\"7965b4f3\" data-element_type=\"widget\" data-widget_type=\"divider.default\">\n<div class=\"elementor-widget-container\">\n<div class=\"elementor-divider\"><\/div>\n<\/div>\n<\/div>\n<\/div>\n<\/div>\n<\/div>\n<\/div>\n<\/div>\n<\/section>\n<section class=\"elementor-section elementor-top-section elementor-element elementor-element-66f58e4f elementor-section-content-middle elementor-section-stretched elementor-section-full_width elementor-section-height-default elementor-section-height-default\" data-id=\"66f58e4f\" data-element_type=\"section\" data-settings=\"{&quot;stretch_section&quot;:&quot;section-stretched&quot;}\">\n<div class=\"elementor-container elementor-column-gap-no\">\n<div class=\"elementor-row\">\n<div class=\"elementor-column elementor-col-50 elementor-top-column elementor-element elementor-element-1393c5e5\" data-id=\"1393c5e5\" data-element_type=\"column\">\n<div class=\"elementor-column-wrap elementor-element-populated\">\n<div class=\"elementor-widget-wrap\">\n<div class=\"elementor-element elementor-element-22d22eef elementor-widget elementor-widget-heading\" data-id=\"22d22eef\" data-element_type=\"widget\" data-widget_type=\"heading.default\">\n<div class=\"elementor-widget-container\">\n<h5 class=\"elementor-heading-title elementor-size-small\">\u00abNosotros dorm\u00edamos en las centrales, nos dorm\u00edamos en las calles y en los hospitales donde ten\u00edamos que resguardarnos en la noche y en el d\u00eda salir a trabajar\u00bb. Filiberto hace referencia a su experiencia personal, pero tambi\u00e9n recuerda que hay algunos de sus compa\u00f1eros que llegaron hace m\u00e1s de 50 a\u00f1os a la capital.<\/h5>\n<\/div>\n<\/div>\n<\/div>\n<\/div>\n<\/div>\n<div class=\"elementor-column elementor-col-50 elementor-top-column elementor-element elementor-element-3d8b19ff\" data-id=\"3d8b19ff\" data-element_type=\"column\">\n<div class=\"elementor-column-wrap elementor-element-populated\">\n<div class=\"elementor-widget-wrap\">\n<div class=\"elementor-element elementor-element-2379e7db elementor-widget elementor-widget-image\" data-id=\"2379e7db\" data-element_type=\"widget\" data-widget_type=\"image.default\">\n<div class=\"elementor-widget-container\">\n<div class=\"elementor-image\"><img loading=\"lazy\" decoding=\"async\" class=\"attachment-full size-full\" src=\"https:\/\/regeneracionradio.org\/wp-content\/uploads\/2020\/11\/Mujeres-Otomis.jpg\" sizes=\"auto, (max-width: 1200px) 100vw, 1200px\" srcset=\"https:\/\/regeneracionradio.org\/wp-content\/uploads\/2020\/11\/Mujeres-Otomis.jpg 1200w, https:\/\/regeneracionradio.org\/wp-content\/uploads\/2020\/11\/Mujeres-Otomis-300x200.jpg 300w, https:\/\/regeneracionradio.org\/wp-content\/uploads\/2020\/11\/Mujeres-Otomis-1024x683.jpg 1024w, https:\/\/regeneracionradio.org\/wp-content\/uploads\/2020\/11\/Mujeres-Otomis-768x512.jpg 768w, https:\/\/regeneracionradio.org\/wp-content\/uploads\/2020\/11\/Mujeres-Otomis-600x400.jpg 600w, https:\/\/regeneracionradio.org\/wp-content\/uploads\/2020\/11\/Mujeres-Otomis-150x100.jpg 150w, https:\/\/regeneracionradio.org\/wp-content\/uploads\/2020\/11\/Mujeres-Otomis-696x464.jpg 696w, https:\/\/regeneracionradio.org\/wp-content\/uploads\/2020\/11\/Mujeres-Otomis-1068x712.jpg 1068w, https:\/\/regeneracionradio.org\/wp-content\/uploads\/2020\/11\/Mujeres-Otomis-630x420.jpg 630w\" alt=\"\" width=\"1200\" height=\"800\" data-mwl-img-id=\"10454\" \/><\/div>\n<\/div>\n<\/div>\n<\/div>\n<\/div>\n<\/div>\n<\/div>\n<\/div>\n<\/section>\n<section class=\"elementor-section elementor-top-section elementor-element elementor-element-50adda elementor-section-stretched elementor-section-full_width elementor-section-height-min-height elementor-section-items-top elementor-section-height-default\" data-id=\"50adda\" data-element_type=\"section\" data-settings=\"{&quot;stretch_section&quot;:&quot;section-stretched&quot;}\">\n<div class=\"elementor-container elementor-column-gap-no\">\n<div class=\"elementor-row\">\n<div class=\"elementor-column elementor-col-100 elementor-top-column elementor-element elementor-element-2158e6d8\" data-id=\"2158e6d8\" data-element_type=\"column\">\n<div class=\"elementor-column-wrap elementor-element-populated\">\n<div class=\"elementor-widget-wrap\">\n<div class=\"elementor-element elementor-element-2054fb15 elementor-hidden-phone elementor-widget-divider--view-line elementor-widget elementor-widget-divider\" data-id=\"2054fb15\" data-element_type=\"widget\" data-widget_type=\"divider.default\">\n<div class=\"elementor-widget-container\">\n<div class=\"elementor-divider\"><\/div>\n<\/div>\n<\/div>\n<\/div>\n<\/div>\n<\/div>\n<\/div>\n<\/div>\n<\/section>\n<section class=\"elementor-section elementor-top-section elementor-element elementor-element-217be4bd elementor-section-content-middle elementor-section-stretched elementor-section-full_width elementor-section-height-min-height elementor-section-items-stretch elementor-reverse-mobile elementor-section-height-default\" data-id=\"217be4bd\" data-element_type=\"section\" data-settings=\"{&quot;stretch_section&quot;:&quot;section-stretched&quot;}\">\n<div class=\"elementor-container elementor-column-gap-no\">\n<div class=\"elementor-row\">\n<div class=\"elementor-column elementor-col-50 elementor-top-column elementor-element elementor-element-254a7c7c\" data-id=\"254a7c7c\" data-element_type=\"column\">\n<div class=\"elementor-column-wrap elementor-element-populated\">\n<div class=\"elementor-widget-wrap\">\n<div class=\"elementor-element elementor-element-583ab275 elementor-widget elementor-widget-image\" data-id=\"583ab275\" data-element_type=\"widget\" data-widget_type=\"image.default\">\n<div class=\"elementor-widget-container\">\n<div class=\"elementor-image\"><img loading=\"lazy\" decoding=\"async\" class=\"attachment-full size-full\" src=\"https:\/\/regeneracionradio.org\/wp-content\/uploads\/2020\/11\/Mago.jpg\" sizes=\"auto, (max-width: 1200px) 100vw, 1200px\" srcset=\"https:\/\/regeneracionradio.org\/wp-content\/uploads\/2020\/11\/Mago.jpg 1200w, https:\/\/regeneracionradio.org\/wp-content\/uploads\/2020\/11\/Mago-300x200.jpg 300w, https:\/\/regeneracionradio.org\/wp-content\/uploads\/2020\/11\/Mago-1024x683.jpg 1024w, https:\/\/regeneracionradio.org\/wp-content\/uploads\/2020\/11\/Mago-768x512.jpg 768w, https:\/\/regeneracionradio.org\/wp-content\/uploads\/2020\/11\/Mago-600x400.jpg 600w, https:\/\/regeneracionradio.org\/wp-content\/uploads\/2020\/11\/Mago-150x100.jpg 150w, https:\/\/regeneracionradio.org\/wp-content\/uploads\/2020\/11\/Mago-696x464.jpg 696w, https:\/\/regeneracionradio.org\/wp-content\/uploads\/2020\/11\/Mago-1068x712.jpg 1068w, https:\/\/regeneracionradio.org\/wp-content\/uploads\/2020\/11\/Mago-630x420.jpg 630w\" alt=\"\" width=\"1200\" height=\"800\" data-mwl-img-id=\"10446\" \/><\/div>\n<\/div>\n<\/div>\n<\/div>\n<\/div>\n<\/div>\n<div class=\"elementor-column elementor-col-50 elementor-top-column elementor-element elementor-element-63afd34c\" data-id=\"63afd34c\" data-element_type=\"column\">\n<div class=\"elementor-column-wrap elementor-element-populated\">\n<div class=\"elementor-widget-wrap\">\n<div class=\"elementor-element elementor-element-3719c9dd elementor-widget elementor-widget-heading\" data-id=\"3719c9dd\" data-element_type=\"widget\" data-widget_type=\"heading.default\">\n<div class=\"elementor-widget-container\">\n<h5 class=\"elementor-heading-title elementor-size-small\">Margarita Margarito vive en un campamento afuera del edificio ubicado en Roma 18, colonia Ju\u00e1rez. En contra esquina est\u00e1 el museo de Chocolate y a unos cuantos metros m\u00e1s, se ubica el Museo de Cera. Ella denuncia la discriminaci\u00f3n que vive en esta zona de la ciudad. La polic\u00eda no la deja vender. En 2018 el \u201cextinto cuerpo de granaderos\u201d los desaloj\u00f3 y golpe\u00f3, pues el inmueble le interesa a una empresa inmobiliaria denominada Eduardo S.A. de C.V. Se\u00f1ala que est\u00e1n coludidos con el gobierno de la Ciudad de M\u00e9xico.<\/h5>\n<\/div>\n<\/div>\n<\/div>\n<\/div>\n<\/div>\n<\/div>\n<\/div>\n<\/section>\n<section class=\"elementor-section elementor-top-section elementor-element elementor-element-456a1ab9 elementor-section-stretched elementor-section-full_width elementor-section-height-min-height elementor-section-items-top elementor-section-height-default\" data-id=\"456a1ab9\" data-element_type=\"section\" data-settings=\"{&quot;stretch_section&quot;:&quot;section-stretched&quot;}\">\n<div class=\"elementor-container elementor-column-gap-no\">\n<div class=\"elementor-row\">\n<div class=\"elementor-column elementor-col-100 elementor-top-column elementor-element elementor-element-210e8c03\" data-id=\"210e8c03\" data-element_type=\"column\">\n<div class=\"elementor-column-wrap elementor-element-populated\">\n<div class=\"elementor-widget-wrap\">\n<div class=\"elementor-element elementor-element-3e5076c3 elementor-hidden-phone elementor-widget-divider--view-line elementor-widget elementor-widget-divider\" data-id=\"3e5076c3\" data-element_type=\"widget\" data-widget_type=\"divider.default\">\n<div class=\"elementor-widget-container\">\n<div class=\"elementor-divider\"><\/div>\n<\/div>\n<\/div>\n<\/div>\n<\/div>\n<\/div>\n<\/div>\n<\/div>\n<\/section>\n<section class=\"elementor-section elementor-top-section elementor-element elementor-element-1eb28ba elementor-section-content-middle elementor-section-stretched elementor-section-full_width elementor-section-height-default elementor-section-height-default\" data-id=\"1eb28ba\" data-element_type=\"section\" data-settings=\"{&quot;stretch_section&quot;:&quot;section-stretched&quot;}\">\n<div class=\"elementor-container elementor-column-gap-no\">\n<div class=\"elementor-row\">\n<div class=\"elementor-column elementor-col-50 elementor-top-column elementor-element elementor-element-2e778202\" data-id=\"2e778202\" data-element_type=\"column\">\n<div class=\"elementor-column-wrap elementor-element-populated\">\n<div class=\"elementor-widget-wrap\">\n<div class=\"elementor-element elementor-element-3224a4ec elementor-widget elementor-widget-heading\" data-id=\"3224a4ec\" data-element_type=\"widget\" data-widget_type=\"heading.default\">\n<div class=\"elementor-widget-container\">\n<h5 class=\"elementor-heading-title elementor-size-small\">Margarita empu\u00f1a su mano cuando habla, para remarcar cada palabra, \u00abtrabajen con su sudor, no del sudor de los compa\u00f1eros y compa\u00f1eras que venimos aqu\u00ed\u00bb, dice mientras se toca la frente.<\/h5>\n<\/div>\n<\/div>\n<\/div>\n<\/div>\n<\/div>\n<div class=\"elementor-column elementor-col-50 elementor-top-column elementor-element elementor-element-412e5f83\" data-id=\"412e5f83\" data-element_type=\"column\">\n<div class=\"elementor-column-wrap elementor-element-populated\">\n<div class=\"elementor-widget-wrap\">\n<div class=\"elementor-element elementor-element-60a074b0 elementor-widget elementor-widget-image\" data-id=\"60a074b0\" data-element_type=\"widget\" data-widget_type=\"image.default\">\n<div class=\"elementor-widget-container\">\n<div class=\"elementor-image\"><img loading=\"lazy\" decoding=\"async\" class=\"attachment-full size-full\" src=\"https:\/\/regeneracionradio.org\/wp-content\/uploads\/2020\/11\/Margarita.jpg\" sizes=\"auto, (max-width: 1200px) 100vw, 1200px\" srcset=\"https:\/\/regeneracionradio.org\/wp-content\/uploads\/2020\/11\/Margarita.jpg 1200w, https:\/\/regeneracionradio.org\/wp-content\/uploads\/2020\/11\/Margarita-300x200.jpg 300w, https:\/\/regeneracionradio.org\/wp-content\/uploads\/2020\/11\/Margarita-1024x683.jpg 1024w, https:\/\/regeneracionradio.org\/wp-content\/uploads\/2020\/11\/Margarita-768x512.jpg 768w, https:\/\/regeneracionradio.org\/wp-content\/uploads\/2020\/11\/Margarita-600x400.jpg 600w, https:\/\/regeneracionradio.org\/wp-content\/uploads\/2020\/11\/Margarita-150x100.jpg 150w, https:\/\/regeneracionradio.org\/wp-content\/uploads\/2020\/11\/Margarita-696x464.jpg 696w, https:\/\/regeneracionradio.org\/wp-content\/uploads\/2020\/11\/Margarita-1068x712.jpg 1068w, https:\/\/regeneracionradio.org\/wp-content\/uploads\/2020\/11\/Margarita-630x420.jpg 630w\" alt=\"\" width=\"1200\" height=\"800\" data-mwl-img-id=\"10447\" \/><\/div>\n<\/div>\n<\/div>\n<\/div>\n<\/div>\n<\/div>\n<\/div>\n<\/div>\n<\/section>\n<section class=\"elementor-section elementor-top-section elementor-element elementor-element-46f398b2 elementor-section-stretched elementor-section-full_width elementor-section-height-min-height elementor-section-items-top elementor-section-height-default\" data-id=\"46f398b2\" data-element_type=\"section\" data-settings=\"{&quot;stretch_section&quot;:&quot;section-stretched&quot;}\">\n<div class=\"elementor-container elementor-column-gap-no\">\n<div class=\"elementor-row\">\n<div class=\"elementor-column elementor-col-100 elementor-top-column elementor-element elementor-element-44a5eef9\" data-id=\"44a5eef9\" data-element_type=\"column\">\n<div class=\"elementor-column-wrap elementor-element-populated\">\n<div class=\"elementor-widget-wrap\">\n<div class=\"elementor-element elementor-element-2ce55398 elementor-hidden-phone elementor-widget-divider--view-line elementor-widget elementor-widget-divider\" data-id=\"2ce55398\" data-element_type=\"widget\" data-widget_type=\"divider.default\">\n<div class=\"elementor-widget-container\">\n<div class=\"elementor-divider\"><\/div>\n<\/div>\n<\/div>\n<\/div>\n<\/div>\n<\/div>\n<\/div>\n<\/div>\n<\/section>\n<section class=\"elementor-section elementor-top-section elementor-element elementor-element-307918d3 elementor-section-content-middle elementor-section-stretched elementor-section-full_width elementor-section-height-min-height elementor-section-items-stretch elementor-reverse-mobile elementor-section-height-default\" data-id=\"307918d3\" data-element_type=\"section\" data-settings=\"{&quot;stretch_section&quot;:&quot;section-stretched&quot;}\">\n<div class=\"elementor-container elementor-column-gap-no\">\n<div class=\"elementor-row\">\n<div class=\"elementor-column elementor-col-50 elementor-top-column elementor-element elementor-element-11fb45b7\" data-id=\"11fb45b7\" data-element_type=\"column\">\n<div class=\"elementor-column-wrap elementor-element-populated\">\n<div class=\"elementor-widget-wrap\">\n<div class=\"elementor-element elementor-element-420effd7 elementor-widget elementor-widget-image\" data-id=\"420effd7\" data-element_type=\"widget\" data-widget_type=\"image.default\">\n<div class=\"elementor-widget-container\">\n<div class=\"elementor-image\"><img loading=\"lazy\" decoding=\"async\" class=\"attachment-full size-full\" src=\"https:\/\/regeneracionradio.org\/wp-content\/uploads\/2020\/11\/Dialogo-Otomi.jpg\" sizes=\"auto, (max-width: 1200px) 100vw, 1200px\" srcset=\"https:\/\/regeneracionradio.org\/wp-content\/uploads\/2020\/11\/Dialogo-Otomi.jpg 1200w, https:\/\/regeneracionradio.org\/wp-content\/uploads\/2020\/11\/Dialogo-Otomi-300x200.jpg 300w, https:\/\/regeneracionradio.org\/wp-content\/uploads\/2020\/11\/Dialogo-Otomi-1024x683.jpg 1024w, https:\/\/regeneracionradio.org\/wp-content\/uploads\/2020\/11\/Dialogo-Otomi-768x512.jpg 768w, https:\/\/regeneracionradio.org\/wp-content\/uploads\/2020\/11\/Dialogo-Otomi-600x400.jpg 600w, https:\/\/regeneracionradio.org\/wp-content\/uploads\/2020\/11\/Dialogo-Otomi-150x100.jpg 150w, https:\/\/regeneracionradio.org\/wp-content\/uploads\/2020\/11\/Dialogo-Otomi-696x464.jpg 696w, https:\/\/regeneracionradio.org\/wp-content\/uploads\/2020\/11\/Dialogo-Otomi-1068x712.jpg 1068w, https:\/\/regeneracionradio.org\/wp-content\/uploads\/2020\/11\/Dialogo-Otomi-630x420.jpg 630w\" alt=\"\" width=\"1200\" height=\"800\" data-mwl-img-id=\"10452\" \/><\/div>\n<\/div>\n<\/div>\n<\/div>\n<\/div>\n<\/div>\n<div class=\"elementor-column elementor-col-50 elementor-top-column elementor-element elementor-element-74cb9a60\" data-id=\"74cb9a60\" data-element_type=\"column\">\n<div class=\"elementor-column-wrap elementor-element-populated\">\n<div class=\"elementor-widget-wrap\">\n<div class=\"elementor-element elementor-element-1f9564f6 elementor-widget elementor-widget-heading\" data-id=\"1f9564f6\" data-element_type=\"widget\" data-widget_type=\"heading.default\">\n<div class=\"elementor-widget-container\">\n<h5 class=\"elementor-heading-title elementor-size-small\">Siguen los reclamos. Los funcionarios contin\u00faan escuchando, no por buena voluntad, sino por el edificio tomado, por el que han mostrado preocupaciones materiales. Pero la comunidad ha vivido despojo, discriminaci\u00f3n, abuso policial y no dejan la oportunidad de recordarlo. Es la primera vez que los escuchan y toman nota.<\/h5>\n<\/div>\n<\/div>\n<\/div>\n<\/div>\n<\/div>\n<\/div>\n<\/div>\n<\/section>\n<section class=\"elementor-section elementor-top-section elementor-element elementor-element-d8b18ec elementor-section-stretched elementor-section-full_width elementor-section-height-min-height elementor-section-items-top elementor-section-height-default\" data-id=\"d8b18ec\" data-element_type=\"section\" data-settings=\"{&quot;stretch_section&quot;:&quot;section-stretched&quot;}\">\n<div class=\"elementor-container elementor-column-gap-no\">\n<div class=\"elementor-row\">\n<div class=\"elementor-column elementor-col-100 elementor-top-column elementor-element elementor-element-fbe79b4\" data-id=\"fbe79b4\" data-element_type=\"column\">\n<div class=\"elementor-column-wrap elementor-element-populated\">\n<div class=\"elementor-widget-wrap\">\n<div class=\"elementor-element elementor-element-ca82c42 elementor-hidden-phone elementor-widget-divider--view-line elementor-widget elementor-widget-divider\" data-id=\"ca82c42\" data-element_type=\"widget\" data-widget_type=\"divider.default\">\n<div class=\"elementor-widget-container\">\n<div class=\"elementor-divider\"><\/div>\n<\/div>\n<\/div>\n<\/div>\n<\/div>\n<\/div>\n<\/div>\n<\/div>\n<\/section>\n<section class=\"elementor-section elementor-top-section elementor-element elementor-element-35f4a169 elementor-section-content-middle elementor-section-stretched elementor-section-full_width elementor-section-height-default elementor-section-height-default\" data-id=\"35f4a169\" data-element_type=\"section\" data-settings=\"{&quot;stretch_section&quot;:&quot;section-stretched&quot;}\">\n<div class=\"elementor-container elementor-column-gap-no\">\n<div class=\"elementor-row\">\n<div class=\"elementor-column elementor-col-50 elementor-top-column elementor-element elementor-element-5ccf2a40\" data-id=\"5ccf2a40\" data-element_type=\"column\">\n<div class=\"elementor-column-wrap elementor-element-populated\">\n<div class=\"elementor-widget-wrap\">\n<div class=\"elementor-element elementor-element-778ddf2c elementor-widget elementor-widget-heading\" data-id=\"778ddf2c\" data-element_type=\"widget\" data-widget_type=\"heading.default\">\n<div class=\"elementor-widget-container\">\n<h5 class=\"elementor-heading-title elementor-size-small\">Es el turno de hablar de los funcionarios, comienza Adelfo Regino, habla en ayuuk. Menciona que hay disposici\u00f3n para atenderlos y acceden a reunirse en una semana.<\/h5>\n<\/div>\n<\/div>\n<\/div>\n<\/div>\n<\/div>\n<div class=\"elementor-column elementor-col-50 elementor-top-column elementor-element elementor-element-33cb993f\" data-id=\"33cb993f\" data-element_type=\"column\">\n<div class=\"elementor-column-wrap elementor-element-populated\">\n<div class=\"elementor-widget-wrap\">\n<div class=\"elementor-element elementor-element-3f87ad88 elementor-widget elementor-widget-image\" data-id=\"3f87ad88\" data-element_type=\"widget\" data-widget_type=\"image.default\">\n<div class=\"elementor-widget-container\">\n<div class=\"elementor-image\"><img loading=\"lazy\" decoding=\"async\" class=\"attachment-full size-full\" src=\"https:\/\/regeneracionradio.org\/wp-content\/uploads\/2020\/11\/Adelfo.jpg\" sizes=\"auto, (max-width: 1200px) 100vw, 1200px\" srcset=\"https:\/\/regeneracionradio.org\/wp-content\/uploads\/2020\/11\/Adelfo.jpg 1200w, https:\/\/regeneracionradio.org\/wp-content\/uploads\/2020\/11\/Adelfo-300x200.jpg 300w, https:\/\/regeneracionradio.org\/wp-content\/uploads\/2020\/11\/Adelfo-1024x683.jpg 1024w, https:\/\/regeneracionradio.org\/wp-content\/uploads\/2020\/11\/Adelfo-768x512.jpg 768w, https:\/\/regeneracionradio.org\/wp-content\/uploads\/2020\/11\/Adelfo-600x400.jpg 600w, https:\/\/regeneracionradio.org\/wp-content\/uploads\/2020\/11\/Adelfo-150x100.jpg 150w, https:\/\/regeneracionradio.org\/wp-content\/uploads\/2020\/11\/Adelfo-696x464.jpg 696w, https:\/\/regeneracionradio.org\/wp-content\/uploads\/2020\/11\/Adelfo-1068x712.jpg 1068w, https:\/\/regeneracionradio.org\/wp-content\/uploads\/2020\/11\/Adelfo-630x420.jpg 630w\" alt=\"\" width=\"1200\" height=\"800\" data-mwl-img-id=\"10448\" \/><\/div>\n<\/div>\n<\/div>\n<\/div>\n<\/div>\n<\/div>\n<\/div>\n<\/div>\n<\/section>\n<section class=\"elementor-section elementor-top-section elementor-element elementor-element-a4cebff elementor-section-stretched elementor-section-full_width elementor-section-height-min-height elementor-section-items-top elementor-section-height-default\" data-id=\"a4cebff\" data-element_type=\"section\" data-settings=\"{&quot;stretch_section&quot;:&quot;section-stretched&quot;}\">\n<div class=\"elementor-container elementor-column-gap-no\">\n<div class=\"elementor-row\">\n<div class=\"elementor-column elementor-col-100 elementor-top-column elementor-element elementor-element-ee22a83\" data-id=\"ee22a83\" data-element_type=\"column\">\n<div class=\"elementor-column-wrap elementor-element-populated\">\n<div class=\"elementor-widget-wrap\">\n<div class=\"elementor-element elementor-element-45169af elementor-hidden-phone elementor-widget-divider--view-line elementor-widget elementor-widget-divider\" data-id=\"45169af\" data-element_type=\"widget\" data-widget_type=\"divider.default\">\n<div class=\"elementor-widget-container\">\n<div class=\"elementor-divider\"><\/div>\n<\/div>\n<\/div>\n<\/div>\n<\/div>\n<\/div>\n<\/div>\n<\/div>\n<\/section>\n<section class=\"elementor-section elementor-top-section elementor-element elementor-element-50387d0 elementor-section-content-middle elementor-section-stretched elementor-section-full_width elementor-section-height-min-height elementor-section-items-stretch elementor-reverse-mobile elementor-section-height-default\" data-id=\"50387d0\" data-element_type=\"section\" data-settings=\"{&quot;stretch_section&quot;:&quot;section-stretched&quot;}\">\n<div class=\"elementor-container elementor-column-gap-no\">\n<div class=\"elementor-row\">\n<div class=\"elementor-column elementor-col-50 elementor-top-column elementor-element elementor-element-028abc2\" data-id=\"028abc2\" data-element_type=\"column\">\n<div class=\"elementor-column-wrap elementor-element-populated\">\n<div class=\"elementor-widget-wrap\">\n<div class=\"elementor-element elementor-element-27e8480 elementor-widget elementor-widget-image\" data-id=\"27e8480\" data-element_type=\"widget\" data-widget_type=\"image.default\">\n<div class=\"elementor-widget-container\">\n<div class=\"elementor-image\"><img loading=\"lazy\" decoding=\"async\" class=\"attachment-full size-full\" src=\"https:\/\/regeneracionradio.org\/wp-content\/uploads\/2020\/11\/INVI-Dormido.jpg\" sizes=\"auto, (max-width: 1200px) 100vw, 1200px\" srcset=\"https:\/\/regeneracionradio.org\/wp-content\/uploads\/2020\/11\/INVI-Dormido.jpg 1200w, https:\/\/regeneracionradio.org\/wp-content\/uploads\/2020\/11\/INVI-Dormido-300x200.jpg 300w, https:\/\/regeneracionradio.org\/wp-content\/uploads\/2020\/11\/INVI-Dormido-1024x683.jpg 1024w, https:\/\/regeneracionradio.org\/wp-content\/uploads\/2020\/11\/INVI-Dormido-768x512.jpg 768w, https:\/\/regeneracionradio.org\/wp-content\/uploads\/2020\/11\/INVI-Dormido-600x400.jpg 600w, https:\/\/regeneracionradio.org\/wp-content\/uploads\/2020\/11\/INVI-Dormido-150x100.jpg 150w, https:\/\/regeneracionradio.org\/wp-content\/uploads\/2020\/11\/INVI-Dormido-696x464.jpg 696w, https:\/\/regeneracionradio.org\/wp-content\/uploads\/2020\/11\/INVI-Dormido-1068x712.jpg 1068w, https:\/\/regeneracionradio.org\/wp-content\/uploads\/2020\/11\/INVI-Dormido-630x420.jpg 630w\" alt=\"\" width=\"1200\" height=\"800\" data-mwl-img-id=\"10453\" \/><\/div>\n<\/div>\n<\/div>\n<\/div>\n<\/div>\n<\/div>\n<div class=\"elementor-column elementor-col-50 elementor-top-column elementor-element elementor-element-d190f8b\" data-id=\"d190f8b\" data-element_type=\"column\">\n<div class=\"elementor-column-wrap elementor-element-populated\">\n<div class=\"elementor-widget-wrap\">\n<div class=\"elementor-element elementor-element-b12c2f3 elementor-widget elementor-widget-heading\" data-id=\"b12c2f3\" data-element_type=\"widget\" data-widget_type=\"heading.default\">\n<div class=\"elementor-widget-container\">\n<h5 class=\"elementor-heading-title elementor-size-small\">Las exigencias son varias y deber\u00e1n trabajarse en las mesas siguientes. En una semana se volver\u00e1n a sentar para encausarlas: Una plaza de trabajo para vender artesan\u00edas, el decreto de expropiaci\u00f3n de los predios de vivienda, la cancelaci\u00f3n de los megaproyectos en Santiago Mexquititl\u00e1n. Incorporaci\u00f3n de Claudia Sheinbaum, jefa de gobierno de la CDMX, a las mesas de trabajo, cuando su estado de salud lo permita.<\/h5>\n<\/div>\n<\/div>\n<\/div>\n<\/div>\n<\/div>\n<\/div>\n<\/div>\n<\/section>\n<section class=\"elementor-section elementor-top-section elementor-element elementor-element-c331b08 elementor-section-stretched elementor-section-full_width elementor-section-height-min-height elementor-section-items-top elementor-section-height-default\" data-id=\"c331b08\" data-element_type=\"section\" data-settings=\"{&quot;stretch_section&quot;:&quot;section-stretched&quot;}\">\n<div class=\"elementor-container elementor-column-gap-no\">\n<div class=\"elementor-row\">\n<div class=\"elementor-column elementor-col-100 elementor-top-column elementor-element elementor-element-75874047\" data-id=\"75874047\" data-element_type=\"column\">\n<div class=\"elementor-column-wrap elementor-element-populated\">\n<div class=\"elementor-widget-wrap\">\n<div class=\"elementor-element elementor-element-47bf9773 elementor-hidden-phone elementor-widget-divider--view-line elementor-widget elementor-widget-divider\" data-id=\"47bf9773\" data-element_type=\"widget\" data-widget_type=\"divider.default\">\n<div class=\"elementor-widget-container\">\n<div class=\"elementor-divider\"><\/div>\n<\/div>\n<\/div>\n<\/div>\n<\/div>\n<\/div>\n<\/div>\n<\/div>\n<\/section>\n<section class=\"elementor-section elementor-top-section elementor-element elementor-element-065e1b1 elementor-section-content-middle elementor-section-stretched elementor-section-full_width elementor-section-height-default elementor-section-height-default\" data-id=\"065e1b1\" data-element_type=\"section\" data-settings=\"{&quot;stretch_section&quot;:&quot;section-stretched&quot;}\">\n<div class=\"elementor-container elementor-column-gap-no\">\n<div class=\"elementor-row\">\n<div class=\"elementor-column elementor-col-50 elementor-top-column elementor-element elementor-element-1fa1e57\" data-id=\"1fa1e57\" data-element_type=\"column\">\n<div class=\"elementor-column-wrap elementor-element-populated\">\n<div class=\"elementor-widget-wrap\">\n<div class=\"elementor-element elementor-element-cc4c5f0 elementor-widget elementor-widget-heading\" data-id=\"cc4c5f0\" data-element_type=\"widget\" data-widget_type=\"heading.default\">\n<div class=\"elementor-widget-container\">\n<h5 class=\"elementor-heading-title elementor-size-small\">Los otom\u00edes afirman que pueden esperar, porque los pueblos ind\u00edgenas llevan 528 a\u00f1os resistiendo en el olvido y d\u00e9cadas sin una vivienda, ni salud, ni trabajo. Termina la mesa, el espacio queda semivac\u00edo y algunas se abrazan, con sus compa\u00f1eras, amigas y familiares. Esperar\u00e1n. Mientras recuerdan a los capitalinos: \u201cNunca m\u00e1s una ciudad sin nosotras, ni nosotros\u201d.<\/h5>\n<\/div>\n<\/div>\n<\/div>\n<\/div>\n<\/div>\n<div class=\"elementor-column elementor-col-50 elementor-top-column elementor-element elementor-element-6d81681\" data-id=\"6d81681\" data-element_type=\"column\">\n<div class=\"elementor-column-wrap elementor-element-populated\">\n<div class=\"elementor-widget-wrap\">\n<div class=\"elementor-element elementor-element-24b47ef elementor-widget elementor-widget-image\" data-id=\"24b47ef\" data-element_type=\"widget\" data-widget_type=\"image.default\">\n<div class=\"elementor-widget-container\">\n<div class=\"elementor-image\"><img loading=\"lazy\" decoding=\"async\" class=\"attachment-full size-full\" src=\"https:\/\/regeneracionradio.org\/wp-content\/uploads\/2020\/11\/Toribio.jpg\" sizes=\"auto, (max-width: 1200px) 100vw, 1200px\" srcset=\"https:\/\/regeneracionradio.org\/wp-content\/uploads\/2020\/11\/Toribio.jpg 1200w, https:\/\/regeneracionradio.org\/wp-content\/uploads\/2020\/11\/Toribio-300x200.jpg 300w, https:\/\/regeneracionradio.org\/wp-content\/uploads\/2020\/11\/Toribio-1024x683.jpg 1024w, https:\/\/regeneracionradio.org\/wp-content\/uploads\/2020\/11\/Toribio-768x512.jpg 768w, https:\/\/regeneracionradio.org\/wp-content\/uploads\/2020\/11\/Toribio-600x400.jpg 600w, https:\/\/regeneracionradio.org\/wp-content\/uploads\/2020\/11\/Toribio-150x100.jpg 150w, https:\/\/regeneracionradio.org\/wp-content\/uploads\/2020\/11\/Toribio-696x464.jpg 696w, https:\/\/regeneracionradio.org\/wp-content\/uploads\/2020\/11\/Toribio-1068x712.jpg 1068w, https:\/\/regeneracionradio.org\/wp-content\/uploads\/2020\/11\/Toribio-630x420.jpg 630w\" alt=\"\" width=\"1200\" height=\"800\" data-mwl-img-id=\"10451\" \/><\/div>\n<\/div>\n<\/div>\n<\/div>\n<\/div>\n<\/div>\n<\/div>\n<\/div>\n<\/section>\n<p>&nbsp;[:]<\/p>\n","protected":false},"excerpt":{"rendered":"<p>[:es]Sandra Suaste &amp; Luis Suaste Las sillas lucieron vac\u00edas hasta las 10:21 de la ma\u00f1ana. La Comunidad Ind\u00edgena Otom\u00ed, que una semana antes, emplaz\u00f3 a varios funcionarios para entablar un di\u00e1logo a las afueras del edificio tomado del Instituto Nacional de los Pueblos Ind\u00edgenas (INPI), instal\u00f3 una mesa desde donde demandaron todas aquellas garant\u00edas que [&hellip;]<\/p>\n","protected":false},"author":21,"featured_media":35779,"comment_status":"open","ping_status":"closed","sticky":false,"template":"","format":"standard","meta":{"footnotes":""},"categories":[51,826],"tags":[917,1151,63,58,53,567,147,41,23,37,545,87,148,27,483],"class_list":["post-35778","post","type-post","status-publish","format-standard","has-post-thumbnail","hentry","category-autor","category-medios-libres-2","tag-chiapas","tag-cig","tag-cni","tag-derechos-humanos","tag-justicia","tag-megaproyectos","tag-militarizacion","tag-mujeres","tag-paramilitares","tag-presos-politicos","tag-pueblos-indigenas","tag-represion","tag-resistencia","tag-solidaridad","tag-tierra-y-territorio"],"_links":{"self":[{"href":"https:\/\/radiozapatista.org\/index.php?rest_route=\/wp\/v2\/posts\/35778","targetHints":{"allow":["GET"]}}],"collection":[{"href":"https:\/\/radiozapatista.org\/index.php?rest_route=\/wp\/v2\/posts"}],"about":[{"href":"https:\/\/radiozapatista.org\/index.php?rest_route=\/wp\/v2\/types\/post"}],"author":[{"embeddable":true,"href":"https:\/\/radiozapatista.org\/index.php?rest_route=\/wp\/v2\/users\/21"}],"replies":[{"embeddable":true,"href":"https:\/\/radiozapatista.org\/index.php?rest_route=%2Fwp%2Fv2%2Fcomments&post=35778"}],"version-history":[{"count":1,"href":"https:\/\/radiozapatista.org\/index.php?rest_route=\/wp\/v2\/posts\/35778\/revisions"}],"predecessor-version":[{"id":35780,"href":"https:\/\/radiozapatista.org\/index.php?rest_route=\/wp\/v2\/posts\/35778\/revisions\/35780"}],"wp:featuredmedia":[{"embeddable":true,"href":"https:\/\/radiozapatista.org\/index.php?rest_route=\/wp\/v2\/media\/35779"}],"wp:attachment":[{"href":"https:\/\/radiozapatista.org\/index.php?rest_route=%2Fwp%2Fv2%2Fmedia&parent=35778"}],"wp:term":[{"taxonomy":"category","embeddable":true,"href":"https:\/\/radiozapatista.org\/index.php?rest_route=%2Fwp%2Fv2%2Fcategories&post=35778"},{"taxonomy":"post_tag","embeddable":true,"href":"https:\/\/radiozapatista.org\/index.php?rest_route=%2Fwp%2Fv2%2Ftags&post=35778"}],"curies":[{"name":"wp","href":"https:\/\/api.w.org\/{rel}","templated":true}]}}