{"id":35700,"date":"2020-10-29T18:14:44","date_gmt":"2020-10-30T00:14:44","guid":{"rendered":"https:\/\/radiozapatista.org\/?p=35700"},"modified":"2020-10-29T18:14:44","modified_gmt":"2020-10-30T00:14:44","slug":"ofrenda-colectiva-del-dia-de-muerts-ardongo-ar-wente","status":"publish","type":"post","link":"https:\/\/radiozapatista.org\/?p=35700","title":{"rendered":"[:es]OFRENDA COLECTIVA del D\u00eda de muert@s Ardongo ar went\u00e9[:]"},"content":{"rendered":"<p>[:es]SUMATE A LA OFRENDA COLECTIVA del D\u00eda de muert@s Ardongo ar went\u00e9. #TomaINPI<\/p>\n<p>S\u00e1bado 30 de Octubre por la tarde INSTALACION por la tarde<\/p>\n<p>Domingo 1 Noviembre Prendida de velas UNA LUCECITA ZAPATISTA 6 pm<\/p>\n<p>Lunes 2 Noviembre Ofrenda Todo el d\u00eda<\/p>\n<p>#TomaINPI Av Coyoac\u00e1n 343 Xoco CDMX Al lado de la Cineteca Nacional<\/p>\n<p>Ofrenda a nuestr@s muert@s que vivieron y murieron haciendo un mundo donde quepan muchos mundos y l@s muert@s v\u00edctimas del mal gobierno.<br \/>\nUnete con flores, velas, calaveritas, papel picado, fotos, frutas, comida.<\/p>\n<p><img loading=\"lazy\" decoding=\"async\" class=\"alignnone size-medium wp-image-6417\" src=\"http:\/\/www.congresonacionalindigena.org\/wp-content\/uploads\/2020\/10\/IMG-20201029-WA0000-300x232.jpg\" sizes=\"auto, (max-width: 300px) 100vw, 300px\" srcset=\"https:\/\/www.congresonacionalindigena.org\/wp-content\/uploads\/2020\/10\/IMG-20201029-WA0000-300x232.jpg 300w, https:\/\/www.congresonacionalindigena.org\/wp-content\/uploads\/2020\/10\/IMG-20201029-WA0000-1024x791.jpg 1024w, https:\/\/www.congresonacionalindigena.org\/wp-content\/uploads\/2020\/10\/IMG-20201029-WA0000-768x593.jpg 768w, https:\/\/www.congresonacionalindigena.org\/wp-content\/uploads\/2020\/10\/IMG-20201029-WA0000-1200x927.jpg 1200w, https:\/\/www.congresonacionalindigena.org\/wp-content\/uploads\/2020\/10\/IMG-20201029-WA0000.jpg 1280w\" alt=\"\" width=\"300\" height=\"232\" \/>[:]<\/p>\n","protected":false},"excerpt":{"rendered":"<p>[:es]SUMATE A LA OFRENDA COLECTIVA del D\u00eda de muert@s Ardongo ar went\u00e9. #TomaINPI S\u00e1bado 30 de Octubre por la tarde INSTALACION por la tarde Domingo 1 Noviembre Prendida de velas UNA LUCECITA ZAPATISTA 6 pm Lunes 2 Noviembre Ofrenda Todo el d\u00eda #TomaINPI Av Coyoac\u00e1n 343 Xoco CDMX Al lado de la Cineteca Nacional Ofrenda [&hellip;]<\/p>\n","protected":false},"author":21,"featured_media":35702,"comment_status":"open","ping_status":"closed","sticky":false,"template":"","format":"standard","meta":{"footnotes":""},"categories":[51,943],"tags":[1139,58,53,41,545,87,148,27,483],"class_list":["post-35700","post","type-post","status-publish","format-standard","has-post-thumbnail","hentry","category-autor","category-cni","tag-artes","tag-derechos-humanos","tag-justicia","tag-mujeres","tag-pueblos-indigenas","tag-represion","tag-resistencia","tag-solidaridad","tag-tierra-y-territorio"],"_links":{"self":[{"href":"https:\/\/radiozapatista.org\/index.php?rest_route=\/wp\/v2\/posts\/35700","targetHints":{"allow":["GET"]}}],"collection":[{"href":"https:\/\/radiozapatista.org\/index.php?rest_route=\/wp\/v2\/posts"}],"about":[{"href":"https:\/\/radiozapatista.org\/index.php?rest_route=\/wp\/v2\/types\/post"}],"author":[{"embeddable":true,"href":"https:\/\/radiozapatista.org\/index.php?rest_route=\/wp\/v2\/users\/21"}],"replies":[{"embeddable":true,"href":"https:\/\/radiozapatista.org\/index.php?rest_route=%2Fwp%2Fv2%2Fcomments&post=35700"}],"version-history":[{"count":1,"href":"https:\/\/radiozapatista.org\/index.php?rest_route=\/wp\/v2\/posts\/35700\/revisions"}],"predecessor-version":[{"id":35701,"href":"https:\/\/radiozapatista.org\/index.php?rest_route=\/wp\/v2\/posts\/35700\/revisions\/35701"}],"wp:featuredmedia":[{"embeddable":true,"href":"https:\/\/radiozapatista.org\/index.php?rest_route=\/wp\/v2\/media\/35702"}],"wp:attachment":[{"href":"https:\/\/radiozapatista.org\/index.php?rest_route=%2Fwp%2Fv2%2Fmedia&parent=35700"}],"wp:term":[{"taxonomy":"category","embeddable":true,"href":"https:\/\/radiozapatista.org\/index.php?rest_route=%2Fwp%2Fv2%2Fcategories&post=35700"},{"taxonomy":"post_tag","embeddable":true,"href":"https:\/\/radiozapatista.org\/index.php?rest_route=%2Fwp%2Fv2%2Ftags&post=35700"}],"curies":[{"name":"wp","href":"https:\/\/api.w.org\/{rel}","templated":true}]}}