{"id":35685,"date":"2020-10-27T19:55:01","date_gmt":"2020-10-28T01:55:01","guid":{"rendered":"https:\/\/radiozapatista.org\/?p=35685"},"modified":"2020-10-27T20:18:25","modified_gmt":"2020-10-28T02:18:25","slug":"respuesta-de-la-comunidad-indigena-otomi-residente-en-la-cdmx-ante-la-propuesta-de-mesa-de-dialogo-que-propone-el-titular-del-inpi-sede-tomada-27-octubre-2020","status":"publish","type":"post","link":"https:\/\/radiozapatista.org\/?p=35685","title":{"rendered":"RESPUESTA DE LA COMUNIDAD IND\u00cdGENA OTOM\u00cd RESIDENTE EN LA CDMX, ANTE LA PROPUESTA DE \u201cMESA DE DI\u00c1LOGO\u201d QUE PROPONE EL TITULAR DEL #INPI, SEDE TOMADA 27 OCTUBRE, 2020"},"content":{"rendered":"<p>Ciudad de M\u00e9xico a 27 de Octubre de 2020<\/p>\n<p><b>*BOLETIN DE PRENSA*<\/b><\/p>\n<p><b>RESPUESTA DE LA COMUNIDAD IND\u00cdGENA OTOM\u00cd RESIDENTE EN LA CDMX, ANTE LA PROPUESTA DE \u201cMESA DE DI\u00c1LOGO\u201d QUE PROPONE EL TITULAR DEL #INPI, SEDE TOMADA.<\/b><\/p>\n<p><b>Al CCRI CG EZLN.<\/b><\/p>\n<p><b>Al Ej\u00e9rcito Zapatista de Liberaci\u00f3n Nacional.<\/b><\/p>\n<p><b>A la Comisi\u00f3n Sexta del EZLN.<\/b><\/p>\n<p><b>Al Congreso Nacional Ind\u00edgena.<\/b><\/p>\n<p><b>Al Concejo Ind\u00edgena de Gobierno\u00a0y su vocera, Mar\u00eda de Jes\u00fas Patricio Mart\u00ednez.<\/b><\/p>\n<p><b>A los Medios de Comunicaci\u00f3n<\/b><\/p>\n<p>El d\u00eda de hoy 27 de octubre de 2020, a 15 d\u00edas de haber tomado de manera pac\u00edfica el Instituto Nacional de Pueblos Ind\u00edgenas, INPI; reiteramos que esta acci\u00f3n se llev\u00f3 a cabo, en el marco de la Jornada Nacional de Movilizaci\u00f3n en Defensa de la Madre Tierra, contra la Guerra al EZLN, los Pueblos y las Comunidades Ind\u00edgenas.<\/p>\n<p>A dos semanas de la toma y seguimos mirando desprecio, discriminaci\u00f3n e indiferencia gubernamental a nuestra demandas, a nuestra palabra, a nuestra lucha; no importa si es gobierno local o federal, para el caso, el trato sigue siendo el mismo; sin embargo, miramos que importamos y hasta nos dan un valor, si solamente\u00a0<b><i>\u201csomos una pieza decorativa que bien puede ser parte del folcklore que luce bonito en la oficinas del Director del INPI\u201d<\/i><\/b><\/p>\n<p>En d\u00edas pasados, mediante su cuenta de Twitter, el INPI di\u00f3 a conocer el Comunicado No. 63, sin fecha, sin \u201cdestinatario\u201d y refiri\u00e9ndose solamente a un \u201cgrupo otom\u00ed\u201d, para convocarlos a una \u201cmesa de di\u00e1logo\u201d, conocer y atender sus demandas. D\u00edas despu\u00e9s, el pasado 18 de octubre, mediante oficio \u201cmembretado\u201d por el Gobierno Federal-INPI y el Gobierno de la CDMX, manifestaron su \u201cdisposici\u00f3n genuina de establecer una Mesa de Di\u00e1logo con el objeto de dar atenci\u00f3n y soluci\u00f3n a sus demandas\u201d, lamentablemente una vez m\u00e1s, reducen nuestras demanda a una sola, la vivienda. Finalmente, el pasado viernes 23 de octubre se present\u00f3 Nashieli Ram\u00edrez Hern\u00e1ndez, Presidenta de la Comisi\u00f3n de Derechos Humanos de la Ciudad de M\u00e9xico, quien se present\u00f3 en car\u00e1cter de \u201cvocera\u201d e \u201cintermediaria\u201d entre nuestra comunidad y las autoridades; ante la comunidad, asumi\u00f3 el compromiso de llevarle el mensaje a Claudia Sheinbaum para que se pronunciara respecto a nuestras peticiones, de esa fecha al dia de hoy, ha pasado una semana, sin que tengamos respuesta.\u00a0<b>Frente a estos hechos, nuestra comunidad responde los siguiente:<\/b><\/p>\n<ol>\n<li><b>Ratificamos la razones y las causas que nos llevaron a tomar las instalaciones del INPI.<\/b>\u00a0Este Instituto no nos representa; su reciente creaci\u00f3n, no se diferenc\u00eda muchos de sus or\u00edgenes ind\u00edgenistas, pues m\u00e1s alla de ofertar una \u201ctransformaci\u00f3n\u201d, desde aqu\u00ed se imponen despojos al territorio y a la madre tierra, se avalan consultas simuladas y se asesina a defensores de la tierra, el agua, los montes y nuestrtos recursos naturales; tal es el caso de nuestro hermano Samir Flores Soberanes. Desde aqu\u00ed se dise\u00f1a y opera la imposici\u00f3n de megaproyectos como el Tren Maya, el Corredor Interoce\u00e1nico, el Proyecto Integral Morelos, el Aeropuerto Internacional de Santa Luc\u00eda o la Refiner\u00eda Dos Bocas, entre otros.<\/li>\n<\/ol>\n<p>Denunciamos que este instituto no garantiza los derechos de los pueblos ind\u00edgenas como lo establece el Art. 2 Constitucional y los Convenios Internacionales que M\u00e9xico ha suscrito. Tampoco reconoce a los Pueblos Originarios y Comunidades Ind\u00edgenas como \u201cSujetos de Derecho P\u00fablico\u201d,\u00a0 no reconoce ni respecta la autonom\u00eda de los pueblos, su libre determinaci\u00f3n y sus formas de organizaci\u00f3n econ\u00f3mica y pol\u00edtica. M\u00e1s a\u00fan, denunciamos que el INPI est\u00e1 al servicio de los monopolios, las transnacionales y el capital financiero, garantiza su actuar con la Guardia Nacional y la \u201cPolic\u00eda Minera\u201d.<\/p>\n<p>Tomamos el INPI, como un acto de repudio, pues el Instituto y su Director, representan la m\u00e1s grande traici\u00f3n a los Pueblos y Comunidades Ind\u00edgenas; denunciamos su silencio c\u00f3mplice ante los asesinatos, los ataques paramilitares y la guerra contrainsurgente en contra de nuestr@s herman@s del Ej\u00e9rcito Zapastista de Liberaci\u00f3n Nacional, las comunidades zapatistas bases de apoyo y los Pueblos y Comunidades Ind\u00edgenas integrantes del Congreso Nacional Ind\u00edgena-Concejo Ind\u00edgena de Gobierno. Tambi\u00e9n, tomamos el INPI, para demandar la problem\u00e1tica que aqueja a los 6 barrios de Santiago Mexquititlan como agua, drenaje, alumbrado, pavimentaci\u00f3n, hospitales, escuelas, mercados p\u00fablicos y de artesan\u00edas, y rechazamos la imposici\u00f3n de la remodelaci\u00f3n de 5 mil metros cuadrados correspondientes a la Plaza p\u00fablica de Santiago, con una invertsi\u00f3n de m\u00e1s de 10 millones de pesos, sin que se hubiese llevado a cabo una consulta, previa, libre e informada, como lo establece el Convenio 169 de la OIT. Demandamos por esta v\u00eda, la participaci\u00f3n de la SEDATU para resolver diversas agendas de trabajo. La salud, la educaci\u00f3n, el trabajo, la alimentaci\u00f3n, la democracia, la libertad y la justicia son deudas pendientes que deber\u00e1n tambi\u00e9n de atenderse.<\/p>\n<ol>\n<li><b>Exigimos respeto y reconocimiento como Pueblo Originario<\/b>\u00a0(nah\u00f1u) de Santiago Mexquititlan, Amealco Quer\u00e9taro y tambi\u00e9n nos reconocemos como Comunidad Ind\u00edgena Otom\u00ed residente en la CDMX. No aceptamos que nos llamen simplemente \u201cgrupo otom\u00ed\u201d. Hoy venimos a decirles a ustedes y al mundo, que como dijeran nuestr@s herman@s zapatistas, a 528 a\u00f1os de despojo, represi\u00f3n, explotaci\u00f3n y desprecio aqu\u00ed estamos, EXISTIMOS con RESISTENCIA y REBELD\u00cdA. Hoy decimos, ya nos m\u00e1s seguir de rodillas frente al traidor de nuestros pueblos y comunidades ind\u00edgenas.<\/li>\n<\/ol>\n<ol>\n<li><b>Mediaci\u00f3n de la Comisi\u00f3n de Derechos Humanos\u00a0<\/b>de la Ciudad de M\u00e9xico? Es lamentable que Nashieli Ram\u00edrez Hern\u00e1ndez, titular de la CDH CDMX, se haya presentado ante la comunidad como \u201cmediadora\u201d y \u201cgarante\u201d de un di\u00e1logo que no se ha dado y que ofrezca todas las garant\u00edas para el establecimiento de una \u201cMesa de Trabajo\u201d cuando, desde la Comisi\u00f3n que preside, no ha respondido a muy diversas quejas y denuncias que hemos presentado, no solo por abuso de la autoridad y la fuerza p\u00fablica, como es el caso del desalojo violento el pasado 19 de septiembre de 2018, cuando m\u00e1s de 300 granaderos nos desalojaron de los campamentos que ten\u00edamos instalados en la calle de Roma 18 (muy a pesar de que Claudia Sheinbaum anunci\u00f3 al inicio de sus mandato, la \u201cdesaparici\u00f3n del cuerpo de granaderos\u201d).<\/li>\n<\/ol>\n<p>Por otro lado, muchos de nuetros compa\u00f1er@s han sido remitid@s al \u201ctorito\u201d por no poder pagar una multa que les imponen los servidores de la v\u00eda p\u00fablica, y cuando hemos acudido a la CDH de la CDMX, para solicitar su apoyo y acompa\u00f1amiento para conseguir la inmedita libertad de la compa\u00f1era y su hijo menor de edad, la respuesta de la Comis\u00f3n ha sido, que es un \u201ccaso juzgado por el Juez de Paz y que ellos ya no tienen competencia\u201d. Por toda esta impunidad y complicidad de la CDH, hoy le decimos, que no la aceptamos como \u201cmediadora\u201d entre las autoridades y nuestra comunidad, mucho menos le tenemos confianza para establecer una \u201cMesa de Di\u00e1logo\u201d. No fuimos consultados para saber si acept\u00e1bamos o no, nosotros no la nombramos y nos sigue tratado con indiferencia y desprecio. Demandamos a partir de este momento, un di\u00e1logo p\u00fablico y directo con las instancias correspondientes del gobierno local y federal.<\/p>\n<ol>\n<li><b>Propuesta a Claudia Sheinbaum, Jefa de Gobierno.\u00a0<\/b>Denunciamos que durante la administraci\u00f3n saliente, habiendo cumplido con todos los requistos que establecen las Reglas de Operaci\u00f3n del INVI respecto al Programa de Expropiaci\u00f3n de inmuebles en alto riesgo estructural, el Jefe de Gobierno saliente, solamente public\u00f3 en la Gaceta Oficial de la Ciudad de M\u00e9xico, dos Declaratorias de Utilidad P\u00fablica en donde se determina \u201cla ejecuci\u00f3n de las acciones de mejoramiento urbano y de edificaci\u00f3n de vivienda de inter\u00e9s social y popular en el siguiente predio:\u201d Zacatecas 74.<\/li>\n<\/ol>\n<p>Dichas publicaci\u00f3nes se hicieron en la Gaceta Oficial de la CDMX, No. 404 de fecha 7 de septiembre de 2018 y No. 407, de fecha 12 de septiembre de 2018, respectivamente. La publicaci\u00f3n del Decreto Expropiatorio no se llev\u00f3 a cabo por el gobierno saliente, debido a la \u201ctransici\u00f3n de gobierno\u201d. En los primeros meses de 2019, solictamos mediante varios oficios a la nueva Jefa de Gobierno, la publicaci\u00f3n del Decreto Expropiatorio. Casi dos a\u00f1os tuvieron que transcurrir, para que ante la insistencia de audiencia con la Jefa de Gobierno, nos canalizaran con el Consejero Jur\u00eddico, quien nos recibio s\u00f3lo para informarnos que la publicaci\u00f3n del Decreto Expropiatorio no podr\u00eda llevarse a cabo, ya que los documentos y tr\u00e1mites que integran el expedientes estaban vencidos y lo que recomendaba era, reponer el procedidmiento nuevamente. Queda claro que con esta acci\u00f3n, una vez m\u00e1s, que la Jefa de Gobierno no tuvo la voluntad pol\u00edtica ni jur\u00eddica, para llevar a cabo la expropiaci\u00f3n del inmueble de referencia. (Anexamos copia de estos documentos).<\/p>\n<p>Otro caso como ejemplo a destacar, es el de Roma 18, de donde fuimos desalojados violentamente, y una inmobiliaria EDUARDO SA de CV, result\u00f3 ser la propietaria del inmueble tambi\u00e9n conocido como Londres 7, en la Col.\u00a0 Ju\u00e1rez y que perteneci\u00f3 a la resistencia ac\u00e1 en M\u00e9xico, en los periodos del franquismo.<\/p>\n<p>En las distintas reuniones que se sostuvieron al respecto con la Inmobiliaria y el Gobierno de la Ciudad, se propuso investigar el tr\u00e1fico de influencias y la complicidad entre autoridades de gobierno y jueces en la administraci\u00f3n pasada, que facilitaron todas las condiciones para que dicho inmueble pasara a manos de esta inmobiliaria. Manifestaron el compromiso, pero nunca lo hicieron.<\/p>\n<p><b>Por todo lo anterior y porque nuestra demanda no se reduce solamente a vivienda, reiteramos que nuestra lucha es por educaci\u00f3n, salud, alimentaci\u00f3n, trabajo, democracia libertad y justicia. Demandamos tambien una plaza para vender y producir nuestras artesan\u00edas. As\u00ed mismo, presentaremos la agenda que como organizaci\u00f3n social tenemos. Por todo lo anterior, convocamos a la Jefa de Gobierno, Claudia Sheinbaum y a Adelfo Regino, sus equipos y \u00e1reas correspondientes, para que el pr\u00f3ximo martes 3 de noviembre a las 10:00 Hrs. nos demos cita en la puerta principal del INPI, para establecer las bases que deber\u00e1n conducir al establecimiento de \u201cMesa de Di\u00e1logo\u201d entre las autoridades locales y federales y la Comisi\u00f3n representativa que nombre la Comunidad Ind\u00edgena Otom\u00ed residente en la CDMX.\u00a0<\/b><\/p>\n<ol>\n<li>\u00a0<b>El di\u00e1logo ser\u00e1 con todos o no lo ser\u00e1.<\/b>\u00a0 Finalmente les reiteramos que de llevarse a cabo la \u201cMesa de Di\u00e1logo\u201d que propone el INPI, \u00e9sta no podr\u00e1 llevarse a cabo de manera unilateral; es decir,\u00a0 se requiere de la participaci\u00f3n de todas las partes para poder instalar dicha mesa de trabajo y definir la agenda y ruta que acuerden las distintas organizaciones que acompa\u00f1an esta acci\u00f3n, podr\u00e1 definirse.<\/li>\n<\/ol>\n<p>Sin otro particular, agradecemos su participaci\u00f3n<\/p>\n<p><b>Atentamente.<\/b><\/p>\n<p><b>POR LA RECONSTITUCI\u00d3N INTEGRAL DE NUESTROS PUEBLOS!!<\/b><\/p>\n<p><b>NUNCA M\u00c1S UNA CIUDAD SIN LOS PUEBLOS IND\u00cdGENAS<\/b><\/p>\n<p><b>ZAPATA VIVE LA LUCHA SIGUE!!<\/b><\/p>\n<p><b>SAMIR VIVE, LA LUCHA SIGUE!!<\/b><\/p>\n<p><b>VIVAN LAS COMUNIDADES IND\u00cdGENAS ZAPATISTAS!!<\/b><\/p>\n<p><b>VIVAN LAS AUTONOM\u00cdA DE LOS PUEBLOS!!<\/b><\/p>\n<p><b>CANCELACI\u00d3N A LOS MEGAPROYECTOS DE MUERTE!!<\/b><\/p>\n<p><b>FUE EL ESTADO Y NOS FALTAN 43!!<\/b><\/p>\n<p><b>VIVA EL CNI, VIVA EL CIG, VIVA EL EZLN<\/b><\/p>\n<p><b>COMUNIDAD IND\u00cdGENA OTOM\u00cd RESIDENTE EN LA CDMX, INTEGRANTE DEL CONGRESO NACIONAL IND\u00cdGENA Y DEL CONCEJO IND\u00cdGENA DE GOBIERNO E INTEGRANTES DE LA UPREZ BENITO JU\u00c1REZ.<\/b><\/p>\n<p>&nbsp;<\/p>\n<p>Fotograf\u00eda: Luis Suaste<\/p>","protected":false},"excerpt":{"rendered":"<p>Ciudad de M\u00e9xico a 27 de Octubre de 2020 *BOLETIN DE PRENSA* RESPUESTA DE LA COMUNIDAD IND\u00cdGENA OTOM\u00cd RESIDENTE EN LA CDMX, ANTE LA PROPUESTA DE \u201cMESA DE DI\u00c1LOGO\u201d QUE PROPONE EL TITULAR DEL #INPI, SEDE TOMADA. Al CCRI CG EZLN. Al Ej\u00e9rcito Zapatista de Liberaci\u00f3n Nacional. A la Comisi\u00f3n Sexta del EZLN. Al Congreso [&hellip;]<\/p>\n","protected":false},"author":21,"featured_media":35686,"comment_status":"open","ping_status":"closed","sticky":false,"template":"","format":"standard","meta":{"footnotes":""},"categories":[51,943],"tags":[512,1151,63,58,926,567,41,37,545,87,148,27,483],"class_list":["post-35685","post","type-post","status-publish","format-standard","has-post-thumbnail","hentry","category-autor","category-cni","tag-a-tumbar-las-paredes-del-calabozo","tag-cig","tag-cni","tag-derechos-humanos","tag-ezln","tag-megaproyectos","tag-mujeres","tag-presos-politicos","tag-pueblos-indigenas","tag-represion","tag-resistencia","tag-solidaridad","tag-tierra-y-territorio"],"_links":{"self":[{"href":"https:\/\/radiozapatista.org\/index.php?rest_route=\/wp\/v2\/posts\/35685","targetHints":{"allow":["GET"]}}],"collection":[{"href":"https:\/\/radiozapatista.org\/index.php?rest_route=\/wp\/v2\/posts"}],"about":[{"href":"https:\/\/radiozapatista.org\/index.php?rest_route=\/wp\/v2\/types\/post"}],"author":[{"embeddable":true,"href":"https:\/\/radiozapatista.org\/index.php?rest_route=\/wp\/v2\/users\/21"}],"replies":[{"embeddable":true,"href":"https:\/\/radiozapatista.org\/index.php?rest_route=%2Fwp%2Fv2%2Fcomments&post=35685"}],"version-history":[{"count":2,"href":"https:\/\/radiozapatista.org\/index.php?rest_route=\/wp\/v2\/posts\/35685\/revisions"}],"predecessor-version":[{"id":35688,"href":"https:\/\/radiozapatista.org\/index.php?rest_route=\/wp\/v2\/posts\/35685\/revisions\/35688"}],"wp:featuredmedia":[{"embeddable":true,"href":"https:\/\/radiozapatista.org\/index.php?rest_route=\/wp\/v2\/media\/35686"}],"wp:attachment":[{"href":"https:\/\/radiozapatista.org\/index.php?rest_route=%2Fwp%2Fv2%2Fmedia&parent=35685"}],"wp:term":[{"taxonomy":"category","embeddable":true,"href":"https:\/\/radiozapatista.org\/index.php?rest_route=%2Fwp%2Fv2%2Fcategories&post=35685"},{"taxonomy":"post_tag","embeddable":true,"href":"https:\/\/radiozapatista.org\/index.php?rest_route=%2Fwp%2Fv2%2Ftags&post=35685"}],"curies":[{"name":"wp","href":"https:\/\/api.w.org\/{rel}","templated":true}]}}