{"id":35677,"date":"2020-10-24T22:40:15","date_gmt":"2020-10-25T03:40:15","guid":{"rendered":"https:\/\/radiozapatista.org\/?p=35677"},"modified":"2020-10-24T22:40:15","modified_gmt":"2020-10-25T03:40:15","slug":"amenazan-con-destruir-casas-y-cultivos-de-pobladores-de-maxcanu","status":"publish","type":"post","link":"https:\/\/radiozapatista.org\/?p=35677","title":{"rendered":"Amenazan con destruir casas y cultivos de pobladores de Maxcan\u00fa"},"content":{"rendered":"<p>Se han comunicado con este equipo, para ayudar a la difusi\u00f3n de esta informacion:<\/p>\n<p>Empleados que operan en la v\u00eda del tren maya en el tramo Calkini-Izamal amenazan con destruir casas y cultivos de pobladores de Maxcan\u00fa. Los pobladores de la villa exigen que FONATUR y el comisariado ejidal aclaren los pagos efectuados.<\/p>\n<p>Esta ma\u00f1ana los pobladores detuvieron la maquina que amenazaba con destruir al menos 9 casas y 50 parcelas. Hasta ahora ninguna de las autoridades involucradas ha decidido aclarar la situaci\u00f3n a los pobladores.<\/p>","protected":false},"excerpt":{"rendered":"<p>Se han comunicado con este equipo, para ayudar a la difusi\u00f3n de esta informacion: Empleados que operan en la v\u00eda del tren maya en el tramo Calkini-Izamal amenazan con destruir casas y cultivos de pobladores de Maxcan\u00fa. Los pobladores de la villa exigen que FONATUR y el comisariado ejidal aclaren los pagos efectuados. Esta ma\u00f1ana [&hellip;]<\/p>\n","protected":false},"author":21,"featured_media":35678,"comment_status":"open","ping_status":"closed","sticky":false,"template":"","format":"standard","meta":{"footnotes":""},"categories":[51,943],"tags":[58,572,53,567,147,545,87,148,27,483,1250],"class_list":["post-35677","post","type-post","status-publish","format-standard","has-post-thumbnail","hentry","category-autor","category-cni","tag-derechos-humanos","tag-desplazados","tag-justicia","tag-megaproyectos","tag-militarizacion","tag-pueblos-indigenas","tag-represion","tag-resistencia","tag-solidaridad","tag-tierra-y-territorio","tag-tren-maya"],"_links":{"self":[{"href":"https:\/\/radiozapatista.org\/index.php?rest_route=\/wp\/v2\/posts\/35677","targetHints":{"allow":["GET"]}}],"collection":[{"href":"https:\/\/radiozapatista.org\/index.php?rest_route=\/wp\/v2\/posts"}],"about":[{"href":"https:\/\/radiozapatista.org\/index.php?rest_route=\/wp\/v2\/types\/post"}],"author":[{"embeddable":true,"href":"https:\/\/radiozapatista.org\/index.php?rest_route=\/wp\/v2\/users\/21"}],"replies":[{"embeddable":true,"href":"https:\/\/radiozapatista.org\/index.php?rest_route=%2Fwp%2Fv2%2Fcomments&post=35677"}],"version-history":[{"count":1,"href":"https:\/\/radiozapatista.org\/index.php?rest_route=\/wp\/v2\/posts\/35677\/revisions"}],"predecessor-version":[{"id":35679,"href":"https:\/\/radiozapatista.org\/index.php?rest_route=\/wp\/v2\/posts\/35677\/revisions\/35679"}],"wp:featuredmedia":[{"embeddable":true,"href":"https:\/\/radiozapatista.org\/index.php?rest_route=\/wp\/v2\/media\/35678"}],"wp:attachment":[{"href":"https:\/\/radiozapatista.org\/index.php?rest_route=%2Fwp%2Fv2%2Fmedia&parent=35677"}],"wp:term":[{"taxonomy":"category","embeddable":true,"href":"https:\/\/radiozapatista.org\/index.php?rest_route=%2Fwp%2Fv2%2Fcategories&post=35677"},{"taxonomy":"post_tag","embeddable":true,"href":"https:\/\/radiozapatista.org\/index.php?rest_route=%2Fwp%2Fv2%2Ftags&post=35677"}],"curies":[{"name":"wp","href":"https:\/\/api.w.org\/{rel}","templated":true}]}}