{"id":35624,"date":"2020-10-19T13:47:28","date_gmt":"2020-10-19T18:47:28","guid":{"rendered":"https:\/\/radiozapatista.org\/?p=35624"},"modified":"2020-10-19T13:47:28","modified_gmt":"2020-10-19T18:47:28","slug":"liberacion-inmediata-de-cesar-hernandez-feliciano-y-de-jose-luis-gutierrez-hernandez","status":"publish","type":"post","link":"https:\/\/radiozapatista.org\/?p=35624","title":{"rendered":"Liberaci\u00f3n inmediata de C\u00e9sar Hern\u00e1ndez Feliciano y de Jos\u00e9 Luis Guti\u00e9rrez Hern\u00e1ndez"},"content":{"rendered":"<p>A LA OPINI\u00d3N P\u00daBLICA<\/p>\n<p>A LAS ORGANIZACIONES SOCIALES E INTERNACIONALES<\/p>\n<p>A LOS DIFERENTES NIVELES DE GOBIERNO<\/p>\n<p>A LOS MEDIOS DE COMUNICACI\u00d3N NACIONAL E INTERNACIONAL<\/p>\n<p>A LOS DEFENSORES DE DERECHOS HUMANOS NACIONAL E INTERNACIONAL<\/p>\n<p>Los Ejidatarios del Ejido San Jer\u00f3nimo y San Sebasti\u00e1n Bachaj\u00f3n, Municipio de Chil\u00f3n, Chiapas, somos pueblos Tzeltales, unidos para defender nuestros Derechos Colectivos ante las imposiciones del Estado en implementar proyectos que atentan en contra de nuestros territorios y nuestros modos de vivir con lo que nos rodea. En esta virtud, nos dirigimos a todos y todas para manifestar lo siguiente:<\/p>\n<p>Primero: Que el 15 de octubre de 2020 tuvo lugar una movilizaci\u00f3n pacifica para manifestar nuestra inconformidad por la imposici\u00f3n de la instalaci\u00f3n del cuartel de la Guardia Nacional en la comunidad Juculton, Municipio de Chil\u00f3n, Chiapas, perteneciente al Ejido San Sebasti\u00e1n.<\/p>\n<p>Segundo: Que durante esta manifestaci\u00f3n que tuvo lugar en el Crucero Tem\u00f3 donde estuvieron los compa\u00f1eros del Ejido San Jer\u00f3nimo, y en el Crucero Sital\u00e1 donde estuvieron los compa\u00f1eros del Ejido San Sebasti\u00e1n, donde los primeros fueron violentados sus derechos colectivo y humanos al ser reprimidos brutalmente por la polic\u00eda municipal, estatal y Guardia Nacional, encausada por los 3 niveles de gobierno. Como resultado fue la detenci\u00f3n de dos compa\u00f1eros identificados con los nombres de: C\u00e9sar Hern\u00e1ndez Feliciano y Jos\u00e9 Luis Guti\u00e9rrez Hern\u00e1ndez, quienes con lujo de violencia fueron privados de su libertad y torturados por parte de la polic\u00eda municipal, traslad\u00e1ndolos a los separos de la comandancia de la polic\u00eda municipal de Ocosingo, Chiapas, sin embargo; ante la detenci\u00f3n, se violaron los derechos correspondientes que impiden la defensa. As\u00ed tambi\u00e9n, la Fiscal\u00eda de Justicia Ind\u00edgena no permiti\u00f3 el acceso a la Carpeta de Investigaci\u00f3n a su defensa, aproximadamente a las 10 de la noche del d\u00eda de ayer, fueron trasladados al Juzgado de Control de Ocosingo, sin notificarle a sus defensores; el d\u00eda de hoy deb\u00eda llevarse su audiencia de control, sin embargo, fueron trasladados forzadamente, hasta esta hora se desconoce su paradero, nuevamente no se les ha notificado a la familia o la defensa.<\/p>\n<p>Ante lo anteriormente expuesto, DENUNCIAMOS:<\/p>\n<p>Los abusos de poder del alcalde Municipal al accionar la fuerza p\u00fablica en contra de los ejidatarios de San Jer\u00f3nimo y San Sebasti\u00e1n Bachaj\u00f3n.<\/p>\n<p>La intromisi\u00f3n del alcalde en los asuntos ejidales, as\u00ed como la provocaci\u00f3n de divisi\u00f3n al interior de los ejidos para satisfacer sus intereses pol\u00edticos y econ\u00f3micos.<\/p>\n<p>La estructura municipal que opera en contra de la poblaci\u00f3n que no esta a favor de las imposiciones del presidente.<\/p>\n<p>A los comisariados ejidales impuestos por el alcalde que violentan a la m\u00e1xima autoridad ejidal, ejerciendo artima\u00f1as para saciar sus intereses.<\/p>\n<p>De esta manera EXIGIMOS:<\/p>\n<p>La liberaci\u00f3n inmediata de: C\u00e9sar Hern\u00e1ndez Feliciano y de Jos\u00e9 Luis Guti\u00e9rrez Hern\u00e1ndez.<\/p>\n<p>Presentar con vida a Juan Hern\u00e1ndez Morales, desaparecido desde el 15 de octubre de 2020 por causa de la implementaci\u00f3n violenta de la fuerza p\u00fablica.<\/p>\n<p>Retirada inmediata de la Guardia Nacional del Municipio de Chil\u00f3n.<\/p>\n<p>Justicia para los encarcelados y lesionados.<\/p>\n<p>Castigo para los responsables de accionar actos violentos en contra de los ejidatarios, la estructura del ayuntamiento municipal: presidente y delegado municipal, director, comandante y elementos de la polic\u00eda municipal.<\/p>\n<p>Respeto a los derechos colectivos como pueblos originarios conforme a los establecidos en nuestra Carta Magna y de los Convenios Internacionales.<\/p>\n<p>Porque defender lo nuestro es un Derecho:<\/p>\n<p>Ejidatarios (as) del Ejido San Jer\u00f3nimo y San Sebasti\u00e1n Bachaj\u00f3n,<\/p>\n<p>Municipio de Chil\u00f3n Chiapas; a 17 de octubre de 2020.<\/p>","protected":false},"excerpt":{"rendered":"<p>A LA OPINI\u00d3N P\u00daBLICA A LAS ORGANIZACIONES SOCIALES E INTERNACIONALES A LOS DIFERENTES NIVELES DE GOBIERNO A LOS MEDIOS DE COMUNICACI\u00d3N NACIONAL E INTERNACIONAL A LOS DEFENSORES DE DERECHOS HUMANOS NACIONAL E INTERNACIONAL Los Ejidatarios del Ejido San Jer\u00f3nimo y San Sebasti\u00e1n Bachaj\u00f3n, Municipio de Chil\u00f3n, Chiapas, somos pueblos Tzeltales, unidos para defender nuestros Derechos [&hellip;]<\/p>\n","protected":false},"author":21,"featured_media":35625,"comment_status":"open","ping_status":"closed","sticky":false,"template":"","format":"standard","meta":{"footnotes":""},"categories":[51,55],"tags":[61,58,53,147,23,37,545,87,148,27,483],"class_list":["post-35624","post","type-post","status-publish","format-standard","has-post-thumbnail","hentry","category-autor","category-frayba","tag-bachajon","tag-derechos-humanos","tag-justicia","tag-militarizacion","tag-paramilitares","tag-presos-politicos","tag-pueblos-indigenas","tag-represion","tag-resistencia","tag-solidaridad","tag-tierra-y-territorio"],"_links":{"self":[{"href":"https:\/\/radiozapatista.org\/index.php?rest_route=\/wp\/v2\/posts\/35624","targetHints":{"allow":["GET"]}}],"collection":[{"href":"https:\/\/radiozapatista.org\/index.php?rest_route=\/wp\/v2\/posts"}],"about":[{"href":"https:\/\/radiozapatista.org\/index.php?rest_route=\/wp\/v2\/types\/post"}],"author":[{"embeddable":true,"href":"https:\/\/radiozapatista.org\/index.php?rest_route=\/wp\/v2\/users\/21"}],"replies":[{"embeddable":true,"href":"https:\/\/radiozapatista.org\/index.php?rest_route=%2Fwp%2Fv2%2Fcomments&post=35624"}],"version-history":[{"count":2,"href":"https:\/\/radiozapatista.org\/index.php?rest_route=\/wp\/v2\/posts\/35624\/revisions"}],"predecessor-version":[{"id":35627,"href":"https:\/\/radiozapatista.org\/index.php?rest_route=\/wp\/v2\/posts\/35624\/revisions\/35627"}],"wp:featuredmedia":[{"embeddable":true,"href":"https:\/\/radiozapatista.org\/index.php?rest_route=\/wp\/v2\/media\/35625"}],"wp:attachment":[{"href":"https:\/\/radiozapatista.org\/index.php?rest_route=%2Fwp%2Fv2%2Fmedia&parent=35624"}],"wp:term":[{"taxonomy":"category","embeddable":true,"href":"https:\/\/radiozapatista.org\/index.php?rest_route=%2Fwp%2Fv2%2Fcategories&post=35624"},{"taxonomy":"post_tag","embeddable":true,"href":"https:\/\/radiozapatista.org\/index.php?rest_route=%2Fwp%2Fv2%2Ftags&post=35624"}],"curies":[{"name":"wp","href":"https:\/\/api.w.org\/{rel}","templated":true}]}}