{"id":3555,"date":"2011-07-14T10:30:26","date_gmt":"2011-07-14T15:30:26","guid":{"rendered":"https:\/\/radiozapatista.org\/?p=3555"},"modified":"2011-07-18T16:39:03","modified_gmt":"2011-07-18T21:39:03","slug":"entrevista-al-consejo-autonomo-regional-de-la-zona-costa-sobre-criminalizacion-a-defensores-de-los-derechos-humanos-en-chiapas","status":"publish","type":"post","link":"https:\/\/radiozapatista.org\/?p=3555","title":{"rendered":"Entrevista al Consejo Aut\u00f3nomo Regional de la Zona Costa sobre criminalizaci\u00f3n a defensores de los derechos humanos en Chiapas"},"content":{"rendered":"<p>Entrevista a miembros del <a href=\"http:\/\/consejoautonomo.wordpress.com\/\" target=\"_blank\">Consejo Aut\u00f3nomo Regional de la Zona Costa de Chiapas<\/a>, adherente de <em>la otra campa\u00f1a<\/em><em>, quienes explican la criminazalici\u00f3n y persecuci\u00f3n, por parte del Estado Mexicano, al <a href=\"http:\/\/cdhdignaochoa.blogspot.com\/\" target=\"_blank\">Centro de Derechos Humanos Digna Ochoa<\/a>, en particular a su director <\/em>Nataniel Hern\u00e1ndez N\u00fa\u00f1ez. La entrevista fue realizada en el marco de una columna de radio que se realiza semanalmente, por internet, en <a href=\"http:\/\/www.radioteocelo.org\/\" target=\"_blank\">Radio Teocelo<\/a> (Veracruz) desde Barcelona, Espa\u00f1a. En esta ocasi\u00f3n, la entrevista consisti\u00f3 en una conexi\u00f3n entre Barcelona, Chiapas y Radio Teocelo, Veracruz.[podcast]http:\/\/www.archive.org\/download\/CdhDignaOchoa\/cdh_digna_ochoa.mp3[\/podcast]<\/p>\n<p><!--more--><\/p>\n<h3>PRONUNCIAMIENTOS RECIENTES EN APOYO A LOS COMPA\u00d1EROS:<\/h3>\n<p>Pronunciamiento ante acoso pol\u00edtico-judicial contra los padres de Nataniel Hern\u00e1ndez, defensor de derechos humanos (7\/VII\/011)<a href=\"http:\/\/www.redcontralarepresion.org\/contenido.php?cat=18&amp;id=233\"> http:\/\/www.redcontralarepresion.org\/contenido.php?cat=18&amp;id=233<\/a><\/p>\n<p>Comit\u00e9 por los derechos humanos en Am\u00e9rica Latina (CDHAL) <a href=\"http:\/\/www.pozol.org\/?p=1768\">http:\/\/www.pozol.org\/?p=1768<\/a><\/p>\n<p>Chiapas, uno de los estados de m\u00e1s riesgo para defensorxs de derechos humanos\u00a0 <a href=\"http:\/\/chiapas.indymedia.org\/\">http:\/\/chiapas.indymedia.org\/<\/a><\/p>\n<p>Gobierno perredista chiapaneco responde con m\u00e1s persecusi\u00f3n a Campa\u00f1a por defensores de derechos humanos y luchadores sociales<a href=\"http:\/\/cmldf.lunasexta.org\/node\/18890\"> http:\/\/cmldf.lunasexta.org\/node\/18890<\/a><\/p>\n<p><a title=\"Enlace permanente a Contin\u00faa la campa\u00f1a nacional e internacional contra el hostigamiento judicial y criminalizaci\u00f3n de defensores de DDHH y luchadores sociales en M\u00e9xico.\" rel=\"bookmark\" href=\"http:\/\/www.pozol.org\/?p=1609\">Contin\u00faa  la campa\u00f1a nacional e internacional contra el hostigamiento judicial y  criminalizaci\u00f3n de defensores de DDHH y luchadores sociales en M\u00e9xico.<\/a><\/p>\n<p><a href=\"http:\/\/www.pozol.org\/?p=1609\">http:\/\/www.pozol.org\/?p=1609<\/a><\/p>\n<p>Firma por la Justicia y la Libertad en M\u00e9xico, caso del Centro de DDHH Digna Ochoa, Tonal\u00e1, Chiapas <a href=\"http:\/\/www.europazapatista.org\/Firma-por-la-Justicia-y-la.html\">http:\/\/www.europazapatista.org\/Firma-por-la-Justicia-y-la.html<\/a><\/p>","protected":false},"excerpt":{"rendered":"<p>Entrevista a miembros del Consejo Aut\u00f3nomo Regional de la Zona Costa de Chiapas, adherente de la otra campa\u00f1a, quienes explican la criminazalici\u00f3n y persecuci\u00f3n, por parte del Estado Mexicano, al Centro de Derechos Humanos Digna Ochoa, en particular a su director Nataniel Hern\u00e1ndez N\u00fa\u00f1ez. La entrevista fue realizada en el marco de una columna de [&hellip;]<\/p>\n","protected":false},"author":1,"featured_media":0,"comment_status":"open","ping_status":"open","sticky":false,"template":"","format":"standard","meta":{"footnotes":""},"categories":[1,51,6],"tags":[192,284,58,53],"class_list":["post-3555","post","type-post","status-publish","format-standard","hentry","category-audio","category-autor","category-chiapas","tag-centro-de-derechos-humanos-digna-ochoa","tag-criminalizacion","tag-derechos-humanos","tag-justicia"],"_links":{"self":[{"href":"https:\/\/radiozapatista.org\/index.php?rest_route=\/wp\/v2\/posts\/3555","targetHints":{"allow":["GET"]}}],"collection":[{"href":"https:\/\/radiozapatista.org\/index.php?rest_route=\/wp\/v2\/posts"}],"about":[{"href":"https:\/\/radiozapatista.org\/index.php?rest_route=\/wp\/v2\/types\/post"}],"author":[{"embeddable":true,"href":"https:\/\/radiozapatista.org\/index.php?rest_route=\/wp\/v2\/users\/1"}],"replies":[{"embeddable":true,"href":"https:\/\/radiozapatista.org\/index.php?rest_route=%2Fwp%2Fv2%2Fcomments&post=3555"}],"version-history":[{"count":0,"href":"https:\/\/radiozapatista.org\/index.php?rest_route=\/wp\/v2\/posts\/3555\/revisions"}],"wp:attachment":[{"href":"https:\/\/radiozapatista.org\/index.php?rest_route=%2Fwp%2Fv2%2Fmedia&parent=3555"}],"wp:term":[{"taxonomy":"category","embeddable":true,"href":"https:\/\/radiozapatista.org\/index.php?rest_route=%2Fwp%2Fv2%2Fcategories&post=3555"},{"taxonomy":"post_tag","embeddable":true,"href":"https:\/\/radiozapatista.org\/index.php?rest_route=%2Fwp%2Fv2%2Ftags&post=3555"}],"curies":[{"name":"wp","href":"https:\/\/api.w.org\/{rel}","templated":true}]}}