{"id":35532,"date":"2020-10-12T20:04:26","date_gmt":"2020-10-13T01:04:26","guid":{"rendered":"https:\/\/radiozapatista.org\/?p=35532"},"modified":"2020-10-12T20:04:26","modified_gmt":"2020-10-13T01:04:26","slug":"jornada-nacional-de-movilizacion-en-defensa-de-la-tierra-y-en-contra-de-la-guerra-contra-el-ejercito-zapatista-de-liberacion-nacional-y-los-pueblos-indigenas-sierra-de-santa-marta-veracruz-12-de-oct","status":"publish","type":"post","link":"https:\/\/radiozapatista.org\/?p=35532","title":{"rendered":"Jornada Nacional de Movilizaci\u00f3n en Defensa de la Tierra y en contra de la Guerra contra el Ejercito Zapatista de Liberaci\u00f3n Nacional y los pueblos ind\u00edgenas, Sierra de Santa Marta, Veracruz 12 de octubre 2020"},"content":{"rendered":"<p>En el marco de la Jornada Nacional de Movilizaci\u00f3n en Defensa de la Tierra y en contra de la Guerra contra el Ejercito Zapatista de Liberaci\u00f3n Nacional y los pueblos ind\u00edgenas que se convoc\u00f3 en este d\u00eda conmemorativo de la invasi\u00f3n europea a territorio americano y del inicio de la digna resistencia de nuestros pueblos originarios, nos hacemos presentes en esta ciudad de Coatzacoalcos una representaci\u00f3n de las comunidades nuntaj+yi (popolucas), nahuas y mestizas campesinas de la Sierra de Santa Marta integradas en el Movimiento Regional Ind\u00edgena en Defensa y Respeto por la Vida, junto con el Proceso de Articulaci\u00f3n de la Sierra de Santa Marta, integrado al Congreso Nacional Ind\u00edgena y con la Resistencia Civil contra las Altas Tarifas de Luz Zona Sierra, integrada a la Red Nacional de Resistencia Civil.<br \/>\nNos movilizamos frente a estas oficinas de la Comisi\u00f3n Federal de Electricidad para manifestar nuestra inconformidad frente a la violaci\u00f3n de nuestro derecho a la informaci\u00f3n, por parte de este organismo, como base indispensable para el cumplimiento de nuestro derecho a la<br \/>\nautodeterminaci\u00f3n1 en nuestros territorios ind\u00edgenas, con respecto a la construcci\u00f3n de dos sub\ufffeestaciones el\u00e9ctricas, una en el ejido de Tatahuicapan y otra en el ejido de Soteapan, as\u00ed como la instalaci\u00f3n de nuevas l\u00edneas destinadas a conducir la energ\u00eda el\u00e9ctrica.<br \/>\nDesde el mes de Febrero del presente, cuando tuvimos conocimiento de la pr\u00f3xima construcci\u00f3n de estas obras, solicitamos a ingenieros de la CFE que nos entregaran los proyectos correspondientes antes del inicio de las obras, lo que nunca hicieron, violando de esta manera nuestro<br \/>\nderecho a la informaci\u00f3n y a la libre determinaci\u00f3n, que significan respeto al consentimiento libre, previo e informado, plasmados en el Art\u00edculo 2 Constitucional, en los art\u00edculos 6, 7 y 23 del Convenio 169 de la OIT y en los art\u00edtulos 3, 4 y 19 de la Declaraci\u00f3n de las Naciones Unidas sobre los Derechos de los Pueblos Ind\u00edgenas.<\/p>\n<p>Por ello, exigimos la entrega de los proyectos t\u00e9cnicos detallados y completos de las sub\ufffeestaciones el\u00e9ctricas y el tiempo suficiente para que los mandemos analizar con nuestros expertos en la materia para posteriormente deliberar en nuestras asambleas comunitarias y tomar acuerdos regionales antes de tener un di\u00e1logo con personal calificado de la CFE en torno a la realizaci\u00f3n de estos proyectos. Y por mientras, exigimos que cambien todos los transformadores y equipamientos viejos,<br \/>\nreparen las l\u00edneas de las cabeceras y de todas las comunidades, y que coloquen nuevos transformadores donde hacen falta para garantizar un servicio de energ\u00eda el\u00e9ctrica de calidad a todas las comunidades y evitar la saturaci\u00f3n de las l\u00edneas. Nos han dicho que estas subestaciones el\u00e9ctricas nos garantizar\u00e1n buenos voltajes de luz en nuestras comunidades lo que es una necesidad muy apremiante, sin embargo, sabemos que un buen<br \/>\nvoltaje de luz en l\u00edneas y equipamientos viejos generar\u00e1 mayores problemas en nuestras l\u00edneas. Por otra parte, nos preocupa cu\u00e1l ser\u00e1 el destino de esta energ\u00eda el\u00e9ctrica m\u00e1s all\u00e1 del supuesto beneficio<br \/>\nde nuestras comunidades. Hemos tenido conocimiento del megaproyecto del Gobierno de la 4ta Transformaci\u00f3n llamado el Corredor Interoce\u00e1nico, de los parques industriales e infraestructuras el\u00e9ctricas que le son asociadas, de las declaraciones del Presidente de la Rep\u00fablica de explotar los hidrocarburos en territorios ind\u00edgenas aun sin el consentimiento de los pueblos, pero desde nuestras asambleas<br \/>\ncomunitarias, seguimos diciendo que no permitiremos en nuestros territorios ni la explotaci\u00f3n minera o de hidrocarburos, ni la generaci\u00f3n de electricidad empresarial, ni la instalaci\u00f3n de parques industriales y no entregaremos ni una gota de agua ni energ\u00eda el\u00e9ctrica para estos fines, sabiendo que significan una mega-destrucci\u00f3n y contaminaci\u00f3n de nuestra madre naturaleza, el consecuente despojo de las pocas aguas que nos quedan, el exterminio de nuestras culturas, el aumento de la<br \/>\nviolencia e inseguridad y la entrega de nuestro territorio a los grandes capitales trasnacionales, poniendo en riesgo nuestra soberan\u00eda y una contribuci\u00f3n brutal al calentamiento global y al desastre planetario que conlleva el riesgo de la aparici\u00f3n y difusi\u00f3n de nuevas pandemias. Junto con nuestras compa\u00f1eras y compa\u00f1eros de Oaxaca decimos \u201cEl Istmo es Nuestro\u201d, no de los empresarios.<\/p>\n<p>Con la Red Nacional de Resistencia Civil y con el Congreso Nacional Ind\u00edgena, lucharemos por la generaci\u00f3n aut\u00f3noma comunitaria y regional de energ\u00eda el\u00e9ctrica y por otra econom\u00eda posible para el bien de las comunidades y no de las grandes empresas trasnacionales. No estamos de acuerdo con el supuesto \u201cdesarrollo y progreso\u201d que no es m\u00e1s que enriquecimiento de los m\u00e1s ricos a costa de la destrucci\u00f3n de la naturaleza y explotaci\u00f3n, mayor empobrecimiento y precariedad de las condiciones<br \/>\nde vida de las grandes mayor\u00edas. Seguiremos exigiendo el reconocimiento constitucional del acceso a la energ\u00eda el\u00e9ctrica como un derecho humano y las consecuentes tarifas justas de luz. No permitiremos la instalaci\u00f3n de medidores digitales en nuestras comunidades.<\/p>\n<p>El d\u00eda de hoy, 12 de octubre de 2020, junto con nuestras compa\u00f1eras y compa\u00f1eros movilizadas a nivel nacional, denunciamos la guerra que est\u00e1 implementando el gobierno de la 4ta transformaci\u00f3n en seguimiento de los gobiernos priistas y panistas anteriores contra los pueblos ind\u00edgenas, y entre ellos los pueblos zapatistas, con la imposici\u00f3n de sus megaproyectos en sus territorios, como el mal llamado Tren Maya, el Corredor Interoce\u00e1nico, el Proyecto Integral Morelos, el Aeropuerto de Santa Luc\u00eda, la explotaci\u00f3n minera, el fracking, los parques e\u00f3licos\u00a0 empresariales y otros muchos m\u00e1s a lo largo y ancho del pa\u00eds. Denunciamos la reactivaci\u00f3n de grupos paramilitares respaldados por los diferentes niveles de gobierno en Chiapas provocando el desplazamiento forzado de muchas comunidades y la muerte de muchas personas inocentes. Denunciamos la represi\u00f3n por parte de las diferentes fuerzas militares y policiacas en contra de los movimientos sociales y la reci\u00e9n creaci\u00f3n de la polic\u00eda minera para defender los intereses de las empresas mineras extranjeras y reprimir al pueblo mexicano. Tambi\u00e9n denunciamos la complicidad del gobierno y su falta de voluntad para parar la violencia, los feminicidios, los asesinatos de defensores de derechos humanos qu e se han seguido multiplicando despu\u00e9s del asesinato de nuestro gran compa\u00f1ero Samir Flores Soberanes el 20 de Febrero del 2019 en la comunidad n\u00e1huatl aut\u00f3noma de Amilcingo, Morelos y cuyo crimen sigue impune, para encontrar las personas desaparecidas, particularmente nuestro compa\u00f1ero defensor comunitario Sergio Rivera, para liberar a los presos pol\u00edticos, como nuestro compa\u00f1ero Fredy Garcia en Oaxaca.<\/p>\n<p>En estos tiempos de pandemia por el COVID-19, denunciamos el mort\u00edfero sistema de salud p\u00fablica y retomamos nuestro sistema de salud comunitaria herbolario y homeop\u00e1tico. Denunciamos la terrible desigualdad que se manifiesta m\u00e1s que nunca en estos tiempos de educaci\u00f3n a distancia, aumentando la brecha en las condiciones nefastas de aprendizaje para la ni\u00f1ez y la juventud de las comunidades ind\u00edgenas.<\/p>\n<p>FINALMENTE, DECLARAMOS QUE SEGUIMOS EN PIE DE LUCHA PARA DEFENDER NUESTROS DERECHOS Y TERRITORIOS EN LA SIERRA DE SANTA MARTA Y EN<\/p>\n<p>SOLIDARIDAD CON LOS DEM\u00c1S PUEBLOS EN LUCHA EN M\u00c9XICO Y EN EL MUNDO<\/p>","protected":false},"excerpt":{"rendered":"<p>En el marco de la Jornada Nacional de Movilizaci\u00f3n en Defensa de la Tierra y en contra de la Guerra contra el Ejercito Zapatista de Liberaci\u00f3n Nacional y los pueblos ind\u00edgenas que se convoc\u00f3 en este d\u00eda conmemorativo de la invasi\u00f3n europea a territorio americano y del inicio de la digna resistencia de nuestros pueblos [&hellip;]<\/p>\n","protected":false},"author":21,"featured_media":35533,"comment_status":"open","ping_status":"closed","sticky":false,"template":"","format":"standard","meta":{"footnotes":""},"categories":[51,943],"tags":[1151,63,58,53,567,23,37,545,87,148,27,483],"class_list":["post-35532","post","type-post","status-publish","format-standard","has-post-thumbnail","hentry","category-autor","category-cni","tag-cig","tag-cni","tag-derechos-humanos","tag-justicia","tag-megaproyectos","tag-paramilitares","tag-presos-politicos","tag-pueblos-indigenas","tag-represion","tag-resistencia","tag-solidaridad","tag-tierra-y-territorio"],"_links":{"self":[{"href":"https:\/\/radiozapatista.org\/index.php?rest_route=\/wp\/v2\/posts\/35532","targetHints":{"allow":["GET"]}}],"collection":[{"href":"https:\/\/radiozapatista.org\/index.php?rest_route=\/wp\/v2\/posts"}],"about":[{"href":"https:\/\/radiozapatista.org\/index.php?rest_route=\/wp\/v2\/types\/post"}],"author":[{"embeddable":true,"href":"https:\/\/radiozapatista.org\/index.php?rest_route=\/wp\/v2\/users\/21"}],"replies":[{"embeddable":true,"href":"https:\/\/radiozapatista.org\/index.php?rest_route=%2Fwp%2Fv2%2Fcomments&post=35532"}],"version-history":[{"count":1,"href":"https:\/\/radiozapatista.org\/index.php?rest_route=\/wp\/v2\/posts\/35532\/revisions"}],"predecessor-version":[{"id":35534,"href":"https:\/\/radiozapatista.org\/index.php?rest_route=\/wp\/v2\/posts\/35532\/revisions\/35534"}],"wp:featuredmedia":[{"embeddable":true,"href":"https:\/\/radiozapatista.org\/index.php?rest_route=\/wp\/v2\/media\/35533"}],"wp:attachment":[{"href":"https:\/\/radiozapatista.org\/index.php?rest_route=%2Fwp%2Fv2%2Fmedia&parent=35532"}],"wp:term":[{"taxonomy":"category","embeddable":true,"href":"https:\/\/radiozapatista.org\/index.php?rest_route=%2Fwp%2Fv2%2Fcategories&post=35532"},{"taxonomy":"post_tag","embeddable":true,"href":"https:\/\/radiozapatista.org\/index.php?rest_route=%2Fwp%2Fv2%2Ftags&post=35532"}],"curies":[{"name":"wp","href":"https:\/\/api.w.org\/{rel}","templated":true}]}}