{"id":35515,"date":"2020-10-12T19:31:02","date_gmt":"2020-10-13T00:31:02","guid":{"rendered":"https:\/\/radiozapatista.org\/?p=35515"},"modified":"2020-10-12T19:31:02","modified_gmt":"2020-10-13T00:31:02","slug":"jornada-nacional-de-movilizacion-en-defensa-de-la-madre-tierra-contra-la-guerra-al-ezln-los-pueblos-y-comunidades-indigenas-toma-de-la-embajada-de-canada-12-de-octubre-2020","status":"publish","type":"post","link":"https:\/\/radiozapatista.org\/?p=35515","title":{"rendered":"Jornada Nacional de Movilizaci\u00f3n en Defensa de la Madre Tierra, contra la guerra al EZLN, los pueblos y comunidades ind\u00edgenas, toma de la embajada de Canad\u00e1 12 de octubre 2020"},"content":{"rendered":"<p><\/p>\n<div class=\"css-1dbjc4n\">\n<div class=\"css-1dbjc4n r-156q2ks\">\n<div id=\"tweet-text\" class=\"css-901oao r-hkyrab r-1qd0xha r-1blvdjr r-16dba41 r-ad9z0x r-bcqeeo r-bnwqim r-qvutc0\" dir=\"auto\" lang=\"es\"><span class=\"css-901oao css-16my406 r-1qd0xha r-ad9z0x r-bcqeeo r-qvutc0\">En el marco de la Jornada Nacional de Movilizaci\u00f3n en Defensa de la Madre Tierra, contra la guerra al EZLN, los pueblos y comunidades ind\u00edgenas. CNPA MN, Ma\u00edz y colectivo Zapata Vive, toma de la embajada de Canad\u00e1. <\/span><span class=\"r-18u37iz\"><a class=\"css-4rbku5 css-18t94o4 css-901oao css-16my406 r-1n1174f r-1loqt21 r-1qd0xha r-ad9z0x r-bcqeeo r-qvutc0\" dir=\"ltr\" role=\"link\" href=\"https:\/\/twitter.com\/hashtag\/diadelaresitencia?src=hashtag_click\" data-focusable=\"true\">#diadelaresistencia<\/a><\/span> <span class=\"r-18u37iz\"><a class=\"css-4rbku5 css-18t94o4 css-901oao css-16my406 r-1n1174f r-1loqt21 r-1qd0xha r-ad9z0x r-bcqeeo r-qvutc0\" dir=\"ltr\" role=\"link\" href=\"https:\/\/twitter.com\/hashtag\/dignidaddelospueblos?src=hashtag_click\" data-focusable=\"true\">#dignidaddelospueblos<\/a><\/span> <span class=\"r-18u37iz\"><a class=\"css-4rbku5 css-18t94o4 css-901oao css-16my406 r-1n1174f r-1loqt21 r-1qd0xha r-ad9z0x r-bcqeeo r-qvutc0\" dir=\"ltr\" role=\"link\" href=\"https:\/\/twitter.com\/hashtag\/EZLN?src=hashtag_click\" data-focusable=\"true\">#EZLN<\/a><\/span> <span class=\"r-18u37iz\"><a class=\"css-4rbku5 css-18t94o4 css-901oao css-16my406 r-1n1174f r-1loqt21 r-1qd0xha r-ad9z0x r-bcqeeo r-qvutc0\" dir=\"ltr\" role=\"link\" href=\"https:\/\/twitter.com\/hashtag\/CNI?src=hashtag_click\" data-focusable=\"true\">#CNI<\/a><\/span> <span class=\"r-18u37iz\"><a class=\"css-4rbku5 css-18t94o4 css-901oao css-16my406 r-1n1174f r-1loqt21 r-1qd0xha r-ad9z0x r-bcqeeo r-qvutc0\" dir=\"ltr\" role=\"link\" href=\"https:\/\/twitter.com\/hashtag\/CIG?src=hashtag_click\" data-focusable=\"true\">#CIG<\/a><\/span><\/div>\n<\/div>\n<\/div>\n<div class=\"css-1dbjc4n\">\n<div id=\"tweet-rich-content-label\" class=\"css-1dbjc4n\" aria-labelledby=\"quote-tweet-label tweet-card-label\">\n<div class=\"css-1dbjc4n\">\n<div class=\"css-1dbjc4n r-9x6qib r-1ylenci r-1phboty r-rs99b7 r-156q2ks r-1ny4l3l r-1udh08x r-o7ynqc r-6416eg\">\n<div class=\"css-1dbjc4n\">\n<div class=\"css-1dbjc4n r-1adg3ll r-1udh08x\">\n<div class=\"r-1adg3ll r-13qz1uu\"><\/div>\n<div class=\"r-1p0dtai r-1pi2tsx r-1d2f490 r-u8s1d r-ipm5af r-13qz1uu\">\n<div class=\"css-1dbjc4n r-18u37iz r-1pi2tsx r-13qz1uu\">\n<div class=\"css-1dbjc4n r-1p0dtai r-1d2f490 r-1udh08x r-u8s1d r-zchlnj r-ipm5af\">\n<div class=\"css-1dbjc4n r-1p0dtai r-1mlwlqe r-1d2f490 r-11wrixw r-1udh08x r-u8s1d r-zchlnj r-ipm5af r-417010\" aria-label=\"Image\" data-testid=\"tweetPhoto\">\n<div class=\"css-1dbjc4n r-1niwhzg r-vvn4in r-u6sd8q r-4gszlv r-1p0dtai r-1pi2tsx r-1d2f490 r-u8s1d r-zchlnj r-ipm5af r-13qz1uu r-1wyyakw\"><\/div>\n<p><img decoding=\"async\" class=\"css-9pa8cd\" draggable=\"true\" src=\"https:\/\/pbs.twimg.com\/media\/EkIt2ojX0AAnjU7?format=jpg&amp;name=small\" alt=\"Image\" \/><\/div>\n<\/div>\n<div class=\"css-1dbjc4n r-1iusvr4 r-eqz5dr r-16y2uox\">\n<div class=\"css-1dbjc4n r-1p0dtai r-1d2f490 r-1udh08x r-u8s1d r-zchlnj r-ipm5af\">\n<div class=\"css-1dbjc4n r-1p0dtai r-1mlwlqe r-1d2f490 r-11wrixw r-61z16t r-1udh08x r-u8s1d r-zchlnj r-ipm5af r-417010\" aria-label=\"Image\" data-testid=\"tweetPhoto\">\n<div class=\"css-1dbjc4n r-1niwhzg r-vvn4in r-u6sd8q r-4gszlv r-1p0dtai r-1pi2tsx r-1d2f490 r-u8s1d r-zchlnj r-ipm5af r-13qz1uu r-1wyyakw\"><\/div>\n<p><img decoding=\"async\" class=\"css-9pa8cd\" draggable=\"true\" src=\"https:\/\/pbs.twimg.com\/media\/EkIt334XkAETbVp?format=jpg&amp;name=360x360\" alt=\"Image\" \/><\/div>\n<\/div>\n<div class=\"css-1dbjc4n r-1p0dtai r-1d2f490 r-1udh08x r-u8s1d r-zchlnj r-ipm5af\">\n<div class=\"css-1dbjc4n r-1p0dtai r-1mlwlqe r-1d2f490 r-11wrixw r-61z16t r-1udh08x r-u8s1d r-zchlnj r-ipm5af r-417010\" aria-label=\"Image\" data-testid=\"tweetPhoto\">\n<div class=\"css-1dbjc4n r-1niwhzg r-vvn4in r-u6sd8q r-4gszlv r-1p0dtai r-1pi2tsx r-1d2f490 r-u8s1d r-zchlnj r-ipm5af r-13qz1uu r-1wyyakw\"><\/div>\n<p><img decoding=\"async\" class=\"css-9pa8cd\" draggable=\"true\" src=\"https:\/\/pbs.twimg.com\/media\/EkIt5A9XkAEpPFE?format=jpg&amp;name=360x360\" alt=\"Image\" \/><\/div>\n<\/div>\n<\/div>\n<\/div>\n<\/div>\n<\/div>\n<\/div>\n<\/div>\n<\/div>\n<\/div>\n<\/div>\n<div class=\"css-1dbjc4n r-vpgt9t\">\n<div class=\"css-1dbjc4n r-1awozwy r-18u37iz r-1wtj0ep\"><\/div>\n<\/div>\n<p><\/p>","protected":false},"excerpt":{"rendered":"<p>En el marco de la Jornada Nacional de Movilizaci\u00f3n en Defensa de la Madre Tierra, contra la guerra al EZLN, los pueblos y comunidades ind\u00edgenas. CNPA MN, Ma\u00edz y colectivo Zapata Vive, toma de la embajada de Canad\u00e1. #diadelaresistencia #dignidaddelospueblos #EZLN #CNI #CIG<\/p>\n","protected":false},"author":21,"featured_media":35516,"comment_status":"open","ping_status":"closed","sticky":false,"template":"","format":"standard","meta":{"footnotes":""},"categories":[51,943],"tags":[58,53,567,147,37,545,87,148,27,483],"class_list":["post-35515","post","type-post","status-publish","format-standard","has-post-thumbnail","hentry","category-autor","category-cni","tag-derechos-humanos","tag-justicia","tag-megaproyectos","tag-militarizacion","tag-presos-politicos","tag-pueblos-indigenas","tag-represion","tag-resistencia","tag-solidaridad","tag-tierra-y-territorio"],"_links":{"self":[{"href":"https:\/\/radiozapatista.org\/index.php?rest_route=\/wp\/v2\/posts\/35515","targetHints":{"allow":["GET"]}}],"collection":[{"href":"https:\/\/radiozapatista.org\/index.php?rest_route=\/wp\/v2\/posts"}],"about":[{"href":"https:\/\/radiozapatista.org\/index.php?rest_route=\/wp\/v2\/types\/post"}],"author":[{"embeddable":true,"href":"https:\/\/radiozapatista.org\/index.php?rest_route=\/wp\/v2\/users\/21"}],"replies":[{"embeddable":true,"href":"https:\/\/radiozapatista.org\/index.php?rest_route=%2Fwp%2Fv2%2Fcomments&post=35515"}],"version-history":[{"count":1,"href":"https:\/\/radiozapatista.org\/index.php?rest_route=\/wp\/v2\/posts\/35515\/revisions"}],"predecessor-version":[{"id":35517,"href":"https:\/\/radiozapatista.org\/index.php?rest_route=\/wp\/v2\/posts\/35515\/revisions\/35517"}],"wp:featuredmedia":[{"embeddable":true,"href":"https:\/\/radiozapatista.org\/index.php?rest_route=\/wp\/v2\/media\/35516"}],"wp:attachment":[{"href":"https:\/\/radiozapatista.org\/index.php?rest_route=%2Fwp%2Fv2%2Fmedia&parent=35515"}],"wp:term":[{"taxonomy":"category","embeddable":true,"href":"https:\/\/radiozapatista.org\/index.php?rest_route=%2Fwp%2Fv2%2Fcategories&post=35515"},{"taxonomy":"post_tag","embeddable":true,"href":"https:\/\/radiozapatista.org\/index.php?rest_route=%2Fwp%2Fv2%2Ftags&post=35515"}],"curies":[{"name":"wp","href":"https:\/\/api.w.org\/{rel}","templated":true}]}}