{"id":35199,"date":"2020-09-03T15:35:59","date_gmt":"2020-09-03T20:35:59","guid":{"rendered":"https:\/\/radiozapatista.org\/?p=35199"},"modified":"2020-09-03T15:35:59","modified_gmt":"2020-09-03T20:35:59","slug":"el-jefe-indigena-raoni-metuktire-de-90-anos-es-hospitalizado-con-covid-19-en-brasil","status":"publish","type":"post","link":"https:\/\/radiozapatista.org\/?p=35199","title":{"rendered":"El jefe ind\u00edgena Raoni Metuktire, de 90 a\u00f1os, es hospitalizado con Covid-19 en Brasil"},"content":{"rendered":"<p><strong>Por Sare Frabes<\/strong><\/p>\n<p>De acuerdo con la Articulaci\u00f3n de los Pueblos Ind\u00edgenas de Brasil (Apib), el jefe ind\u00edgena Raoni Metuktire de casi 90 a\u00f1os, ha confirmado que esta contagiado de coronavirus (Covid-19) seg\u00fan las pruebas realizadas espec\u00edficas, como tomograf\u00eda computarizada y serolog\u00eda.<\/p>\n<p>La APIB, quien dijo estar autorizada por los familiares de Raoni para dar esta informaci\u00f3n, sostiene que el estado de salud del ind\u00edgena Kayap\u00f3 es favorable, no presenta fiebre, contin\u00faa respirando con normalidad y sin ox\u00edgeno. El l\u00edder ind\u00edgena se encuentra internado en el Hospital Dois Pinheiros de Sinop (estado de Mato Grosso, centro-oeste).<\/p>\n<p><span class=\"has-inline-color has-luminous-vivid-orange-color\"><strong><a href=\"https:\/\/avispa.org\/eeuu-aprovecha-escenario-de-covid19-para-acelerar-presencia-en-la-amazonia-brasilena\/\" target=\"_blank\" rel=\"noreferrer noopener\">Ver Tambi\u00e9n: EEUU aprovecha escenario de Covid19 para acelerar presencia en la Amazon\u00eda brasile\u00f1a<\/a><\/strong><\/span><\/p>\n<p>El instituto Raoni, por su parte, ha emitido un reporte medico de forma p\u00fablica este 2 de septiembre, en el que afirman que Raoni ha iniciado con fisioterapia respiratoria. Se le ha retirado el cat\u00e9ter nasal de O2 -Tubo a trav\u00e9s del cual se le suministran f\u00e1rmacos. \u201cTuvo un episodio de dolor de cabeza que se control\u00f3 con analg\u00e9sicos. Las pruebas de laboratorio mostraron una mejora en las indicaciones de inflamaci\u00f3n. Hoy se encuentra bien, sin fiebre, respirando bien con saturaci\u00f3n superior al 97% y sin sonda nasal\u201d, afirm\u00f3 el Instituto.<\/p>\n<p>De la misma forma han comunicado que Raoni contin\u00faa el tratamiento con anticoagulantes y corticosteroides. \u201cEl jefe Raoni permanece hospitalizado para observaci\u00f3n y seguimiento cl\u00ednico continuo\u201d, detall\u00f3 el reporte cl\u00ednico del Instituto, d\u00f3nde tambi\u00e9n se afirma que Raoni podr\u00eda ser dado de alta en breve.<\/p>\n<p>El jefe ind\u00edgena Raoni ha sido reconocido internacionalmente por ser un f\u00e9rreo defensor de la Amazon\u00eda. Ha hecho presencia en diversos escenarios de la ONU, en el encuentro del G7, entre otros, donde ha denunciado la bestial deforestaci\u00f3n que viene sufriendo la Amazon\u00eda y los pueblos que la habitan.<\/p>\n<p>Hoy, Raoni ha llamado la atenci\u00f3n del mundo de diversos sectores de la comunidad internacional sobre su salud. Pero \u00e9l tan solo es uno de los m\u00e1s de 30 ind\u00edgenas que han contra\u00eddo el virus, mientras que, las cifras del n\u00famero de muertos a rebasado los 700 desde el inicio de la pandemia, seg\u00fan datos de la APIB.<\/p>\n<p>El 4 de agosto, un fallo de la Corte Suprema oblig\u00f3 al gobierno a establecer un protocolo especial para pueblos originarios, pero a\u00fan as\u00ed, los contagios siguen avanzando.<\/p>\n<p>\u201cLa COVID-19 se est\u00e1 extendiendo r\u00e1pidamente dentro de la reserva de Capoto \/ Jarina, donde miles de pueblos ind\u00edgenas est\u00e1n en riesgo de contraer esta enfermedad mortal. Necesitamos protecci\u00f3n y apoyo\u201d, han denunciado los pueblos que forman la APIB.<\/p>\n<p>&nbsp;<\/p>\n<p>Fuente: <a href=\"https:\/\/avispa.org\/el-jefe-indigena-raoni-metuktire-de-90-anos-es-hospitalizado-con-covid-19-en-brasil\/\" rel=\"noopener\" target=\"_blank\">Avispa M\u00eddia<\/a><\/p>","protected":false},"excerpt":{"rendered":"<p>Por Sare Frabes De acuerdo con la Articulaci\u00f3n de los Pueblos Ind\u00edgenas de Brasil (Apib), el jefe ind\u00edgena Raoni Metuktire de casi 90 a\u00f1os, ha confirmado que esta contagiado de coronavirus (Covid-19) seg\u00fan las pruebas realizadas espec\u00edficas, como tomograf\u00eda computarizada y serolog\u00eda. La APIB, quien dijo estar autorizada por los familiares de Raoni para dar [&hellip;]<\/p>\n","protected":false},"author":1,"featured_media":0,"comment_status":"open","ping_status":"closed","sticky":false,"template":"","format":"standard","meta":{"footnotes":""},"categories":[1284,826,183],"tags":[42,1301,545],"class_list":["post-35199","post","type-post","status-publish","format-standard","hentry","category-latinoamerica","category-medios-libres-2","category-blog","tag-brasil","tag-covid-19","tag-pueblos-indigenas"],"_links":{"self":[{"href":"https:\/\/radiozapatista.org\/index.php?rest_route=\/wp\/v2\/posts\/35199","targetHints":{"allow":["GET"]}}],"collection":[{"href":"https:\/\/radiozapatista.org\/index.php?rest_route=\/wp\/v2\/posts"}],"about":[{"href":"https:\/\/radiozapatista.org\/index.php?rest_route=\/wp\/v2\/types\/post"}],"author":[{"embeddable":true,"href":"https:\/\/radiozapatista.org\/index.php?rest_route=\/wp\/v2\/users\/1"}],"replies":[{"embeddable":true,"href":"https:\/\/radiozapatista.org\/index.php?rest_route=%2Fwp%2Fv2%2Fcomments&post=35199"}],"version-history":[{"count":1,"href":"https:\/\/radiozapatista.org\/index.php?rest_route=\/wp\/v2\/posts\/35199\/revisions"}],"predecessor-version":[{"id":35200,"href":"https:\/\/radiozapatista.org\/index.php?rest_route=\/wp\/v2\/posts\/35199\/revisions\/35200"}],"wp:attachment":[{"href":"https:\/\/radiozapatista.org\/index.php?rest_route=%2Fwp%2Fv2%2Fmedia&parent=35199"}],"wp:term":[{"taxonomy":"category","embeddable":true,"href":"https:\/\/radiozapatista.org\/index.php?rest_route=%2Fwp%2Fv2%2Fcategories&post=35199"},{"taxonomy":"post_tag","embeddable":true,"href":"https:\/\/radiozapatista.org\/index.php?rest_route=%2Fwp%2Fv2%2Ftags&post=35199"}],"curies":[{"name":"wp","href":"https:\/\/api.w.org\/{rel}","templated":true}]}}