{"id":35169,"date":"2020-08-31T08:57:00","date_gmt":"2020-08-31T13:57:00","guid":{"rendered":"https:\/\/radiozapatista.org\/?p=35169"},"modified":"2020-08-31T13:02:43","modified_gmt":"2020-08-31T18:02:43","slug":"agresiones-y-operadores-del-ayuntamiento-van-a-provocar-enfrentamiento-en-tila","status":"publish","type":"post","link":"https:\/\/radiozapatista.org\/?p=35169","title":{"rendered":"[:es]Agresiones y operadores del ayuntamiento van a provocar enfrentamiento en Tila[:]"},"content":{"rendered":"<p>[:es]<\/p>\n<p class=\"western\" style=\"text-align: right;\" align=\"left\">Ejido Tila chiapas a 28 de agosto de 2020<\/p>\n<h4 class=\"western\" align=\"center\">DENUNCIA PUBLICA<\/h4>\n<p class=\"western\" align=\"left\">Al Congreso Nacional Ind\u00edgena<br \/>\nAl Concejo Ind\u00edgena de Gobierno<br \/>\nA los derechos humanos nacional e internacional no gubernamental<br \/>\nA los luchadores de M\u00e9xico y el mundo<br \/>\nA los medios de comunicaci\u00f3n nacional e internacional no gubernamental<br \/>\nA todos los luchadores sociales de M\u00e9xico y el mundo<\/p>\n<p class=\"western\" align=\"justify\">Compa\u00f1eros y compa\u00f1eros de todas las diferentes organizaciones que lucha por tierra y territorio una vez mas les enviamos un cordial saludo fraternal de parte del Ejido Tila, Chiapas seguimos denunciando los ataques y las malas informaciones para desprestigiar nuestra defensa de tierra y territorio.<\/p>\n<p class=\"western\" align=\"justify\">Hoy a las 5 de la ma\u00f1ana en el desvio de Jolpoquituic el se\u00f1or C. Carlos V\u00e1zquez Alvarez quien es pofesor y poblador de Tila fue presionado para participar en el bloqueo su gente de Francisco Arturo S\u00e1nchez, iba en su carro y no lo dejaban pasar exigiendole que se une como poblador y como no acept\u00f3 golpearon a su chofer y tuvieron que regresar a pie quedando su automovil. Lo reportaron con las autoridades del ejido disiendo que el no quiere participar porque no quiere tener problema con el ejido y entonces lo tuvo que dejar ahi su carro en la carretera en manos de los operadores del ayuntamiento que tienen tomada la entrada de Tila agresivamente.<\/p>\n<p class=\"western\" align=\"justify\"><!--more-->Como ya lo denunciamos estos opoeradores primero derribaron los portones junto con un grupo de pobladores y avecindados que fueron agitados y contratados por el C. Francisco Arturo S\u00e1nchez Mart\u00ednez, Guillermo Gordillo S\u00e1nchez, Rodrigo Mart\u00ednez Parcero, hijos del paramilitar Paz y Justicia Samuel S\u00e1nchez, Arturo S\u00e1nchez y Elmar Mart\u00ednez Ram\u00edrez, quienes sus padres originarios de la comunidad de Jolsivaquil. Denunciamos Mercedes Bonifaz Guti\u00e9rrez secretaria del colegio de bachilleres de chiapas plantel 14, Juan Lopez Lopez mas conocido como Juan Tyentzu\u00f1, Jos\u00e9 Ram\u00edrez V\u00e1zquez originario de Limar, el profesor Faustino Guti\u00e9rrez P\u00e9rez, Mart\u00edn Decelis Guillen sus padres son originarios de Sitala chiapas, prof Crist\u00f3bal Pe\u00f1ate Guzm\u00e1n originario de Mariscal Subicusqui municipio de Tumbala, prof Francisco Jim\u00e9nez Jim\u00e9nez originario del ejido Panxuk Corozal, Maria P\u00e9rez L\u00f3pez originario de Chulum Juarez, Acasio \u00c1lvarez P\u00e9rez originario de Chulum Cardenas y otros.<\/p>\n<p class=\"western\" align=\"justify\">Francisco Arturo S\u00e1nchez hijo del paramiltiar Arturo S\u00e1nchez aspira ser candidato a presidente municipal cuando hoy en dia esta contratando j\u00f3venes pandilleros y drogadictos para atacar el ejido y les preguntamos a toda la sociedad \u00bfque educaci\u00f3n le esta ense\u00f1ando a los ni\u00f1os? Por eso pedimos que tome carta en el asunto la secretaria de educaci\u00f3n publica, cuando la educaci\u00f3n es laica y gratuita, es amor a la patria a la conciencia, solidaridad, independencia, justicia, luchar contra la ignorancia y el fanatismo, pero no para manipular y contratar pandilleros, j\u00f3venes drogadictos para agredir a ejidatarios en su propia tierra.<\/p>\n<p class=\"western\" align=\"justify\">Entendemos la inconformidad de pobladores y avecindados que los pasados malos gobiernos, sistema agrario y el ayuntamiento municipal con ideas de caciques registraron escrituras privadas violando el art. 74 de la ley agraria, que hasta por cierto pagaron impuesto a la hacienda cuando esos escritos eran escritos ilegales. Para sus amplios conocimientos a la sociedad y a los j\u00f3venes hijos de ejidatarios que se dejan manipular les decimos claro que Tila es Ejido Tila. Aunque un grupito de caciques paramilitares que son profesionistas de los enga\u00f1os les dicien que van a lograr que el gobierno les entregue el poblado de Tila eso no va a sucer porque son tierras ejidales. Ya esta plenamente ganado en el amparo ante la Suprema Corte y que el actual gobernador tuvo que emitir decreto para reconocer que no existe el fundo legal. No se dejen enga\u00f1ar.<\/p>\n<p class=\"western\" align=\"justify\">Durante mas de 72 a\u00f1os, sea venido violando nuestros derechos humanos. Si los ejidatarios se van a despojar terreno en la zona alta, zona baja, zona media estar\u00edamos cometiendo delito violando sus derechos humanos de los hermanos que pertenecen a otros ejidos. Les pedimos que hagan uso de conciencia que estamos cansados de tanta injusticia y no se dejen acarrear por un aspirante a presidente municipal que est\u00e1 utilizando la carretera para sus beneficios personales el ayuntamiento municipal porque es el que siempre ha financiado a su familia de paramilitares. Lo que quieren es acabar nuestro territorio Ejidal, nosotros vemos gritar y protestando personas ajenas instruido por los paramilitares en un derecho que no les corresponde.<\/p>\n<p class=\"western\" align=\"justify\">Aclaramos que en su periodo de Sandra Luz Cruz Espinosa esposa de Limberg se paso por encima de la maxima autoridad que es la asamblea general de ejidatarios; coloco dos tableros como municipio libre, la asamblea vio la necesidad de presentar un amparo 272\/2012. Y como no cuenta con el permiso en su periodo limber Gregorio le ordenaron con sentencia de amparo bajar los dos letreros porque es propiedad legitimo de los ejidatarios donde est\u00e1n colocadas ya que son TERRITORIO EJIDAL; as\u00ed tambi\u00e9n la carretera que conduce a la comunidad de mariscal subicusqui municipio de Tumbala. Solicitaron copia de permiso a la secretaria de transporte y comunicaci\u00f3n respondiendo que no tiene permiso, pidieron copia de permiso al gobierno de estado y no cuenta con el permiso. Y esto fue graves violaciones a nuestro derecho constitucionales en el art. 14 y 16 de la misma constituci\u00f3n, para el previo consentimiento violaron el convenio de la OIT sobre el derecho de los pueblos ind\u00edgenas art. 3, 6, y art 12, 19 ,61y el art 21 de la convenci\u00f3n interamericana.<\/p>\n<p class=\"western\" align=\"justify\">La carretera se tiene que componer hasta que culmine la ejecuci\u00f3n del amparo que esta en proceso de ejecuci\u00f3n. Les pedimos que exijan el respeto de sus derechos a donde les corresponde no en patrimonio propio del ejido que est\u00e1 amparado mediante la resoluci\u00f3n presidencial del 30 de julio de 1934 y publicado en el diario oficial de la federaci\u00f3n el 16 de octubre de ese mismo a\u00f1o. Por eso no buscamos ninguna confrontaci\u00f3n con personas que desconocen el estado que guarda el ejido y no buscamos conflicto porque no estamos peleando terreno que no nos corresponde.<\/p>\n<p class=\"western\" align=\"justify\">Hoy en d\u00eda nos sentimos muy triste por un compa\u00f1ero que asist\u00eda en la asamblea y reuni\u00f3n de barrios que fue encontrado sin vida con huellas de maltrato, un hermano fiel a la lucha por la defensa de tierra y territorio. Que en paz descanse nuestro compa\u00f1ero y que su familia encuentre paz en su partida y vamos a seguir investigando. Esto sucedi\u00f3 justo cuando empez\u00f3 el movimiento paramilitar para la destrucci\u00f3n de los portones de seguridad; no de secuestro, como se pasan divulgando. Esto fue aprobado por la asamblea extraordinaria de los ejidatarios para mantener la seguridad por todas las amenazas y crimenes que esta buscando cometer sus operadores del Ayuntamiento paramilitar de Limberg Gregorio.<\/p>\n<p class=\"western\" align=\"justify\">Los portones se hicieron porque el ayuntamientos extendi\u00f3 muchos permisos de cantinas y bares, abarrotes vinos y licores, as\u00ed como los comandantes de la polic\u00eda permitieron la venta de drogas y la entrada de armas con carro polarizados para intimidar a nuestro ejido. Este grupo destructor violan el art. 2, A) fracci\u00f3n II, donde reconocimos nuestra propia autoridad nombrado de acuerdo a usos y costumbres. Y vamos a mencionar la palabra que dicen los inconformes porque m\u00e1s de 72 a\u00f1os estuvo secuestrado nuestra 130 hect\u00e1reas mediante documentos falsos por lo que procedimos a recuperar nuestras soberan\u00eda del pueblo chol ind\u00edgena basado en el art. 39 de la misma constituci\u00f3n pol\u00edtica, nuestros documentos del ejido y el amparo que ganamos plenamente.<\/p>\n<p class=\"western\" align=\"justify\">Esperamos que cumpla el presidente de la rep\u00fablica asi como dijo en la primeras horas de su triunfo donde env\u00edo un mensaje al pueblo mexicano \u201cvoy a respetar la libre determinaci\u00f3n de los pueblos ind\u00edgenas y su autonom\u00eda\u201d y en sus conferencia hemos escuchado que se tiene que acabar la corrupci\u00f3n. Cabe mencionar que el art. 87 el Presidente en la toma de protesta ante la comisi\u00f3n permanente \u201cProtesto guardar y hacer guardar la constituci\u00f3n pol\u00edtica de los estados unidos mexicanos y la leyes que de ellos emanen de desempe\u00f1ar leal patrioticamente el cargo de Presidente de la Rep\u00fablica\u201d. Por eso el ejido no se enfrenta ante personas ajenas de nuestro ejido que est\u00e1n financiado por el dictador Limber Gregorio Guti\u00e9rrez G\u00f3mez en su casi 15 a\u00f1os en el poder y con los lideres paramilitares ya antes mencionados.<\/p>\n<p class=\"western\" style=\"text-align: center;\">Atentamente<\/p>\n<p class=\"western\" style=\"text-align: center;\">TIERRRA Y LIBERTAD<\/p>\n<p class=\"western\" style=\"text-align: center;\">EJIDO TILA<\/p>\n<p class=\"western\" style=\"text-align: center;\">ORGANOS DE REPRESENTACI\u00d3N EJIDAL<\/p>\n<p class=\"western\" style=\"text-align: center;\">PDTE. COMISARIADO EJIDAL \u00a0 \u00a0 \u00a0 \u00a0 \u00a0 \u00a0 \u00a0 \u00a0 \u00a0\u00a0 PDTE. CONSEJO DE VIGILANCIA<\/p>\n<p>[:]<\/p>\n","protected":false},"excerpt":{"rendered":"<p>[:es] Ejido Tila chiapas a 28 de agosto de 2020 DENUNCIA PUBLICA Al Congreso Nacional Ind\u00edgena Al Concejo Ind\u00edgena de Gobierno A los derechos humanos nacional e internacional no gubernamental A los luchadores de M\u00e9xico y el mundo A los medios de comunicaci\u00f3n nacional e internacional no gubernamental A todos los luchadores sociales de M\u00e9xico [&hellip;]<\/p>\n","protected":false},"author":1,"featured_media":35170,"comment_status":"open","ping_status":"closed","sticky":false,"template":"","format":"standard","meta":{"footnotes":""},"categories":[957,6,943,1024],"tags":[79,917,63,95],"class_list":["post-35169","post","type-post","status-publish","format-standard","has-post-thumbnail","hentry","category-autonomia","category-chiapas","category-cni","category-cni-temas","tag-autonomia","tag-chiapas","tag-cni","tag-tila"],"_links":{"self":[{"href":"https:\/\/radiozapatista.org\/index.php?rest_route=\/wp\/v2\/posts\/35169","targetHints":{"allow":["GET"]}}],"collection":[{"href":"https:\/\/radiozapatista.org\/index.php?rest_route=\/wp\/v2\/posts"}],"about":[{"href":"https:\/\/radiozapatista.org\/index.php?rest_route=\/wp\/v2\/types\/post"}],"author":[{"embeddable":true,"href":"https:\/\/radiozapatista.org\/index.php?rest_route=\/wp\/v2\/users\/1"}],"replies":[{"embeddable":true,"href":"https:\/\/radiozapatista.org\/index.php?rest_route=%2Fwp%2Fv2%2Fcomments&post=35169"}],"version-history":[{"count":1,"href":"https:\/\/radiozapatista.org\/index.php?rest_route=\/wp\/v2\/posts\/35169\/revisions"}],"predecessor-version":[{"id":35171,"href":"https:\/\/radiozapatista.org\/index.php?rest_route=\/wp\/v2\/posts\/35169\/revisions\/35171"}],"wp:featuredmedia":[{"embeddable":true,"href":"https:\/\/radiozapatista.org\/index.php?rest_route=\/wp\/v2\/media\/35170"}],"wp:attachment":[{"href":"https:\/\/radiozapatista.org\/index.php?rest_route=%2Fwp%2Fv2%2Fmedia&parent=35169"}],"wp:term":[{"taxonomy":"category","embeddable":true,"href":"https:\/\/radiozapatista.org\/index.php?rest_route=%2Fwp%2Fv2%2Fcategories&post=35169"},{"taxonomy":"post_tag","embeddable":true,"href":"https:\/\/radiozapatista.org\/index.php?rest_route=%2Fwp%2Fv2%2Ftags&post=35169"}],"curies":[{"name":"wp","href":"https:\/\/api.w.org\/{rel}","templated":true}]}}