{"id":35162,"date":"2020-08-31T12:43:31","date_gmt":"2020-08-31T17:43:31","guid":{"rendered":"https:\/\/radiozapatista.org\/?p=35162"},"modified":"2020-08-31T12:46:01","modified_gmt":"2020-08-31T17:46:01","slug":"cura-da-terra-encuentro-global-de-mujeres-indigenas-5-sept-2020","status":"publish","type":"post","link":"https:\/\/radiozapatista.org\/?p=35162","title":{"rendered":"[:es]Cura da Terra: Encuentro global de mujeres ind\u00edgenas &#8211; 5 sept. 2020[:en]Global Gathering of Indigenous Women &#8211; 5 Sep 2020[:]"},"content":{"rendered":"<p>[:es]<\/p>\n<h3 align=\"center\">5 de Septiembre 2020<br \/>\n<a href=\"https:\/\/curadaterra.org\" rel=\"noopener\" target=\"_blank\">Encuentro Global de Mujeres Ind\u00edgenas<\/a><\/h3>\n<p>En tiempos de enfermedad global, las mujeres ind\u00edgenas que defendemos la vida y el territorio somos la cura de la tierra. El mundo que pone el dinero por encima de la vida est\u00e1 llegando a su fin y las voces de otros mundos son la esperanza del futuro.<\/p>\n<p><strong><a href=\"https:\/\/curadaterra.org\" rel=\"noopener\" target=\"_blank\">curadaterra.org<\/a><\/strong><\/p>\n<p align=\"center\"><iframe loading=\"lazy\" width=\"560\" height=\"315\" src=\"https:\/\/www.youtube.com\/embed\/xhL6vLnDNKE\" frameborder=\"0\" allow=\"accelerometer; autoplay; encrypted-media; gyroscope; picture-in-picture\" allowfullscreen><\/iframe><\/p>\n<p>&nbsp;<\/p>\n<p align=\"center\"><iframe loading=\"lazy\" width=\"560\" height=\"315\" src=\"https:\/\/www.youtube.com\/embed\/vFqEun5NzT8\" frameborder=\"0\" allow=\"accelerometer; autoplay; encrypted-media; gyroscope; picture-in-picture\" allowfullscreen><\/iframe><\/p>\n<hr\/>\n<p>Em tempos de doen\u00e7as globais, as mulheres ind\u00edgenas defendem a vida e o territ\u00f3rio e s\u00e3o a cura da terra. O mundo que coloca o dinheiro acima da vida est\u00e1 chegando ao fim e as vozes de outros mundos s\u00e3o a esperan\u00e7a do futuro.<\/p>\n<p><strong><a href=\"https:\/\/curadaterra.org\/pt\" target=\"_blank\">curadaterra.org\/pt<\/a><\/strong><\/p>\n<p>5 de Setembro: Encontro Global de Mulheres Ind\u00edgenas<\/p>\n<p>[:en]<\/p>\n<h3 align=\"center\">September 5th, 2020<br \/>\nGlobal Gathering of Indigenous Women<\/h4>\n<p>In times of a global disease, the indigenous women who defend life and the territory are the cure of the earth. The world that puts money above life is coming to an end and the voices of many worlds are the hope of the future.<\/p>\n<p><strong><a href=\"https:\/\/curadaterra.org\/en\" target=\"_blank\">curadaterra.org\/en<\/a><\/strong><\/p>\n<p align=\"center\"><iframe loading=\"lazy\" width=\"560\" height=\"315\" src=\"https:\/\/www.youtube.com\/embed\/_KprDpn-Byo\" frameborder=\"0\" allow=\"accelerometer; autoplay; encrypted-media; gyroscope; picture-in-picture\" allowfullscreen><\/iframe><\/p>\n<p>[:]<\/p>\n","protected":false},"excerpt":{"rendered":"<p>[:es] 5 de Septiembre 2020 Encuentro Global de Mujeres Ind\u00edgenas En tiempos de enfermedad global, las mujeres ind\u00edgenas que defendemos la vida y el territorio somos la cura de la tierra. El mundo que pone el dinero por encima de la vida est\u00e1 llegando a su fin y las voces de otros mundos son la [&hellip;]<\/p>\n","protected":false},"author":1,"featured_media":35163,"comment_status":"open","ping_status":"closed","sticky":false,"template":"","format":"standard","meta":{"footnotes":""},"categories":[957,961,953,222],"tags":[473,41,545,96],"class_list":["post-35162","post","type-post","status-publish","format-standard","has-post-thumbnail","hentry","category-autonomia","category-mujeres","category-mundo","category-video","tag-ecologia","tag-mujeres","tag-pueblos-indigenas","tag-tierra"],"_links":{"self":[{"href":"https:\/\/radiozapatista.org\/index.php?rest_route=\/wp\/v2\/posts\/35162","targetHints":{"allow":["GET"]}}],"collection":[{"href":"https:\/\/radiozapatista.org\/index.php?rest_route=\/wp\/v2\/posts"}],"about":[{"href":"https:\/\/radiozapatista.org\/index.php?rest_route=\/wp\/v2\/types\/post"}],"author":[{"embeddable":true,"href":"https:\/\/radiozapatista.org\/index.php?rest_route=\/wp\/v2\/users\/1"}],"replies":[{"embeddable":true,"href":"https:\/\/radiozapatista.org\/index.php?rest_route=%2Fwp%2Fv2%2Fcomments&post=35162"}],"version-history":[{"count":2,"href":"https:\/\/radiozapatista.org\/index.php?rest_route=\/wp\/v2\/posts\/35162\/revisions"}],"predecessor-version":[{"id":35165,"href":"https:\/\/radiozapatista.org\/index.php?rest_route=\/wp\/v2\/posts\/35162\/revisions\/35165"}],"wp:featuredmedia":[{"embeddable":true,"href":"https:\/\/radiozapatista.org\/index.php?rest_route=\/wp\/v2\/media\/35163"}],"wp:attachment":[{"href":"https:\/\/radiozapatista.org\/index.php?rest_route=%2Fwp%2Fv2%2Fmedia&parent=35162"}],"wp:term":[{"taxonomy":"category","embeddable":true,"href":"https:\/\/radiozapatista.org\/index.php?rest_route=%2Fwp%2Fv2%2Fcategories&post=35162"},{"taxonomy":"post_tag","embeddable":true,"href":"https:\/\/radiozapatista.org\/index.php?rest_route=%2Fwp%2Fv2%2Ftags&post=35162"}],"curies":[{"name":"wp","href":"https:\/\/api.w.org\/{rel}","templated":true}]}}