{"id":35152,"date":"2020-08-27T14:30:07","date_gmt":"2020-08-27T19:30:07","guid":{"rendered":"https:\/\/radiozapatista.org\/?p=35152"},"modified":"2020-08-27T14:30:07","modified_gmt":"2020-08-27T19:30:07","slug":"mas-de-450-personas-y-140-organizaciones-de-22-paises-exigen-alto-a-la-guerra-contra-las-comunidades-zapatistas","status":"publish","type":"post","link":"https:\/\/radiozapatista.org\/?p=35152","title":{"rendered":"M\u00e1s de 450 personas y 140 organizaciones de 22 pa\u00edses exigen Alto a la guerra contra las comunidades zapatistas"},"content":{"rendered":"<p><\/p>\n<h3 style=\"text-align: center;\">Alto a la guerra contra las comunidades zapatistas<\/h3>\n<p style=\"text-align: center;\"><a href=\"https:\/\/radiozapatista.org\/wp-content\/uploads\/2020\/08\/Alto-a-la-guerra.jpg\"><img loading=\"lazy\" decoding=\"async\" class=\"aligncenter size-full wp-image-35153\" src=\"https:\/\/radiozapatista.org\/wp-content\/uploads\/2020\/08\/Alto-a-la-guerra.jpg\" alt=\"\" width=\"333\" height=\"450\" srcset=\"https:\/\/radiozapatista.org\/wp-content\/uploads\/2020\/08\/Alto-a-la-guerra.jpg 333w, https:\/\/radiozapatista.org\/wp-content\/uploads\/2020\/08\/Alto-a-la-guerra-222x300.jpg 222w\" sizes=\"auto, (max-width: 333px) 100vw, 333px\" \/><\/a><\/p>\n<h3 style=\"text-align: center;\">PRONUNCIAMIENTO<\/h3>\n<p>El s\u00e1bado 22 de agosto del 2020, paramilitares de la Organizaci\u00f3n Regional de Cafeticultores de Ocosingo (ORCAO), saquearon e incendiaron las instalaciones del Centro de Comercio Nuevo Amanecer del Arcoiris, que se encuentra ubicado en el sitio conocido como crucero de Cuxulj\u00e1, Municipio Aut\u00f3nomo Lucio Caba\u00f1as, dentro del municipio oficial de Ocosingo. Hay que recordar que el 24 de febrero de 2020, la ORCAO, junto al grupo los &#8220;Chinchulines&#8221; (identificado desde hace a\u00f1os como paramilitar), e integrantes del partido MORENA en la regi\u00f3n, violentaron y secuestraron a integrantes del Congreso Nacional Ind\u00edgena (CNI), esto en el contexto de las Jornadas en defensa del territorio y la Madre Tierra &#8220;Samir somos todas y todos&#8221;, convocadas por el EZLN y el CNI. Todo qued\u00f3 documentado en la denuncia publicada en la p\u00e1gina Enlace Zapatista (ver: <a href=\"https:\/\/enlacezapatista.ezln.org.mx\/2020\/02\/27\/pronunciamiento-ante-el-secuestro-de-miembros-del-cni-en-chilon-chiapas-por-su-participacion-en-las-jornadas-samir-somos-todas-y-todos\/\" target=\"_blank\" rel=\"noopener\">https:\/\/enlacezapatista.ezln.org.mx\/2020\/02\/27\/pronunciamiento-ante-el-secuestro-de-miembros-del-cni-en-chilon-chiapas-por-su-participacion-en-las-jornadas-samir-somos-todas-y-todos\/<\/a>).<\/p>\n<p>Esta nueva agresi\u00f3n forma parte de la intensificaci\u00f3n de la guerra de desgaste en el estado de Chiapas, caracterizada por el incremento de la violencia de grupos paramilitares y del crimen organizado, c\u00f3mo oportunamente ha documentado el Centro de Derechos Humanos Fray Bartolom\u00e9 de las Casas (ver: <a href=\"https:\/\/frayba.org.mx\/agresiones-armadas-en-aldama\/\" target=\"_blank\" rel=\"noopener\">https:\/\/frayba.org.mx\/agresiones-armadas-en-aldama\/<\/a>).<\/p>\n<p>La difusi\u00f3n de calumnias contra el Ej\u00e9rcito Zapatista de Liberaci\u00f3n Nacional (EZLN), tambi\u00e9n forma parte de esa guerra contrainsurgente que se realiza en distintos frentes y formas: directa e indirecta, abierta y encubierta; medi\u00e1tica, pol\u00edtica, econ\u00f3mica y militar. Este escenario de guerra no es exclusivo del estado de Chiapas. Como puede consultarse en la p\u00e1gina del Congreso Nacional Ind\u00edgena (ver: <a href=\"https:\/\/www.congresonacionalindigena.org\/category\/denuncias\/\" target=\"_blank\" rel=\"noopener\">https:\/\/www.congresonacionalindigena.org\/category\/denuncias\/<\/a>), son constantes las denuncias de los pueblos originarios y sus organizaciones frente a la violencia de los grupos criminales, paraestatales y estatales, violencia que contribuye a la fragmentaci\u00f3n del tejido comunitario y al desgaste de las luchas contra el despojo y los megaproyectos en M\u00e9xico.<\/p>\n<p>Quienes firmamos este documento, llamamos a la sociedad civil nacional e internacional a suscribir la denuncia de estos hechos, exigir el cese de las agresiones y hostilidades a las Bases de Apoyo Zapatistas, de la destrucci\u00f3n de los preciados bienes comunitarios, el resultado del trabajo colectivo, que, en medio de esta crisis multifactorial, adquieren un alto valor patrimonial; igualmente, pedimos se mantengan atentas ante esta nueva escalada de la violencia contra el EZLN y el CNI, organizaciones que son un referente planetario en la defensa de la Vida y por un mundo mejor.<\/p>\n<p><!--more--><\/p>\n<h4 style=\"text-align: center;\">FIRMANTES<\/h4>\n<div class=\"column-content c pr cf pr-0 pr-320 pr-365\">\n<div class=\"c-c c-s-h cf\">\n<div class=\"b b-text cf\">\n<div class=\"b-c b-text-c b-s b-s-t60 b-s-b60 cf\">\n<ul>\n<li>Julieta Venegas, Cantante, M\u00e9xico.<\/li>\n<li>Gilberto L\u00f3pez y Rivas, Antrop\u00f3logo, M\u00e9xico.<\/li>\n<li>Alicia Castellanos Guerrero, Antrop\u00f3loga, M\u00e9xico.<\/li>\n<li>Juan Villoro, Escritor, M\u00e9xico.<\/li>\n<li>Fernanda Navarro, Fil\u00f3sofa, UNAM, Ciudad de M\u00e9xico.<\/li>\n<li>Miguel Concha Malo, Defensor de Derechos Humanos, Ciudad de M\u00e9xico.<\/li>\n<li>Luis Hern\u00e1ndez Navarro, escritor, M\u00e9xico.<\/li>\n<li>Concepci\u00f3n Calvillo de Nava fue miembro de la CONAI.<\/li>\n<li>Salvador Nava Calvillo miembro de la Fundaci\u00f3n Para la Democracia.<\/li>\n<li>Azize Aslan, Kurdist\u00e1n.<\/li>\n<li>Luis de Tavira, director de teatro. CDMX, M\u00e9xico.<\/li>\n<li>Marcos Roitman Rosenmann, Soci\u00f3logo, articulista. La Jornada.<\/li>\n<li>Michael Lowy, Investigador Em\u00e9rito,CNRS, Par\u00eds.<\/li>\n<li>Paul Leduc, Cineasta, M\u00e9xico.<\/li>\n<li>Ofelia Medina, Actr\u00edz, M\u00e9xico.<\/li>\n<li>Juan Carlos Rulfo, Cineasta, Ciudad de M\u00e9xico.<\/li>\n<li>Daniel Gim\u00e9nez Cacho, Actor, M\u00e9xico.<\/li>\n<li>Bego\u00f1a Lecumberri, Productora, M\u00e9xico.<\/li>\n<li>Maya Goded Colichio, Fot\u00f3grafa, M\u00e9xico.<\/li>\n<li>Bernard Duterme, director del CETRI en B\u00e9lgica.<\/li>\n<li>Magdalena G\u00f3mez, Abogada, M\u00e9xico.<\/li>\n<li>Ra\u00fal Zibechi, periodista uruguayo.<\/li>\n<li>Ana Colchero, escritora y actriz, M\u00e9xico.<\/li>\n<li>Catherine Walsh, Ecuador.<\/li>\n<li>Silvia Ribeiro, investigadora y periodista, M\u00e9xico.<\/li>\n<li>Leonardo Heiblum, M\u00fasico, M\u00e9xico<\/li>\n<li>Laura Imperiale, Cineasta, CDMX.<\/li>\n<li>John Holloway, Profesor, Benem\u00e9rita Universidad Aut\u00f3noma de Puebla, Puebla.<\/li>\n<li>Emiliano Monge, Escritor, M\u00e9xico.<\/li>\n<li>Gabriela Jauregui, Escritora, CDMX.<\/li>\n<li>Daniela Rea, periodista, CDMX.<\/li>\n<li>Giuseppe Caputo, escritor, Colombia.<\/li>\n<li>De Abraham Cruzvillegas, artista visual, M\u00e9xico.<\/li>\n<li>Ana Esther Cece\u00f1a, geopolitologa, Mexico.<\/li>\n<li>Sergio Tischler, Benem\u00e9rita Universidad Aut\u00f3noma de Puebla.<\/li>\n<li>M\u00e1rgara Mill\u00e1n, Profesora UNAM, Mexico.<\/li>\n<li>Servando Gaja, cine fot\u00f3grafo, Morelos.<\/li>\n<li>Felipe I. Echenique March, Historiador, INAH.<\/li>\n<li>Jorge Alonso S\u00e1nchez, antrop\u00f3logo, M\u00e9xico, Guadalajara.<\/li>\n<li>Ra\u00fal Delgado Wise.<\/li>\n<li>Ma. Eugenia S\u00e1nchez D\u00edaz de Rivera, Soci\u00f3loga Universidad iberoamericana Puebla (M\u00e9xico).<\/li>\n<li>Eduardo Almeida Acosta, Psic\u00f3logo Social Universidad Iberoamericana Puebla (M\u00e9xico).<\/li>\n<li>B\u00e1rbara Zamora, Abogada, CDMX.<\/li>\n<li>Teresa Castellanos, Morelos, M\u00e9xico.<\/li>\n<li>Sylvia Marcos, Red de Feminismos Descoloniales, Morelos, M\u00e9xico.<\/li>\n<li>Jean Robert, arquitecto Universidad Aut\u00f3noma del Estado de Morelos, M\u00e9xico.<\/li>\n<li>Y\u00e1snaya Aguilar, Ling\u00fcista mixe\/ Ayutla, Oaxaca.<\/li>\n<li>Mia Eve Rollow, Artist, USA.<\/li>\n<li>Gloria Mu\u00f1oz, Periodista, M\u00e9xico.<\/li>\n<li>Ram\u00f3n Vera, M\u00e9xico.<\/li>\n<li>Carolina Coppel, Cineasta, M\u00e9xico.<\/li>\n<li>Gabo Revuelta \/ Mexikan Sound.<\/li>\n<li>Paul Hersch Mart\u00ednez, M\u00e9xico.<\/li>\n<li>Emmanuel Eduardo Rozental, Santander de Quilichao, Cauca, Colombia, Comunicador, M\u00e9dico.<\/li>\n<li>Leo Gabriel, Antrop\u00f3logo, periodista. Austria,<\/li>\n<li>Vilma Roc\u00edo Almendra Quiguan\u00e1s, Santander de Quilichao, Cauca, Colombia. Comunicadora, Periodista, soci\u00f3loga.<\/li>\n<li>Constanza Cuetia Dagua, Jambal\u00f3, Cauca, Colombia, Comunicadora, Pedagoga.<\/li>\n<li>Mauricio Acosta, Popay\u00e1n, Cauca, Cineasta, Docente Universitario, Dise\u00f1ador Gr\u00e1fico.<\/li>\n<li>Arturo Anguiano, Acad\u00e9mico, M\u00e9xico.<\/li>\n<li>Abel Coicu\u00e9, Huellas, Caloto, Cauca, Comunicador, Dirigente Ind\u00edgena.<\/li>\n<li>Martha Elena Welsh, Maestra, bailarina, Ciudad de M\u00e9xico, M\u00e9xico.<\/li>\n<li>Valentina Leduc Navarro, Cineasta, CDMX.<\/li>\n<li>Xochitl Leyva Solano (Trabajadora de las Ciencias Sociales y activista (Chiapas, M\u00e9xico).<\/li>\n<li>Luciana Kaplan, Documentalista, CDMX.<\/li>\n<li>Luisa Riley, Cineasta, M\u00e9xico<\/li>\n<li>Argelia Guerrero Renter\u00eda, Bailarina, M\u00e9xico<\/li>\n<li>Carolina D\u00edaz I\u00f1igo, Antrop\u00f3loga, M\u00e9xico.<\/li>\n<li>Ra\u00fal Romero, Soci\u00f3logo, M\u00e9xico.<\/li>\n<li>Francisco De Parres G\u00f3mez, Antrop\u00f3logo \/ Fot\u00f3grafo, M\u00e9xico.<\/li>\n<li>Angela Sandoval, Antrop\u00f3loga, M\u00e9xico.<\/li>\n<li>Alma S\u00e1nchez, Morelos, M\u00e9xico.<\/li>\n<li>Adriana Hern\u00e1ndez, Abogada, Activismo Jur\u00eddico.<\/li>\n<li>Ana Mar\u00eda Vera Smith. Psic\u00f3loga, UNAM, Mexico.<\/li>\n<li>Maribel Portelo, Art\u00edsta pl\u00e1stica.<\/li>\n<li>Ixchel Cisneros Soltero\/ periodista y directora de El D\u00eda Despu\u00e9s.<\/li>\n<li>Tania Turner, Soci\u00f3loga, M\u00e9xico.<\/li>\n<li>Luis Alfonso Vargas Silva, abogado de Sindicatos de trabajadores, Mexicali, Baja California.<\/li>\n<li>Adolfo Salazar Garc\u00eda. Maestro jubilado, Director de la Revista Unidad Comunista. Guadalajara, Jalisco, M\u00e9xico.<\/li>\n<li>Silvia Res\u00e9ndiz Flores, Jubilada de Magisterio, Ensenada, Baja California, M\u00e9xico.<\/li>\n<li>Timo Dorsch, ge\u00f3grafo &amp; periodista, Alemania.<\/li>\n<li>Fr\u00f8ya Torvik, estudiante organizada, Noruega<\/li>\n<li>Juan Wahren, Soci\u00f3logo, Buenos Aires, Argentina.<\/li>\n<li>Sandra Gayou Soto, Periodista, M\u00e9rida, Yucat\u00e1n.<\/li>\n<li>Emiliano Buenfil, M\u00fasico, M\u00e9rida, Yucat\u00e1n.<\/li>\n<li>Alessandro Bricco, Antrop\u00f3logo, Italia, Liguria.<\/li>\n<li>Edgard S\u00e1nchez Ram\u00edrez.<\/li>\n<li>Alicia Mendoza Guerra, PRT.<\/li>\n<li>Joel Ortega, Soci\u00f3logo, M\u00e9xico.<\/li>\n<li>Diego Bautista P\u00e1ez, historiador.<\/li>\n<li>\u00d6zg\u00fcl Saki, Profesora de f\u00edsica, Estambul, Turqu\u00eda.<\/li>\n<li>Heriberto Paredes, periodista y fot\u00f3grafo independiente mexicano.<\/li>\n<li>Karla Edna Garc\u00eda Rocha. Acad\u00e9mica. CDMX.<\/li>\n<li>Anna Mary Garrapa, Investigadora social, Mexico<\/li>\n<li>Mina Lorena Navarro, profesora investigadora BUAP.<\/li>\n<li>Amaranta Cornejo Hern\u00e1ndez, Acad\u00e9mica, M\u00e9xico.<\/li>\n<li>Andrea Santos Baca (profesora universitaria, Brasil-S\u00e3o Paulo).<\/li>\n<li>Alberto Col\u00edn, Antrop\u00f3logo, Xalapa.<\/li>\n<li>Emma Ortega , Abogada, CDMX.<\/li>\n<li>Citlali Fuentes &#8211; M\u00fasico &#8211; CDMX.<\/li>\n<li>Ruth Ram\u00edrez Olivares, psic\u00f3loga feminista, Guadalajara, Jalisco, M\u00e9xico.<\/li>\n<li>Tania Origel Covarrubias, psic\u00f3loga feminista, Guadalajara, Jalisco, M\u00e9xico.<\/li>\n<li>Silvia Paola Avalos Valadez, psic\u00f3loga feminista, Guadalajara, Jalisco, M\u00e9xico.<\/li>\n<li>Diana Cristina Rubio Rodr\u00edguez, psic\u00f3loga feminista, Guadalajara, Jalisco, M\u00e9xico.<\/li>\n<li>Lesly Guadalupe Rodr\u00edguez Ojeda, psic\u00f3loga feminista, Guadalajara, Jalisco, M\u00e9xico.<\/li>\n<li>Martha Patricia Ortega Medell\u00edn, psic\u00f3loga feminista, Guadalajara, Jalisco, M\u00e9xico.<\/li>\n<li>Ruth Padilla Romero, psic\u00f3loga feminista, Guadalajara, Jalisco, M\u00e9xico.<\/li>\n<li>Tania Jocelyn Jim\u00e9nez Mexia, m\u00e9dica feminista, Guadalajara, Jalisco, M\u00e9xico.<\/li>\n<li>Mariana Aguirre Gonz\u00e1lez, psic\u00f3loga feminista, Guadalajara, Jalisco, M\u00e9xico.<\/li>\n<li>Natalia Ivereck Padilla Ruiz, psic\u00f3loga feminista, Guadalajara, Jalisco, M\u00e9xico.<\/li>\n<li>Katya Berenice Ram\u00edrez Molina, psic\u00f3loga feminista, Guadalajara, Jalisco, M\u00e9xico.<\/li>\n<li>Ver\u00f3nica Mar\u00edn Mart\u00ednez, psic\u00f3loga feminista, Guadalajara, Jalisco, M\u00e9xico.<\/li>\n<li>Alma Rosana Guti\u00e9rrez Ruiz, psic\u00f3loga feminista, Guadalajara, Jalisco, M\u00e9xico.<\/li>\n<li>Gabriela Aguilar Mart\u00edn, psic\u00f3loga feminista, Guadalajara, Jalisco, M\u00e9xico.<\/li>\n<li>Karina Esmeralda Gallegos Ba\u00f1uelos, psic\u00f3loga feminista, Guadalajara, Jalisco, M\u00e9xico.<\/li>\n<li>Paola Mendoza Lomel\u00ed, psic\u00f3loga feminista, Guadalajara, Jalisco, M\u00e9xico.<\/li>\n<li>Ang\u00e9lica Mariandrea Almanza Ibarra, psic\u00f3loga feminista, Guadalajara, Jalisco, M\u00e9xico.<\/li>\n<li>Ver\u00f3nica Alejandra Gonz\u00e1lez, psic\u00f3loga feminista, Guadalajara, Jalisco, M\u00e9xico.<\/li>\n<li>Sandra Gabriela Galaviz R\u00edos, psic\u00f3loga feminista, Guadalajara, Jalisco, M\u00e9xico.<\/li>\n<li>Luc\u00eda Zavala Navarro, psic\u00f3loga feminista, Guadalajara, Jalisco, M\u00e9xico.<\/li>\n<li>Evelyn Aidee L\u00f3pez Simental, psic\u00f3loga feminista, Guadalajara, Jalisco, M\u00e9xico.<\/li>\n<li>Lourdes Espinoza Rodr\u00edguez, artista independiente, Guadalajara, Jalisco, M\u00e9xico.<\/li>\n<li>Yumico V\u00e9liz Zepeda, psic\u00f3loga feminista, Guadalajara, Jalisco, M\u00e9xico.<\/li>\n<li>Ana Teresa Dovale Batista, M\u00fasica, Venezuela.<\/li>\n<li>Cynthia Salazar, soci\u00f3loga, M\u00e9xico.<\/li>\n<li>Carmen Ventura, El Colegio de Michoac\u00e1n.<\/li>\n<li>Fernanda Mart\u00ednez, Antrop\u00f3loga, Xalapa.<\/li>\n<li>Sandra Cruz, Psic\u00f3loga Social, Xalapa.<\/li>\n<li>Borja Tom\u00e9, Educador, Xalapa.<\/li>\n<li>Gabriel \u00c1valos S\u00e1nchez &#8211; Artista Visual &#8211; Otromundista.<\/li>\n<li>Israel Garc\u00eda Corona, Muse\u00f3logo, CDMX.<\/li>\n<li>Sa\u00fal Garc\u00eda Corona, Ingeniero Industrial, CDMX.<\/li>\n<li>Alberto Corona Arg\u00fcelles, Psiquiatra, CDMX.<\/li>\n<li>Roc\u00edo Corona Arg\u00fcelle, Qu\u00edmica, Estado de M\u00e9xico.<\/li>\n<li>Alba Corona Hern\u00e1ndez, Ingeniera Petrolera, CDMX.<\/li>\n<li>Livier Jara Garc\u00eda, Muse\u00f3loga, CDMX.<\/li>\n<li>Ana Lilia Meneses Llamas, Publicista, CDMX.<\/li>\n<li>Gilberto Andr\u00e9s Mendoza Cant\u00fa, Artista, CDMX.<\/li>\n<li>Adri\u00e1n Guti\u00e9rrez Espinosa, Empleado, Iztapalapa, CDMX.<\/li>\n<li>Roberto Carlos Carrillo M\u00e1rquez, Artista Visual, CDMX.<\/li>\n<li>Carlos Eduardo Aguayo P\u00e9rez, Artista, CDMX.<\/li>\n<li>Abraham Alejandro Cervantes Vera, Artista Visual, Nezahualc\u00f3yotl, Edo Mex.<\/li>\n<li>\u00c1ngel Alba Col\u00edn.<\/li>\n<li>Estudiante y artista visual\/ Chimalhuac\u00e1n, Estado de Mexico.<\/li>\n<li>Oscar Ochoa, Antrop\u00f3logo, M\u00e9xico.<\/li>\n<li>Carolina Buenrostro, Antrop\u00f3loga. M\u00e9xico.<\/li>\n<li>Rodrigo Ardisson, Antrop\u00f3logo, Brasil.<\/li>\n<li>Eunice Adorn\u00f3 Mart\u00ednez, Fot\u00f3grafa, M\u00e9xico.<\/li>\n<li>Chr\u00edstel Rosales, investigadora de Justicia y Derechos Humanos en la CDMX.<\/li>\n<li>Nelly C\u00e9sar Mar\u00edn, artista, profesora, gestora cultural, Ciudad de M\u00e9xico.<\/li>\n<li>Marcela Ibarra Mateos, Profesora-Investigadora, Puebla, Puebla.<\/li>\n<li>Ana Cecilia Gerrard. Antrop\u00f3loga social. Argentina.<\/li>\n<li>Thomas Hansen, Professor, Autonomous University of Social Movements, Chicago, US.<\/li>\n<li>Oliver Fassing, Pedagogo, Frankfurt a.M., Alemania.<\/li>\n<li>Itzel Mart\u00ednez del Ca\u00f1izo, programadora de cine, CDMX.<\/li>\n<li>Antonio de Jes\u00fas Ortiz Landin. Militante del Partido de los Comunistas y docente de educaci\u00f3n media superior. Guadalupe, Zacatecas, M\u00e9xico.<\/li>\n<li>Francisco Morf\u00edn Otero, Instituto Superior Intercultural Ayuuk ISIA.<\/li>\n<li>Beatriz D\u00e1valos L\u00f3pez, maestra jubilada, Ciudad de M\u00e9xico.<\/li>\n<li>Mayra Irasema Terrones Medina (UAM Xochimilco) CDMX.<\/li>\n<li>Wendy Selene P\u00e9rez, Periodista independiente mexicana en Dallas, Texas, Estados Unidos.<\/li>\n<li>Erika Mues, M\u00fasico, Ciudad de M\u00e9xico.<\/li>\n<li>Eva Ch\u00e1vez, Polit\u00f3loga, Argentina.<\/li>\n<li>Franco J. Quiroga, Estudiante de Sociolog\u00eda, Tierra del Fuego, Argentina.<\/li>\n<li>Gabriela Ram\u00edrez Acosta, Arte Dram\u00e1tico, Pachuca de Soto Hidalgo.<\/li>\n<li>Xmal Ton. Colectivo: Na&#8217; Chul Chan M\u00e9dico Tradicional Maya, San Crist\u00f3bal de Las Casas, Chiapas.<\/li>\n<li>Guadalupe de la Torre, historiadora, Ciudad de M\u00e9xico<\/li>\n<li>Humberto C\u00e1rdenas Motta, Antrop\u00f3logo, poeta y agricultor org\u00e1nico, Exiliado pol\u00edtico.<\/li>\n<li>Ana Laura Su\u00e1rez Lima, Psic\u00f3loga social, M\u00e9xico.<\/li>\n<li>Azael S\u00e1nchez Soriano, Ingeniero, M\u00e9xico.<\/li>\n<li>Claudia Magallanes Blanco, comunic\u00f3loga, M\u00e9xico.<\/li>\n<li>Alma Guadalupe Melgarito Rocha. Profesora investigadora UACJ.<\/li>\n<li>Marina Correa de Almeida, ANEICJ.<\/li>\n<li>Roxana Bolio.<\/li>\n<li>Florina Mendoza Jim\u00e9nez.<\/li>\n<li>Tania Lara, Docente comunitaria.<\/li>\n<li>Lilia Guadalupe de la Cruz Alvarado, Estudiante, UNAM.<\/li>\n<\/ul>\n<\/div>\n<\/div>\n<\/div>\n<\/div>\n<div class=\"column-content c pr cf pr-0 pr-320 pr-365\">\n<div class=\"c-c c-s-h cf\">\n<div class=\"b b-text cf\">\n<div class=\"b-c b-text-c b-s b-s-t60 b-s-b60 cf\">\n<ul>\n<li>Pablo Edgar Zamora Guti\u00e9rrez secretario del Exterior del Sindicato de Trabajadores de Transporte de Pasajeros de la CDMX, Mexico.<\/li>\n<li>Marcela Lafon, Teatrista, Neuqu\u00e9n, Argentina.<\/li>\n<li>Nuria Ciofalo, Profesora, Pac\u00edfica Graduate Institute, Los Angeles, California.<\/li>\n<li>Alexis Fernando Gonz\u00e1lez S\u00e1nchez, Estudiante de econom\u00eda, CDMX.<\/li>\n<li>Ricardo M\u00e9ndez Santana, Estudiante de Econom\u00eda, M\u00e9rida, Yucat\u00e1n.<\/li>\n<li>Elisa Patrizia Frediani, Profesora, Lucca, Italia.<\/li>\n<li>Ignacio De Boni. Soci\u00f3logo, Docente universitario, Montevideo, Uruguay.<\/li>\n<li>Marcela Arteaga, Cineasta, CDMX, M\u00e9xico.<\/li>\n<li>Matilde Bel\u00e9m Huerta Lastra. Enfermera. M\u00e9xico.<\/li>\n<li>Patricia Gonz\u00e1lez Moreno, M\u00e9dica, Tijuana.<\/li>\n<li>David Villarreal, M\u00e9rida, M\u00e9xico.<\/li>\n<li>Gilberto Z\u00fa\u00f1iga, Poeta y Terapeuta, Tijuana.<\/li>\n<li>Patricio V\u00e9jar Mercado, Comunidad Ecum\u00e9nica Martin Luther King, Chile.<\/li>\n<li>Victoria Rojas. Arque\u00f3loga. M\u00e9rida, Yucat\u00e1n, M\u00e9xico.<\/li>\n<li>Ilaria Bracaglia, PhD student, Italy, Roma.<\/li>\n<li>Erick Huehuetzin, artista pl\u00e1stico y artesano. Organizaci\u00f3n Pol\u00edtica Multimedios &#8211; OPM (M\u00e9xico).<\/li>\n<li>Left Party (EE.UU), Organizaci\u00f3n de izquierda revolucionaria &#8211; OIR- (Argentina).<\/li>\n<li>Mar\u00eda Dolores Mart\u00ednez Hern\u00e1ndez, Periodista, CDMX<\/li>\n<li>Sofia Garz\u00f3n Valencia, Cuidadora de la Vida, Cauca, Colombia. Afrodescendiente.<\/li>\n<li>Luiza Dias Flores, Antrop\u00f3loga, Brasil.<\/li>\n<li>Chiara Pontecorvo, studentessa, Roma, Italia.<\/li>\n<li>Valeria de Le\u00f3n, Maestrante en Desarrollo Econ\u00f3mico y Cooperaci\u00f3n Internacional. San Andr\u00e9s Cholula, Puebla. M\u00e9xico.<\/li>\n<li>Gabriela Grijalva, antrop\u00f3loga, universidad de San Carlos de Guatemala, Guatemala.<\/li>\n<li>Grodecz Alfredo Ram\u00edrez Ogando, matem\u00e1tico, Wuppertal Alemania.<\/li>\n<li>Gaia Capogna, traductora, Roma, Italia.<\/li>\n<li>Paloma Contreras Lomas, Artista visual, Ciudad de M\u00e9xico.<\/li>\n<li>Caitlin Manning, Cineasta, San Francisco, California, EUA.<\/li>\n<li>Edith Gonz\u00e1lez, Profesora Universidad Intercultural, Puebla.<\/li>\n<li>Renata Freire, maestra, Tepoztl\u00e1n, Morelos.<\/li>\n<li>David Velasco Y\u00e1\u00f1ez, sj, Profesor-Investigador UIA-CDMX.<\/li>\n<li>Miguel \u00c1ngel Medina Romo.<\/li>\n<li>Araceli T\u00e9llez, escritora, Ciudad de M\u00e9xico.<\/li>\n<li>Gerardo Rodr\u00edguez Sol\u00eds, Soci\u00f3logo, M\u00e9xico.<\/li>\n<li>Tito Tricot, soci\u00f3logo, Chile.<\/li>\n<li>Renata Carvajal Bret\u00f3n, Estudiante, San Andr\u00e9s Cholula, Puebla.<\/li>\n<li>Luis Manuel Segura Rom\u00e1n. Estudiante. M\u00e9xico, Puebla, Puebla.<\/li>\n<li>J\u00e9ssica Malinalli Coyotecatl Contreras, antrop\u00f3loga, M\u00e9xico.<\/li>\n<li>Silvia Coca, Profesora, Puebla.<\/li>\n<li>Felipe Coca, Ingeniero, Puebla.<\/li>\n<li>Jos\u00e9 Pablo Segura Rom\u00e1n, polit\u00f3logo y maestro de preparatoria, M\u00e9xico, Puebla.<\/li>\n<li>Raquel Loustalot, psicoan\u00e1lisis, M\u00e9xico.<\/li>\n<li>Blanca Ibarra, Ciudad de Mexico.<\/li>\n<li>Jos\u00e9 Javier Capera &#8211; Coordinador general Revista FAIA (Argentina).<\/li>\n<li>Berenice Mej\u00eda Iturriaga, Psicoanalista, M\u00e9xico.<\/li>\n<li>Elvira Arreola Gardu\u00f1o, Acad\u00e9mica UNAM, M\u00e9xico.<\/li>\n<li>Jorge Lasso L\u00f3pez, chef, M\u00e9xico.<\/li>\n<li>Azucena Citlalli Jaso Galv\u00e1n, Doctoranda en Historia (UNAM), Ciudad de M\u00e9xico, M\u00e9xico.<\/li>\n<li>Mary Soto &#8211; Escritora y Periodista- Lima, Per\u00fa.<\/li>\n<li>Rosa Ma. Barajas, Fot\u00f3grafa.<\/li>\n<li>Enrique D\u00e1valos. Profe Historia.<\/li>\n<li>Mar\u00eda Elvia Bello Echeverr\u00eda, Psic\u00f3loga, Guaymas, Sonora.<\/li>\n<li>Gabriela Di Lauro Bentivogli. Investigadora y docente. Cholula, Puebla. M\u00e9xico.<\/li>\n<li>Tonantzin Medina Romo, Maestra Jubilada y Licenciada en Derecho, litigante, Ciudad de Mexicali, Baja California.<\/li>\n<li>Arturo Santillana Andraca, Filosof\u00eda, M\u00e9xico.<\/li>\n<li>Carolina Fusilier, Artista visual, Ciudad de M\u00e9xico.<\/li>\n<li>Miko Revereza, Director de cine, Ciudad de M\u00e9xico.<\/li>\n<li>Oralba Castillo N\u00e9jera, M\u00e9xico, Cuernavaca, Morelos. Colectiva Nuestra Alegre Rebeld\u00eda.<\/li>\n<li>Claudia Guadalupe Becerra Gaona, Lengua y literaturas hisp\u00e1nicas, Estado de M\u00e9xico.<\/li>\n<li>Jorge A. Salas Plata M. Profesor-investigador. UACJ. Ciudad Ju\u00e1rez. Chihuahua. Mexico.<\/li>\n<li>Francisco Ghisiglieri, Psic\u00f3logo, C\u00f3rdoba (Argentina).<\/li>\n<li>Alberto Bonnet, docente e investigador, Argentina.<\/li>\n<li>David \u00c1lvarez Zazueta, Agricultor, Ensenada BC, Mexico.<\/li>\n<li>Cecilia Zeled\u00f3n [Lic. Ciencias Humanas (arte, filosof\u00eda, historia, literatura). Puebla, M\u00e9xico.<\/li>\n<li>Johana L\u00f3pez L\u00f3pez, Ing. Ambiental, Estado de M\u00e9xico.<\/li>\n<li>Sabrina Melenotte, Antrop\u00f3loga, Par\u00eds, Francia.<\/li>\n<li>Mariana Itzel Espinosa, Filosofa, Mexicana en Berl\u00edn.<\/li>\n<li>In\u00e9s Dur\u00e1n Matute, Soci\u00f3loga, M\u00e9xico.<\/li>\n<li>Rodrigo Camarena Gonz\u00e1lez, Jurista, M\u00e9xico.<\/li>\n<li>Zulma Gabriela Luna Gaona, Maestr\u00eda en Sociolog\u00eda BUAP, Puebla.<\/li>\n<li>Ana Paula Morel, maestra, Brasil.<\/li>\n<li>Valentina V\u00e1zquez, Veracruz, M\u00e9xico.<\/li>\n<li>Antonella Rava Medina, Gestora cultural, CDMX.<\/li>\n<li>Virginia S\u00e1nchez Machuca, Periodista, CDMX.<\/li>\n<li>Meridiana Maupom\u00e9, fot\u00f3grafa, Tepoztl\u00e1n, M\u00e9xico.<\/li>\n<li>Rogel del Rosal Valladares, Asesor de la Coordinadora de Organizaciones Campesinas e Ind\u00edgenas de la Huasteca Potosina, A.C.<\/li>\n<li>Ana Cecilia Dinerstein, soci\u00f3loga, Reino Unido.<\/li>\n<li>Patrick Cuninghame, prof de la UAM, CDMX.<\/li>\n<li>Giovanni Confetto, Historiador, Italia.<\/li>\n<li>Sof\u00eda Olascoaga G\u00f3mez de Le\u00f3n.<\/li>\n<li>Charlotte S\u00e1enz, profesora, California Institute of Integral Studies, San Francisco, California.<\/li>\n<li>Sagrario Anta, profesora, Pen\u00ednsula Ib\u00e9rica.<\/li>\n<li>Domingo Mar\u00edn, periodista, residente en Berl\u00edn Alemania.<\/li>\n<li>Meriene Betancourt Avalos, mam\u00e1, M\u00e9xico-Francia.<\/li>\n<li>Martha E. Guerrero Garc\u00eda, Economista, Ciudad de M\u00e9xico.<\/li>\n<li>Amalia De Montesinos Zapata, maestrante en sociolog\u00eda, M\u00e9xico.<\/li>\n<li>Francisco Javier Villanueva V\u00e1zquez, actuario, M\u00e9xico, Ciudad de M\u00e9xico.<\/li>\n<li>Marcela Rico, fot\u00f3grafa, Mazatl\u00e1n, Sinaloa.<\/li>\n<li>Er\u00e9ndira Magaly Romo Pedroza, psic\u00f3loga feminista, Guadalajara, Jalisco, M\u00e9xico.<\/li>\n<li>Brianda Gabriela Garc\u00eda Padilla, psic\u00f3loga feminista, Guadalajara, Jalisco, M\u00e9xico.<\/li>\n<li>Beatriz L. Rold\u00e1n, Arque\u00f3loga, Espa\u00f1a, Madrid<\/li>\n<li>\u00c1ngeles Maestro, m\u00e9dica.<\/li>\n<li>Fabio Vezzari, studente, Roma in Italia.<\/li>\n<li>Pepe Mej\u00eda. Periodista. Madrid, Spain.<\/li>\n<li>Madres Contra la Represi\u00f3n, Madrid &#8211; Espa\u00f1a.<\/li>\n<li>Sebasti\u00e1n M\u00e9ndez L\u00f3pez, docente, Tuxtla Guti\u00e9rrez, Chiapas.<\/li>\n<li>Marco Vezzari, estudiante. Roma, Italia.<\/li>\n<li>Christian Peverieri, educador, integrante de la asociaci\u00f3n Ya basta! \u00cad\u00ee bese!, Italia, Venecia.<\/li>\n<li>Mar\u00eda Jos\u00e9 Caballero. Directora esc\u00e9nica. M\u00e9xico. CDMX.<\/li>\n<li>Priscila Almeida, estudiante, Berl\u00edn.<\/li>\n<li>Juan Guti\u00e9rrez-Maupom\u00e9, traductor. Noruega.<\/li>\n<li>Montserrat Ontiveros, actriz. Noruega.<\/li>\n<li>Marta Gonzalez Cerde\u00f1o, T\u00e9cnico Sanitario, Parla (Madrid), Espa\u00f1a.<\/li>\n<li>G\u00e9rard Jacques Istres &#8211; Ath\u00e8nes &#8211; Grecia.<\/li>\n<li>Gerardo Carrillo Mateos, M\u00fasico y promotor cultural, Ciudad de M\u00e9xico.<\/li>\n<li>Guillermina Noh Noh, profesora de educaci\u00f3n Inicial Ind\u00edgena, X-Calakdzonot, Chankom, Yucat\u00e1n, M\u00e9xico.<\/li>\n<li>Carmen D\u00edaz Aranda, Psic\u00f3loga social, Bruselas B\u00e9lgica.<\/li>\n<li>Mikjail Ivan Carrillo Sulub, Estudiante de Antropolog\u00eda social, Felipe Carrillo Puerto, Quintana Roo, M\u00e9xico.<\/li>\n<li>Lucrecia Guti\u00e9rrez Maupom\u00e9, editora de cine, M\u00e9xico.<\/li>\n<li>Miriam A. G\u00f3mez Noguez, psic\u00f3loga, Xochimilco, Ciudad de M\u00e9xico.<\/li>\n<li>Claudio Garc\u00eda Ehrenfeld, clasicista, UNAM, Distrito Federal.<\/li>\n<li>Beatriz Vela Arizmendi, practicante narrativa comunitaria, Municipio Zapopan, Jalisco, Mexico.<\/li>\n<li>Mariana Linares Morales, Soci\u00f3loga, CDMX.<\/li>\n<li>Alejandro Mart\u00ednez, Almacenista, Monterrey, Nuevo Le\u00f3n, M\u00e9xico.<\/li>\n<li>Russell Peba Ocampo, profesor de educaci\u00f3n b\u00e1sica, de Ticul, Yucat\u00e1n, M\u00e9xico.<\/li>\n<li>Pascuala V\u00e1zquez Aguilar, comunidad Coquilteel Municipio de Chil\u00f3n Chiapas.<\/li>\n<li>Claudia Zenteno Zald\u00edvar, CDMX.<\/li>\n<li>Daniel Torres Ram\u00edrez, exalumno Escuelita Zapatista. Bioqu\u00edmico, Iztapalapa, CDMX.<\/li>\n<li>Vanda Ianowski, soci\u00f3loga, Argentina, Viedma.<\/li>\n<li>Ayelen Prado, interprete de lengua de se\u00f1as. Territorio ancestral mapuche, nor patagonia Argentina.<\/li>\n<li>Pablo Dom\u00ednguez, docente. Territorio ancestral mapuche, nor patagonia Argentina.<\/li>\n<li>Marco Arturo Calderas Osorio, Cd. de M\u00e9xico.<\/li>\n<li>Armando Soto Baeza, Cd. de M\u00e9xico.<\/li>\n<li>Diana Itzu Guti\u00e9rrez Luna, Profesi\u00f3n: Soci\u00f3loga, M\u00e9xico, Chiapas, San Crist\u00f3bal de Las Casas.<\/li>\n<li>Patricia \u00c1lvarez Garc\u00eda, Mtra. En Pedagog\u00eda, Municipios Nezahualc\u00f3yotl, Estado de M\u00e9xico.<\/li>\n<li>Carla Astorga, Cineasta, San Alfonso, Caj\u00f3n del Maipo, Chile.<\/li>\n<li>Constanza Y\u00e1\u00f1ez, Profesora de Hatha Yoga, Santiago, Chile.<\/li>\n<li>Carla Vaccaro, Artista Visual, Profesora Santiago, Chile.<\/li>\n<li>Gabriela Jim\u00e9nez, Educadora Popular, Profesora de Historia, Santiago, Chile.<\/li>\n<li>Marisol Larrain, Licenciada Comunicaci\u00f3n Social, Partera, Profesora de Yoga, Pirque, Caj\u00f3n del Maipo, Chile.<\/li>\n<li>Mayvelin Flores Villag\u00f3mez, Profesora, M\u00e9xico.<\/li>\n<li>Aura Olvera Matamoros, Estudiante, M\u00e9xico.<\/li>\n<li>Carla Vilches, Obrera de las Artes, Santiago, Chile.<\/li>\n<li>Sebasti\u00e1n Ignacio Del Campo Saavedra, Instructor de Aikido, Tirua, Wallmapu, Chile.<\/li>\n<li>Nicolas Rojas Pedemonte, Soci\u00f3logo, Santiago, Chile.<\/li>\n<li>Felipe Nelson, Titiretero, Santiago, Chile.<\/li>\n<li>Crist\u00f3bal Tabilo, Analista Econ\u00f3mico, Santiago, Chile.<\/li>\n<li>Saga Jorquera Araya, Dise\u00f1adora Industrial, Horc\u00f3n, Valle del Elqui, Chile.<\/li>\n<li>Cristian Mu\u00f1oz, Artista Visual, Oakland, California, Estados Unidos.<\/li>\n<li>Macarena Ahumada, Arque\u00f3loga, Santiago, Chile.<\/li>\n<li>Carolina Concepci\u00f3n Gonz\u00e1lez Gonz\u00e1lez, Soci\u00f3loga, La Paz, BCS, M\u00e9xico.<\/li>\n<li>Mar\u00eda Elena Aguayo Hern\u00e1ndez, maestra jubilada, Colima.<\/li>\n<li>Maribel Aguilar Medina, Clown de Morelia Michoac\u00e1n.<\/li>\n<li>Raquel Herrera \u00c1lvarez, Profesora universitaria y jardinera, Baja California.<\/li>\n<li>\u00d3scar Garc\u00eda Profesor-Investigador IEMS Ciudad de M\u00e9xico.<\/li>\n<li>Sandra Mariela Dellara Racina, Dra. en Comunicaci\u00f3n y Doctora en Ciencias sociales, Argentina, Rosario.<\/li>\n<li>Rogelio Regalado Mujica, Profesor BUAP, Puebla, M\u00e9xico.<\/li>\n<li>Ren\u00e9 Olvera Salinas, docente UPN y UAQ, Quer\u00e9taro, M\u00e9xico.<\/li>\n<li>Paula Santana Nazarit, Antrop\u00f3loga m\u00e9dica, Valpara\u00edso, Chile.<\/li>\n<li>Leonel L\u00f3pez, Mar\u00eda de Lourdes Mej\u00eda, Madre de Carlos Sinuh\u00e9 Cuevas Mej\u00eda.<\/li>\n<li>Roberto Rocha L\u00f3pez, Empleado, CDMX.<\/li>\n<li>Mar\u00eda Alejandra Llamas Espejel, Empleada, CDMX.<\/li>\n<li>Miguel \u00c1ngel Su\u00e1rez Meza (Rumec).<\/li>\n<li>Victor Alan Hernandez Mu\u00f1oz (Rumec).<\/li>\n<li>Manuel Issac Sosa Sanchez, Banda de rock (Azxon).<\/li>\n<li>V\u00edctor Hugo Su\u00e1rez Meza Organizaci\u00f3n (Rumec).<\/li>\n<li>Oscar Adri\u00e1n Acamp\u00f3 Negro Under (Sindicato Internacional del Rap).<\/li>\n<li>Brenda Loeza Organizaci\u00f3n( Rumec, USA).<\/li>\n<li>Rocio Herrera (Rumec, USA).<\/li>\n<li>Alberto Barr\u00f3n Sandoval, Estudiante, UNAM.<\/li>\n<\/ul>\n<h4 style=\"text-align: center;\">ORGANIZACIONES<\/h4>\n<div class=\"column-content c pr cf pr-0 pr-320 pr-365 pr-400 pr-480\">\n<div class=\"c-c c-s-h cf\">\n<div class=\"b b-text cf\">\n<div class=\"b-c b-text-c b-s b-s-t60 b-s-b60 cf\">\n<ul>\n<li>Asamblea de Defensores del Terriitorio Maya M\u00fauch&#8217; X\u00edinbal<\/li>\n<li>Mexicali Resiste<\/li>\n<li>El D\u00eda Despu\u00e9s<\/li>\n<li>Movimiento Huexca en Resistencia, Morelos, M\u00e9xico<\/li>\n<li>Sindicato Mexicano de Electricistas (SME)<\/li>\n<li>Partido de los Comunistas<\/li>\n<li>El Kilombo, organizaci\u00f3n comunitaria, Carolina del Norte, EEUU<\/li>\n<li>Tequio Jur\u00eddico AC, Oaxaca, Miembro del CNI<\/li>\n<li>Guardianas y Guardianes del R\u00edo Metlapanapa<\/li>\n<li>Defensores de la Tierra y el Agua de Juan C. Bonilla, Puebla<\/li>\n<li>Pueblos Unidos Contra la Privatizaci\u00f3n del Agua (PUCPA)<\/li>\n<li>Peri\u00f3dico la Flor In X\u00f3chitl In Cuicatl<\/li>\n<li>Colectivo Espiral de Solidaridad-Semilla de Resistencia, Grecia<\/li>\n<li>Sur Replicante, Colectiva Feminista<\/li>\n<li>Comunizar, Argentina<\/li>\n<li>Asamblea libertaria autoorganizada Paliacate Zapatista<\/li>\n<li>C\u00e1tedra Intercultural Carlos Montemayor, Cuernavaca, M\u00e9xico<\/li>\n<li>Centro de Documentaci\u00f3n sobre Zapatismo -CEDOZ-<\/li>\n<li>Asociaci\u00f3n Ya basta! \u00cad\u00ee bese, Noreste de Italia<\/li>\n<li>Red Ya-Basta Alemania<\/li>\n<li>Uni\u00e3o Popular Anarquista (UNIPA) de Brasil<\/li>\n<li>Comunidad de Tlanezicalli<\/li>\n<li>Comunidad de Xochitlanezi<\/li>\n<li>Ojarasca &#8211; M\u00e9xico<\/li>\n<li>Editorial Quimantu, Santiago de Chile.<\/li>\n<li>Solidaridad Directa con Chiapas, Zurich, Suiza<\/li>\n<li>Central Unitaria de Trabajadores de M\u00e9xico<\/li>\n<li>Sindicato Aragon\u00e9s Colectivo Unitario de Trabajadores (CUT)<\/li>\n<li>Desinform\u00e9monos, M\u00e9xico<\/li>\n<li>Colectivo Sororidad sin Fronteras de Bruselas, B\u00e9lgica<\/li>\n<li>\u00a1Compas arriba!, Xalapa, Veracruz, M\u00e9xico.<\/li>\n<li>Nueva Central de Trabajadores<\/li>\n<li>Br\u00fajula Roja<\/li>\n<li>Londres M\u00e9xico Solidaridad<\/li>\n<li>Asamblea Nacional de Usuarios de la Energ\u00eda El\u00e9ctrica<\/li>\n<li>Partido Revolucionario de las y los Trabajadores<\/li>\n<li>Tejiendo Organizaci\u00f3n Revolucionaria<\/li>\n<li>Centro de Investigaci\u00f3n en Comunicaci\u00f3n Comunitaria<\/li>\n<li>Comit\u00e9 Estudiantil Metropolitano<\/li>\n<li>Texthilo<\/li>\n<li>Colectivo Transdisciplinario de Investigaciones Cr\u00edticas<\/li>\n<li>Red Universitaria Anticapitalista<\/li>\n<li>Red de Resistencias y Rebeld\u00edas en Tijuana<\/li>\n<li>Red de Resistencia y Rebeld\u00eda AJMAQ, Valle de Jobel<\/li>\n<li>Red de Resistencia y Rebeld\u00eda Tlalpan<\/li>\n<li>Red de Mujeres que Luchan Porque Acordamos Vivir<\/li>\n<li>Red de Resistencia y Rebeld\u00eda del Oriente del Estado de M\u00e9xico<\/li>\n<li>Red en Rebeld\u00eda y Resistencia de Zacatecas<\/li>\n<li>Red de Resistencia y Rebeld\u00eda, Puerto Vallarta<\/li>\n<li>Red de Mujer que Luchan Le\u00f3n<\/li>\n<li>Red de Resistencia y Rebeld\u00eda Guanajuato<\/li>\n<li>Red de apoyo al CNI-CIG Ibero Puebla<\/li>\n<li>Integrantes de la Red de Resistencia y Rebeld\u00eda Jo` M\u00e9rida, Yucat\u00e1n<\/li>\n<li>Red Derecho, Lucha de Clases y Reconfiguraci\u00f3n del Capital<\/li>\n<li>Juventud Comunista de M\u00e9xico<\/li>\n<li>Colectivo de J\u00f3venes de la NCT<\/li>\n<li>Red de Mujeres del Oriente del Estado de M\u00e9xico. Que luchan.<\/li>\n<li>Mujerxs de la Sexta en la Otra Europa &#8211; Red de Resistencia y Rebeld\u00eda<\/li>\n<li>Organizaci\u00f3n Pol\u00edtica del Pueblo y los Trabajadores.<\/li>\n<li>Secci\u00f3n 9 de Oaxaca del SINTS<\/li>\n<li>Latinoam\u00e9rica Arde<\/li>\n<li>C\u00edrculo de Estudios y Autoconciencias Feministas de Puerto Vallarta<\/li>\n<li>Consejo Tiyat Tlali, (SIerras Norte de Puebla)<\/li>\n<li>Colectivo Cuaderno Com\u00fan<\/li>\n<li>Colectivo Piratas Thauicas, Morelos<\/li>\n<li>Colectivo de Profes en la Sexta<\/li>\n<li>Rebeli\u00f3n CDMX<\/li>\n<li>Colectivo Granos de Arena (Francia\/M\u00e9xico)<\/li>\n<li>Colectivo de Trabajo Los Cafetos<\/li>\n<li>Asamblea de la Resistencia Amilcingo, Morelos, M\u00e9xico<\/li>\n<li>Colectivo Tierra y Libertad, Morelos, M\u00e9xico.<\/li>\n<li>Interventionistische Linke &#8211; Alemania<\/li>\n<li>Colectivo Ra\u00edces sin Fronteras, San Diego, California<\/li>\n<li>Colectivo Gavilanas<\/li>\n<li>Meza de Caf\u00e9 Zapatista de la UAM-Iztapalapa, Abajo y a la Izquierda del Edificio E<\/li>\n<li>Planton por los 43<\/li>\n<li>Colectivo La Ceiba<\/li>\n<li>Brigada de Salud Zapatista Pantitl\u00e1n<\/li>\n<li>Sector de Trabajadores Adherentes a la Sexta Declaraci\u00f3n<\/li>\n<li>Frente de Trabajador@s por el Derecho a la Salud y a la Seguridad Social<\/li>\n<li>Mujeres que Luchan, Resisten y se Organizan<\/li>\n<li>Bazar Rebelde<\/li>\n<li>Colectivo Odontolog\u00eda Comunitaria Sembrando Sonrisas<\/li>\n<li>Escuelita Aut\u00f3noma Otom\u00ed<\/li>\n<li>Residentes de la Honorable Casa Nacional del Estudiante<\/li>\n<\/ul>\n<\/div>\n<\/div>\n<\/div>\n<\/div>\n<div class=\"column-content c pr cf pr-0 pr-320 pr-365 pr-400 pr-480\">\n<div class=\"c-c c-s-h cf\">\n<div class=\"b b-text cf\">\n<div class=\"b-c b-text-c b-s b-s-t60 b-s-b60 cf\">\n<ul>\n<li>Consejo Ind\u00edgena Popular de Oaxaca Ricardo Flores Mag\u00f3n.<\/li>\n<li>Sazil Aruma<\/li>\n<li>Por el Sindicato Independiente de los Trabajadores en Investigaci\u00f3n en Ciencias de la Salud, Dr. Alejandro Vald\u00e9s Cruz. Secretario General<\/li>\n<li>Nodo de Derechos Humanos (Puebla, M\u00e9xico)<\/li>\n<li>La Voz del An\u00e1huac<\/li>\n<li>Colectivo de familiares y amigos desaparecidos de Tamaulipas<\/li>\n<li>Activismo Jur\u00eddico<\/li>\n<li>Asamblea de la Resistencia Amilcingo, Morelos, M\u00e9xico<\/li>\n<li>Colectivo Tierra y Libertad, Morelos, M\u00e9xico.<\/li>\n<li>Coordinadora de Pueblos y Organizaciones del Oriente del Estado de Mexico en Defensa de la Tierra, el Agua y su cultura.<\/li>\n<li>Sector de Trabajadores Adherentes a la Sexta.<\/li>\n<li>Plataforma Somos Abya Yala &#8211; Somos Una Am\u00e9rica<\/li>\n<li>Colectivo Tsijilba bij (nuevo camino), Palenque, Chiapas<\/li>\n<li>La Ezkina Libertad en Tijuana<\/li>\n<li>Maderas del Pueblo del Sureste, AC<\/li>\n<li>Comit\u00e9 Nacional para la Defensa y Conservaci\u00f3n de Los Chimalapas<\/li>\n<li>TONATIERRA &#8211; Phoenix, Arizona<\/li>\n<li>Colectivo CriptoPozol + DDHH, M\u00e9xico<\/li>\n<li>La Uslera, Red de Abastecimiento Feminista, Santiago de Chile.<\/li>\n<li>Grupo Cultural Tun, Santiago de Chile<\/li>\n<li>Asociaci\u00f3n C\u00edvica Mexicanos Unidos.<\/li>\n<li>Movimiento Victoriano Lorenzo, Panam\u00e1<\/li>\n<li>Red de Solidaridad con Chiapas de Buenos Aires &#8211; Argentina<\/li>\n<li>Espacio de Mujeres Adherentes a la Sexta de San Crist\u00f3bal de Las Casas, M\u00e9xico, Chiapas.<\/li>\n<li>Espacio de Lucha contra el Olvido y la Represi\u00f3n (ELCOR), M\u00e9xico, Chiapas, San Crist\u00f3bal de las Casas<\/li>\n<li>Centro de Derechos de la Mujer de Chiapas, M\u00e9xico, Chiapas, San Crist\u00f3bal de las Casas<\/li>\n<li>Colectivo Rural Urbano- Solidariedade Org\u00e2nica (Cru-Solo)<\/li>\n<li>Red Roja, Estado espa\u00f1ol<\/li>\n<li>Colectivo Bats`il k`op Chiapas<\/li>\n<li>Colectivo MutVitz 13, solidario con cooperativas de caf\u00e9 zapatista, Marsella, Francia<\/li>\n<li>Pueblos en Camino &#8211; Abya Yala<\/li>\n<li>SOAWatch &#8211; Observatorio por el Cierre de la Escuela de las Am\u00e9ricas<\/li>\n<li>Resistencia Civil de Candelaria Campeche. M\u00e9xico.<\/li>\n<li>Colectiva LAFI Lateinamerikanische Frauen* Initiative in Berlin- Iniciativa de Mujeres* Latinoamericanas en Berlin<\/li>\n<li>Asamblea de trabajadoras y trabajadores del Colegio Paulo Freire de San Miguel, Santiago de Chile<\/li>\n<li>Sindicato de Trabajadores del Instituto de Educaci\u00f3n Media Superior de la Ciudad de M\u00e9xico (SITRAIEMS)<\/li>\n<li>Colectivo de Igualdad de G\u00e9nero y Oportunidad (CIGO) de la Nueva Central de Trabajadores (NCT)<\/li>\n<li>Movimiento al Socialismo &#8211; M\u00e9xico<\/li>\n<li>Intersindical Valenciana<\/li>\n<li>Universidad de la Tierra en Puebla (Unitierra Puebla)<\/li>\n<li>Colectivo de Grupos de la Asamblea de Barrios de la Ciudad de M\u00e9xico (CG-ABCM)<\/li>\n<li>Brigadas Emiliano Zapata de M\u00e9xico (BEZ-M\u00c9X)<\/li>\n<li>Comit\u00e9 de Solidaridad con los pueblos en Resistencia de Am\u00e9rica Latina (COSPRAL Alemania)<\/li>\n<li>Centro de M\u00eddia Independente do Brasil (IndyMedia Brasil)<\/li>\n<li>Confederaci\u00f3n de Jubilados, Pensionados y Adultos Mayores de la Rep\u00fablica Mexicana A.C<\/li>\n<li>Comit\u00e9 en Defensa del Bosque Nixticuil, en Zapopan Jalisco<\/li>\n<li>Consejo Supremo Ind\u00edgena de San Francisco Xochicuautla, Lerma estado de M\u00e9xico.<\/li>\n<li>Espacio Ciudadano. Adherentes a la Sexta.<\/li>\n<li>Asociaci\u00f3n Micaela Vive &#8211; Lima, Per\u00fa.<\/li>\n<li>Sindicato Nacional de Trabajadores de la Caja de Ahorro de los Telefonistas (SNTCAT) en la CDMX<\/li>\n<li>Centro de lengua y cultura zoque<\/li>\n<li>Asociaci\u00f3n Sindical de Trabajadores del Instituto de Vivienda de la CDMX<\/li>\n<li>Colectivo de Telefonistas Zapatistas, CDMX, M\u00e9xico.<\/li>\n<li>Colectivo Contra la Tortura y la Impunidad (CCTI) Fernando Valadez, presidente de la A.C.<\/li>\n<li>Pueblos nahuas de Ometoxtla, Nextetelco, Zacatepec y Cuanal\u00e1<\/li>\n<li>Collectif Paris-Ayotzinapa, Colectivo de solidaridad con las personas desaparecidas en M\u00e9xico y contra las violencias de Estado, Par\u00eds, Francia.<\/li>\n<li>Revoluci\u00f3n Feminista Ac\u00e1mbaro<\/li>\n<li>frente de trabajador@s por el Derecho a la Salud y a la Seguridad Social<\/li>\n<li>Asamblea General de Trabajadores.<\/li>\n<li>Colectivo CADEHO (Cadena de derechos humanos Honduras)<\/li>\n<li>Izquierda internacional \/ izquierda punto info.<\/li>\n<li>Coordinaci\u00f3n Metropolitana, Anticapitalista y Antipatriarcal<\/li>\n<li>Colectivo Zapatista Neza, Caf\u00e9 &#8220;Zapata Vive&#8221;<\/li>\n<li>Regeneraci\u00f3n Radio<\/li>\n<li>UPREZ Benito Ju\u00e1rez<\/li>\n<li>Colectivo Aequus.- Promoci\u00f3n y defensa de Derechos Humanos<\/li>\n<li>Coordinaci\u00f3n de Familiares de Estudiantes V\u00edctimas de la Violencia<\/li>\n<li>Comunidad Ind\u00edgena Otom\u00ed residentes en la CDMX<\/li>\n<li>Voces del Viento, Poes\u00eda y Canto, Colectiva Las Sure\u00f1as en resistencia y rebeld\u00eda<\/li>\n<li>Laboratorio Popular de Medios Libres<\/li>\n<li>Zapateando Medios Libres<\/li>\n<\/ul>\n<\/div>\n<\/div>\n<\/div>\n<\/div>\n<\/div>\n<\/div>\n<\/div>\n<\/div>\n<p><\/p>","protected":false},"excerpt":{"rendered":"<p>Alto a la guerra contra las comunidades zapatistas PRONUNCIAMIENTO El s\u00e1bado 22 de agosto del 2020, paramilitares de la Organizaci\u00f3n Regional de Cafeticultores de Ocosingo (ORCAO), saquearon e incendiaron las instalaciones del Centro de Comercio Nuevo Amanecer del Arcoiris, que se encuentra ubicado en el sitio conocido como crucero de Cuxulj\u00e1, Municipio Aut\u00f3nomo Lucio Caba\u00f1as, [&hellip;]<\/p>\n","protected":false},"author":1,"featured_media":35154,"comment_status":"open","ping_status":"closed","sticky":false,"template":"","format":"standard","meta":{"footnotes":""},"categories":[6,955],"tags":[1212,917,36,235,1304,260,23,27],"class_list":["post-35152","post","type-post","status-publish","format-standard","has-post-thumbnail","hentry","category-chiapas","category-ezln-temas","tag-aldama","tag-chiapas","tag-comunidades-zapatistas","tag-contrainsurgencia","tag-cuxulja","tag-orcao","tag-paramilitares","tag-solidaridad"],"_links":{"self":[{"href":"https:\/\/radiozapatista.org\/index.php?rest_route=\/wp\/v2\/posts\/35152","targetHints":{"allow":["GET"]}}],"collection":[{"href":"https:\/\/radiozapatista.org\/index.php?rest_route=\/wp\/v2\/posts"}],"about":[{"href":"https:\/\/radiozapatista.org\/index.php?rest_route=\/wp\/v2\/types\/post"}],"author":[{"embeddable":true,"href":"https:\/\/radiozapatista.org\/index.php?rest_route=\/wp\/v2\/users\/1"}],"replies":[{"embeddable":true,"href":"https:\/\/radiozapatista.org\/index.php?rest_route=%2Fwp%2Fv2%2Fcomments&post=35152"}],"version-history":[{"count":1,"href":"https:\/\/radiozapatista.org\/index.php?rest_route=\/wp\/v2\/posts\/35152\/revisions"}],"predecessor-version":[{"id":35155,"href":"https:\/\/radiozapatista.org\/index.php?rest_route=\/wp\/v2\/posts\/35152\/revisions\/35155"}],"wp:featuredmedia":[{"embeddable":true,"href":"https:\/\/radiozapatista.org\/index.php?rest_route=\/wp\/v2\/media\/35154"}],"wp:attachment":[{"href":"https:\/\/radiozapatista.org\/index.php?rest_route=%2Fwp%2Fv2%2Fmedia&parent=35152"}],"wp:term":[{"taxonomy":"category","embeddable":true,"href":"https:\/\/radiozapatista.org\/index.php?rest_route=%2Fwp%2Fv2%2Fcategories&post=35152"},{"taxonomy":"post_tag","embeddable":true,"href":"https:\/\/radiozapatista.org\/index.php?rest_route=%2Fwp%2Fv2%2Ftags&post=35152"}],"curies":[{"name":"wp","href":"https:\/\/api.w.org\/{rel}","templated":true}]}}