{"id":35144,"date":"2020-08-27T11:04:26","date_gmt":"2020-08-27T16:04:26","guid":{"rendered":"https:\/\/radiozapatista.org\/?p=35144"},"modified":"2020-08-27T11:04:26","modified_gmt":"2020-08-27T16:04:26","slug":"bailarinxs-repudian-agresiones-al-ezln","status":"publish","type":"post","link":"https:\/\/radiozapatista.org\/?p=35144","title":{"rendered":"[:es]Bailarinxs repudian agresiones al EZLN[:]"},"content":{"rendered":"<p>[:es]<\/p>\n<p align=\"center\"><a href=\"https:\/\/radiozapatista.org\/wp-content\/uploads\/2020\/08\/bailarinxs.jpg\"><img loading=\"lazy\" decoding=\"async\" src=\"https:\/\/radiozapatista.org\/wp-content\/uploads\/2020\/08\/bailarinxs.jpg\" alt=\"\" width=\"796\" height=\"396\" class=\"aligncenter size-full wp-image-35145\" srcset=\"https:\/\/radiozapatista.org\/wp-content\/uploads\/2020\/08\/bailarinxs.jpg 796w, https:\/\/radiozapatista.org\/wp-content\/uploads\/2020\/08\/bailarinxs-350x174.jpg 350w, https:\/\/radiozapatista.org\/wp-content\/uploads\/2020\/08\/bailarinxs-768x382.jpg 768w\" sizes=\"auto, (max-width: 796px) 100vw, 796px\" \/><\/a><br \/>\n<small>Participantes del CompArte de danza \u201cB\u00e1ilate otro mundo\u201d en solidaridad con el zapatismo<\/small><\/p>\n<p>El pasado s\u00e1bado 22 de agosto del a\u00f1o en curso, paramilitares de la Organizaci\u00f3n Regional de Cafeticultores de Ocosingo (ORCAO), robaron e incendiaron las instalaciones del Centro de Comercio Nuevo Amanecer del Arcoiris ubicado en el lugar conocido como \u201ccruce\u201d de Cuxulj\u00e1, Municipio Aut\u00f3nomo Lucio Caba\u00f1as.<\/p>\n<p>Hay que recordar que en febrero pasado, esta misma organizaci\u00f3n junto al grupo los \u201cChinchulines\u201d e integrantes del partido MORENA en la regi\u00f3n, violentaron y secuestraron a integrantes del Congreso Nacional Ind\u00edgena (CNI) cuando realizaban acciones para conmemorar un a\u00f1o del asesinato de\u00a0Samir Flores Soberanes.<\/p>\n<p>Los nuevos ataques contra las Bases de Apoyo Zapatistas son parte de una escalada de guerra en la regi\u00f3n, marcada por la intensificaci\u00f3n de acciones de grupos paramilitares y del crimen organizado, as\u00ed como una campa\u00f1a de desinformaci\u00f3n y guerra medi\u00e1tica contra el EZLN; todo lo anterior en medio de la lucha en defensa del territorio ante megaproyectos como el mal llamado Tren Maya y la propia emergencia sanitaria por el coronavirus.<\/p>\n<p>Quienes asistimos al Primer CompArte de danza \u201cB\u00e1ilate otro mundo\u201d repudiamos las agresiones contra las comunidades zapatistas y exigimos el cese inmediato de las hostilidades.<\/p>\n<p>Al EZLN y al CNI \u2013 CIG les manifestamos nuestra total solidaridad.\u00a0No olvidamos nuestros pasos en sus dignas tierras, no olvidamos esa otra danza posible. Nuestros pasos no est\u00e1n inm\u00f3viles, estamos con ustedes.<\/p>\n<p><!--more-->Bailarinxs, core\u00f3grafxs, editores y talleristas asistentes al Primer CompArte de danza \u201cB\u00e1ilate Otro Mundo\u201d<\/p>\n<p>Miriam \u00c1lvarez, bailarina, core\u00f3grafa y tallerista<br \/>\nMariana Lourdes Troncoso, bailarina<br \/>\nKarla Edith Rodr\u00edguez, bailarina<br \/>\nLukas Avenda\u00f1o, performer<br \/>\nEduardo Sandoval, bailar\u00edn<br \/>\nArgelia Guerrero, bailarina<br \/>\nMartha Elena Welsh, bailarina y core\u00f3grafa<br \/>\nMari Carmen Victoria, bailarina<br \/>\nGerm\u00e1n Pizano, bailar\u00edn<br \/>\nPaulina Segura, bailarina<br \/>\nFabi\u00e1n Guerrero, editor<br \/>\nFou de la Calle, artista y gestor cultural<br \/>\nAdriana Portillo, bailarina y core\u00f3grafa<br \/>\nPerla Paola Almeida, bailarina<br \/>\nAracelia Guerrero, actriz<br \/>\nLaura Luz Villa Bautista, balarina y tallerista<br \/>\nDiana Alejandra Betanzos, bailarina y tallerista<br \/>\nNatalia Garc\u00eda, bailarina y tallerista<br \/>\nVer\u00f3nica L\u00f3pez, bailarina y tallerista<br \/>\nMar\u00eda Paz Richard, bailarina y tallerista<br \/>\nAbril Luna, bailarina<br \/>\nEl Puente Circolectivo:<br \/>\nAlonso Granados, bailar\u00edn y tallerista<br \/>\nEmma Sof\u00eda Peraza, bailarina y tallerista<br \/>\nHern\u00e1n Fernando Cordova, bailar\u00edn y tallerista<br \/>\nBrigada Humanitaria de paz Marabunta, bailarines y actores<br \/>\nPatrulla Roja, bailarines, m\u00fasicos y talleristas<\/p>\n<figure class=\"wp-block-image size-large\"><img decoding=\"async\" class=\"wp-image-801\" src=\"https:\/\/revistafluir.art\/wp-content\/uploads\/2020\/08\/WhatsApp-Image-2020-08-26-at-13.27.12-1024x682.jpeg\" sizes=\"(max-width: 1024px) 100vw, 1024px\" srcset=\"https:\/\/revistafluir.art\/wp-content\/uploads\/2020\/08\/WhatsApp-Image-2020-08-26-at-13.27.12-1024x682.jpeg 1024w, https:\/\/revistafluir.art\/wp-content\/uploads\/2020\/08\/WhatsApp-Image-2020-08-26-at-13.27.12-300x200.jpeg 300w, https:\/\/revistafluir.art\/wp-content\/uploads\/2020\/08\/WhatsApp-Image-2020-08-26-at-13.27.12-768x512.jpeg 768w, https:\/\/revistafluir.art\/wp-content\/uploads\/2020\/08\/WhatsApp-Image-2020-08-26-at-13.27.12.jpeg 1280w\" alt=\"\" \/><\/figure>\n<figure class=\"wp-block-gallery columns-2 is-cropped\">\n<ul class=\"blocks-gallery-grid\">\n<li class=\"blocks-gallery-item\">\n<figure><img decoding=\"async\" class=\"wp-image-689\" src=\"https:\/\/revistafluir.art\/wp-content\/uploads\/2019\/12\/IMG_2794-683x1024.jpg\" sizes=\"(max-width: 683px) 100vw, 683px\" srcset=\"https:\/\/revistafluir.art\/wp-content\/uploads\/2019\/12\/IMG_2794-683x1024.jpg 683w, https:\/\/revistafluir.art\/wp-content\/uploads\/2019\/12\/IMG_2794-200x300.jpg 200w, https:\/\/revistafluir.art\/wp-content\/uploads\/2019\/12\/IMG_2794-768x1152.jpg 768w, https:\/\/revistafluir.art\/wp-content\/uploads\/2019\/12\/IMG_2794-1024x1536.jpg 1024w, https:\/\/revistafluir.art\/wp-content\/uploads\/2019\/12\/IMG_2794-1365x2048.jpg 1365w, https:\/\/revistafluir.art\/wp-content\/uploads\/2019\/12\/IMG_2794-scaled.jpg 1707w\" alt=\"\" data-id=\"689\" data-full-url=\"https:\/\/revistafluir.art\/wp-content\/uploads\/2019\/12\/IMG_2794-scaled.jpg\" data-link=\"https:\/\/revistafluir.art\/2019\/12\/29\/la-danza-de-un-mundo-nuevo\/img_2794\/\" \/><\/figure>\n<\/li>\n<li class=\"blocks-gallery-item\">\n<figure><img decoding=\"async\" class=\"wp-image-802\" src=\"https:\/\/revistafluir.art\/wp-content\/uploads\/2020\/08\/1-1.jpg\" sizes=\"(max-width: 623px) 100vw, 623px\" srcset=\"https:\/\/revistafluir.art\/wp-content\/uploads\/2020\/08\/1-1.jpg 623w, https:\/\/revistafluir.art\/wp-content\/uploads\/2020\/08\/1-1-300x209.jpg 300w\" alt=\"\" data-id=\"802\" data-full-url=\"https:\/\/revistafluir.art\/wp-content\/uploads\/2020\/08\/1-1.jpg\" data-link=\"https:\/\/revistafluir.art\/?attachment_id=802\" \/><\/figure>\n<\/li>\n<li class=\"blocks-gallery-item\">\n<figure><img decoding=\"async\" class=\"wp-image-698\" src=\"https:\/\/revistafluir.art\/wp-content\/uploads\/2020\/01\/5-1024x682.jpg\" sizes=\"(max-width: 1024px) 100vw, 1024px\" srcset=\"https:\/\/revistafluir.art\/wp-content\/uploads\/2020\/01\/5-1024x682.jpg 1024w, https:\/\/revistafluir.art\/wp-content\/uploads\/2020\/01\/5-300x200.jpg 300w, https:\/\/revistafluir.art\/wp-content\/uploads\/2020\/01\/5-768x512.jpg 768w, https:\/\/revistafluir.art\/wp-content\/uploads\/2020\/01\/5-1536x1023.jpg 1536w, https:\/\/revistafluir.art\/wp-content\/uploads\/2020\/01\/5.jpg 1732w\" alt=\"\" data-id=\"698\" data-full-url=\"https:\/\/revistafluir.art\/wp-content\/uploads\/2020\/01\/5.jpg\" data-link=\"https:\/\/revistafluir.art\/2020\/01\/09\/bailar-otro-mundo-festival-de-danza-zapatista\/5-5\/\" \/><\/figure>\n<\/li>\n<li class=\"blocks-gallery-item\">\n<figure><img decoding=\"async\" class=\"wp-image-696\" src=\"https:\/\/revistafluir.art\/wp-content\/uploads\/2020\/01\/12-1024x682.jpg\" sizes=\"(max-width: 1024px) 100vw, 1024px\" srcset=\"https:\/\/revistafluir.art\/wp-content\/uploads\/2020\/01\/12-1024x682.jpg 1024w, https:\/\/revistafluir.art\/wp-content\/uploads\/2020\/01\/12-300x200.jpg 300w, https:\/\/revistafluir.art\/wp-content\/uploads\/2020\/01\/12-768x512.jpg 768w, https:\/\/revistafluir.art\/wp-content\/uploads\/2020\/01\/12-1536x1023.jpg 1536w, https:\/\/revistafluir.art\/wp-content\/uploads\/2020\/01\/12.jpg 1732w\" alt=\"\" data-id=\"696\" data-full-url=\"https:\/\/revistafluir.art\/wp-content\/uploads\/2020\/01\/12.jpg\" data-link=\"https:\/\/revistafluir.art\/2020\/01\/09\/bailar-otro-mundo-festival-de-danza-zapatista\/attachment\/12\/\" \/><\/figure>\n<\/li>\n<li class=\"blocks-gallery-item\">\n<figure><img decoding=\"async\" class=\"wp-image-803\" src=\"https:\/\/revistafluir.art\/wp-content\/uploads\/2020\/08\/2-1.jpg\" sizes=\"(max-width: 665px) 100vw, 665px\" srcset=\"https:\/\/revistafluir.art\/wp-content\/uploads\/2020\/08\/2-1.jpg 665w, https:\/\/revistafluir.art\/wp-content\/uploads\/2020\/08\/2-1-200x300.jpg 200w\" alt=\"\" data-id=\"803\" data-full-url=\"https:\/\/revistafluir.art\/wp-content\/uploads\/2020\/08\/2-1.jpg\" data-link=\"https:\/\/revistafluir.art\/?attachment_id=803\" \/><\/figure>\n<\/li>\n<li class=\"blocks-gallery-item\">\n<figure><img decoding=\"async\" class=\"wp-image-804\" src=\"https:\/\/revistafluir.art\/wp-content\/uploads\/2020\/08\/3-1.jpg\" sizes=\"(max-width: 648px) 100vw, 648px\" srcset=\"https:\/\/revistafluir.art\/wp-content\/uploads\/2020\/08\/3-1.jpg 648w, https:\/\/revistafluir.art\/wp-content\/uploads\/2020\/08\/3-1-300x199.jpg 300w\" alt=\"\" data-id=\"804\" data-full-url=\"https:\/\/revistafluir.art\/wp-content\/uploads\/2020\/08\/3-1.jpg\" data-link=\"https:\/\/revistafluir.art\/?attachment_id=804\" \/><\/figure>\n<\/li>\n<li class=\"blocks-gallery-item\">\n<figure><img decoding=\"async\" class=\"wp-image-810\" src=\"https:\/\/revistafluir.art\/wp-content\/uploads\/2020\/08\/9.jpg\" sizes=\"(max-width: 628px) 100vw, 628px\" srcset=\"https:\/\/revistafluir.art\/wp-content\/uploads\/2020\/08\/9.jpg 628w, https:\/\/revistafluir.art\/wp-content\/uploads\/2020\/08\/9-300x189.jpg 300w\" alt=\"\" data-id=\"810\" data-full-url=\"https:\/\/revistafluir.art\/wp-content\/uploads\/2020\/08\/9.jpg\" data-link=\"https:\/\/revistafluir.art\/?attachment_id=810\" \/><\/figure>\n<\/li>\n<li class=\"blocks-gallery-item\">\n<figure><img decoding=\"async\" class=\"wp-image-805\" src=\"https:\/\/revistafluir.art\/wp-content\/uploads\/2020\/08\/4-2.jpg\" sizes=\"(max-width: 648px) 100vw, 648px\" srcset=\"https:\/\/revistafluir.art\/wp-content\/uploads\/2020\/08\/4-2.jpg 648w, https:\/\/revistafluir.art\/wp-content\/uploads\/2020\/08\/4-2-300x200.jpg 300w\" alt=\"\" data-id=\"805\" data-full-url=\"https:\/\/revistafluir.art\/wp-content\/uploads\/2020\/08\/4-2.jpg\" data-link=\"https:\/\/revistafluir.art\/?attachment_id=805\" \/><\/figure>\n<\/li>\n<li class=\"blocks-gallery-item\">\n<figure><img decoding=\"async\" class=\"wp-image-806\" src=\"https:\/\/revistafluir.art\/wp-content\/uploads\/2020\/08\/5-2.jpg\" sizes=\"(max-width: 648px) 100vw, 648px\" srcset=\"https:\/\/revistafluir.art\/wp-content\/uploads\/2020\/08\/5-2.jpg 648w, https:\/\/revistafluir.art\/wp-content\/uploads\/2020\/08\/5-2-300x195.jpg 300w, https:\/\/revistafluir.art\/wp-content\/uploads\/2020\/08\/5-2-322x209.jpg 322w\" alt=\"\" data-id=\"806\" data-full-url=\"https:\/\/revistafluir.art\/wp-content\/uploads\/2020\/08\/5-2.jpg\" data-link=\"https:\/\/revistafluir.art\/?attachment_id=806\" \/><\/figure>\n<\/li>\n<li class=\"blocks-gallery-item\">\n<figure><img decoding=\"async\" class=\"wp-image-807\" src=\"https:\/\/revistafluir.art\/wp-content\/uploads\/2020\/08\/6.jpg\" sizes=\"(max-width: 648px) 100vw, 648px\" srcset=\"https:\/\/revistafluir.art\/wp-content\/uploads\/2020\/08\/6.jpg 648w, https:\/\/revistafluir.art\/wp-content\/uploads\/2020\/08\/6-300x193.jpg 300w, https:\/\/revistafluir.art\/wp-content\/uploads\/2020\/08\/6-321x206.jpg 321w\" alt=\"\" data-id=\"807\" data-full-url=\"https:\/\/revistafluir.art\/wp-content\/uploads\/2020\/08\/6.jpg\" data-link=\"https:\/\/revistafluir.art\/?attachment_id=807\" \/><\/figure>\n<\/li>\n<li class=\"blocks-gallery-item\">\n<figure><img decoding=\"async\" class=\"wp-image-808\" src=\"https:\/\/revistafluir.art\/wp-content\/uploads\/2020\/08\/7.jpg\" sizes=\"(max-width: 648px) 100vw, 648px\" srcset=\"https:\/\/revistafluir.art\/wp-content\/uploads\/2020\/08\/7.jpg 648w, https:\/\/revistafluir.art\/wp-content\/uploads\/2020\/08\/7-300x196.jpg 300w, https:\/\/revistafluir.art\/wp-content\/uploads\/2020\/08\/7-322x209.jpg 322w\" alt=\"\" data-id=\"808\" data-full-url=\"https:\/\/revistafluir.art\/wp-content\/uploads\/2020\/08\/7.jpg\" data-link=\"https:\/\/revistafluir.art\/?attachment_id=808\" \/><\/figure>\n<\/li>\n<li class=\"blocks-gallery-item\">\n<figure><img decoding=\"async\" class=\"wp-image-809\" src=\"https:\/\/revistafluir.art\/wp-content\/uploads\/2020\/08\/8.jpg\" sizes=\"(max-width: 563px) 100vw, 563px\" srcset=\"https:\/\/revistafluir.art\/wp-content\/uploads\/2020\/08\/8.jpg 563w, https:\/\/revistafluir.art\/wp-content\/uploads\/2020\/08\/8-200x300.jpg 200w\" alt=\"\" data-id=\"809\" data-full-url=\"https:\/\/revistafluir.art\/wp-content\/uploads\/2020\/08\/8.jpg\" data-link=\"https:\/\/revistafluir.art\/?attachment_id=809\" \/><\/figure>\n<\/li>\n<\/ul><figcaption class=\"blocks-gallery-caption\">Im\u00e1genes del\u00a0<strong>I CompArte de danza \u201cB\u00e1ilate otro mundo\u201d<\/strong><\/figcaption><\/figure>\n<p>[:]<\/p>\n","protected":false},"excerpt":{"rendered":"<p>[:es] Participantes del CompArte de danza \u201cB\u00e1ilate otro mundo\u201d en solidaridad con el zapatismo El pasado s\u00e1bado 22 de agosto del a\u00f1o en curso, paramilitares de la Organizaci\u00f3n Regional de Cafeticultores de Ocosingo (ORCAO), robaron e incendiaron las instalaciones del Centro de Comercio Nuevo Amanecer del Arcoiris ubicado en el lugar conocido como \u201ccruce\u201d de [&hellip;]<\/p>\n","protected":false},"author":1,"featured_media":0,"comment_status":"open","ping_status":"closed","sticky":false,"template":"","format":"standard","meta":{"footnotes":""},"categories":[6,183],"tags":[36,1304,260,23,27],"class_list":["post-35144","post","type-post","status-publish","format-standard","hentry","category-chiapas","category-blog","tag-comunidades-zapatistas","tag-cuxulja","tag-orcao","tag-paramilitares","tag-solidaridad"],"_links":{"self":[{"href":"https:\/\/radiozapatista.org\/index.php?rest_route=\/wp\/v2\/posts\/35144","targetHints":{"allow":["GET"]}}],"collection":[{"href":"https:\/\/radiozapatista.org\/index.php?rest_route=\/wp\/v2\/posts"}],"about":[{"href":"https:\/\/radiozapatista.org\/index.php?rest_route=\/wp\/v2\/types\/post"}],"author":[{"embeddable":true,"href":"https:\/\/radiozapatista.org\/index.php?rest_route=\/wp\/v2\/users\/1"}],"replies":[{"embeddable":true,"href":"https:\/\/radiozapatista.org\/index.php?rest_route=%2Fwp%2Fv2%2Fcomments&post=35144"}],"version-history":[{"count":1,"href":"https:\/\/radiozapatista.org\/index.php?rest_route=\/wp\/v2\/posts\/35144\/revisions"}],"predecessor-version":[{"id":35146,"href":"https:\/\/radiozapatista.org\/index.php?rest_route=\/wp\/v2\/posts\/35144\/revisions\/35146"}],"wp:attachment":[{"href":"https:\/\/radiozapatista.org\/index.php?rest_route=%2Fwp%2Fv2%2Fmedia&parent=35144"}],"wp:term":[{"taxonomy":"category","embeddable":true,"href":"https:\/\/radiozapatista.org\/index.php?rest_route=%2Fwp%2Fv2%2Fcategories&post=35144"},{"taxonomy":"post_tag","embeddable":true,"href":"https:\/\/radiozapatista.org\/index.php?rest_route=%2Fwp%2Fv2%2Ftags&post=35144"}],"curies":[{"name":"wp","href":"https:\/\/api.w.org\/{rel}","templated":true}]}}