{"id":34973,"date":"2020-06-30T18:08:58","date_gmt":"2020-06-30T23:08:58","guid":{"rendered":"https:\/\/radiozapatista.org\/?p=34973"},"modified":"2020-07-01T20:02:55","modified_gmt":"2020-07-02T01:02:55","slug":"comunicado-de-la-asamblea-de-comuneros-de-union-hidalgo-por-los-hechos-del-21-y-22-de-junio-en-san-mateo-del-mar","status":"publish","type":"post","link":"https:\/\/radiozapatista.org\/?p=34973","title":{"rendered":"Comunicado de la Asamblea de comuneros de Uni\u00f3n Hidalgo por los hechos del 21 y 22 de junio en San Mateo del Mar"},"content":{"rendered":"<p>Uni\u00f3n Hidalgo, Oaxaca a 27 de junio de 2020.<\/p>\n<p>&nbsp;<\/p>\n<p>A las y los hermanos de San Mateo del Mar, Istmo de Tehuantepec, Oaxaca.<br \/>\nA las comunidades integrantes de la Asamblea de Pueblos Ind\u00edgenas del Istmo en Resistencia (APIIR)<br \/>\nA los pueblos y comunidades ind\u00edgenas de M\u00e9xico<br \/>\nA los tres Poderes Constitutivos del Estado Mexicano<\/p>\n<p>Quienes suscribimos la presente, integrantes de la Asamblea de comuneras y comuneros de Uni\u00f3n Hidalgo, Oaxaca, con el m\u00e1s profundo dolor que nos embargo por los lamentables hechos acontecidos los pasados 21 y 22 de junio en el Municipio de San Mateo del Mar, queremos expresarles por este medio nuestro respaldo y apoyo total e incondicional ante lo que consideramos un genocidio de Estado permitido y solapado por los malos gobiernos, tanto del Estado como federal, en tanto que solaparon negligentemente, pues tuvieron y contaron con suficiente anticipaci\u00f3n con las denuncias y la informaci\u00f3n relativa al conflicto cuyo fatal desenlace todos conocemos, ante semejante violaci\u00f3n de nuestros derechos por el propio gobierno mexicano no podemos quedarnos cruzados de brazos.<\/p>\n<p>Tenemos conocimiento de que las denuncias por la represi\u00f3n a las Legitimas Asambleas Comunitarias por parte del Edil \u00abconstitucional\u00bb Ponce Hinojosa, fueron interpuestas por las victimas de la masacre, en tiempo y forma y la Defensor\u00eda de los Derechos Humanos de Oaxaca no le dio el curso respectivo, de la misma manera la Secretaria de Gobierno y el Ejecutivo del estado de Oaxaca, no realizaron las acciones m\u00ednimas que dieran a los hoy occisos m\u00ednimamente las medidas cautelares, sin que esto representara en s\u00ed misma una medida que garantizara la seguridad de las v\u00edctimas.<\/p>\n<p>Ante este crimen de Estado, plagado de irregularidades tanto por dependencias estatales como federales, en su atenci\u00f3n y seguimiento desde la denuncia de los incendios y homicidios acaecidos el 2 y 3 de mayo pasado en que cobrara la primera victima, para garantizar la justicia que el caso amerita a trav\u00e9s de una investigaci\u00f3n eficiente y dar el castigo respectivo a los culpables tanto intelectuales como materiales de estos hechos, pedimos la desaparici\u00f3n de poderes en el municipio de San Mateo del Mar, la detenci\u00f3n precautoria de Bernardino Ponce Hinojosa y Jorge Leoncio Arroyo Rodr\u00edguez, As\u00ed como la renuncia al cargo de los CC.\u00a0 Jos\u00e9 Bernardo Rodr\u00edguez Alamilla, Defensor de los Derechos Humanos del Pueblo de Oaxaca, H\u00e9ctor Anuar Mafud. Secretario de Gobierno del Estado de Oaxaca y Alejandro Murat Hinojosa. Gobernador del Estado de Oaxaca, mientras se mantenga la presencia de estas personas en sus respectivos cargos, la represi\u00f3n contra las asambleas comunitarias de San Mateo continuar\u00e1 y la paz que la regi\u00f3n requiere ser\u00e1 m\u00e1s dif\u00edcil de lograr.<\/p>\n<p>Hacemos un llamado a la Sociedad Civil Nacional e Internacional a no permanecer en silencio, c\u00f3mplice ate la masacre y el genocidio que se ha consumado en el caso de San Mateo del Mar y que como en otro tiempo ocurriera en Aguas Blancas, actual Nochixtl\u00e1n, se mantiene en la impunidad en tanto sendos cr\u00edmenes de Estado y de lesa humanidad que hoy se ciernen sobre los pueblos, naciones, tribus y comunidades ind\u00edgenas de M\u00e9xico.<\/p>\n<p>Por la Asamblea de Comuneros de Uni\u00f3n Hidalgo<\/p>\n<p><a class=\"pdfemb-viewer\" href=\"https:\/\/www.congresonacionalindigena.org\/wp-content\/uploads\/2020\/06\/Pronunciamiento-masacre-San-Mateo-del-Mar..pdf\" data-width=\"500\" data-height=\"max\" data-toolbar=\"bottom\" data-toolbar-fixed=\"on\">Pronunciamiento masacre San Mateo del Mar.<\/a><\/p>","protected":false},"excerpt":{"rendered":"<p>Uni\u00f3n Hidalgo, Oaxaca a 27 de junio de 2020. &nbsp; A las y los hermanos de San Mateo del Mar, Istmo de Tehuantepec, Oaxaca. A las comunidades integrantes de la Asamblea de Pueblos Ind\u00edgenas del Istmo en Resistencia (APIIR) A los pueblos y comunidades ind\u00edgenas de M\u00e9xico A los tres Poderes Constitutivos del Estado Mexicano [&hellip;]<\/p>\n","protected":false},"author":15,"featured_media":34984,"comment_status":"open","ping_status":"closed","sticky":false,"template":"","format":"standard","meta":{"footnotes":""},"categories":[943],"tags":[1151,58,53,567,27,483],"class_list":["post-34973","post","type-post","status-publish","format-standard","has-post-thumbnail","hentry","category-cni","tag-cig","tag-derechos-humanos","tag-justicia","tag-megaproyectos","tag-solidaridad","tag-tierra-y-territorio"],"_links":{"self":[{"href":"https:\/\/radiozapatista.org\/index.php?rest_route=\/wp\/v2\/posts\/34973","targetHints":{"allow":["GET"]}}],"collection":[{"href":"https:\/\/radiozapatista.org\/index.php?rest_route=\/wp\/v2\/posts"}],"about":[{"href":"https:\/\/radiozapatista.org\/index.php?rest_route=\/wp\/v2\/types\/post"}],"author":[{"embeddable":true,"href":"https:\/\/radiozapatista.org\/index.php?rest_route=\/wp\/v2\/users\/15"}],"replies":[{"embeddable":true,"href":"https:\/\/radiozapatista.org\/index.php?rest_route=%2Fwp%2Fv2%2Fcomments&post=34973"}],"version-history":[{"count":2,"href":"https:\/\/radiozapatista.org\/index.php?rest_route=\/wp\/v2\/posts\/34973\/revisions"}],"predecessor-version":[{"id":34980,"href":"https:\/\/radiozapatista.org\/index.php?rest_route=\/wp\/v2\/posts\/34973\/revisions\/34980"}],"wp:featuredmedia":[{"embeddable":true,"href":"https:\/\/radiozapatista.org\/index.php?rest_route=\/wp\/v2\/media\/34984"}],"wp:attachment":[{"href":"https:\/\/radiozapatista.org\/index.php?rest_route=%2Fwp%2Fv2%2Fmedia&parent=34973"}],"wp:term":[{"taxonomy":"category","embeddable":true,"href":"https:\/\/radiozapatista.org\/index.php?rest_route=%2Fwp%2Fv2%2Fcategories&post=34973"},{"taxonomy":"post_tag","embeddable":true,"href":"https:\/\/radiozapatista.org\/index.php?rest_route=%2Fwp%2Fv2%2Ftags&post=34973"}],"curies":[{"name":"wp","href":"https:\/\/api.w.org\/{rel}","templated":true}]}}