{"id":34629,"date":"2020-05-11T12:04:06","date_gmt":"2020-05-11T17:04:06","guid":{"rendered":"https:\/\/radiozapatista.org\/?p=34629"},"modified":"2020-05-11T12:04:06","modified_gmt":"2020-05-11T17:04:06","slug":"noticias-de-abajo-10-de-mayo-2020","status":"publish","type":"post","link":"https:\/\/radiozapatista.org\/?p=34629","title":{"rendered":"[:es]Noticias de abajo 10 de mayo 2020[:]"},"content":{"rendered":"<p>[:es][podcast]https:\/\/ia601501.us.archive.org\/16\/items\/noticiasdeabajo_10mayo_cadenazo\/noticiasdeabajo_10mayo2020.mp3[\/podcast]<\/p>\n<p>&nbsp;<\/p>\n<p>El periodismo comunitario\u00a0 y responsable, como ant\u00eddoto contra la informaci\u00f3n mercantil al servicio del capital.<\/p>\n<p data-adtags-visited=\"true\">ROMPIENDO EL CERCO<\/p>\n<p data-adtags-visited=\"true\">COLOMBIA:\u00a0 Resistencia de liberacion de la Madre tierra en medio de lapandemia. Solidaridad resistencia contra los ataques de la empresa Incauca, el gremio Asoca\u00f1a y el estado colombiano en su conjunto. Liberacion de la Madre tierra<\/p>\n<p data-adtags-visited=\"true\">PALESTINA:\u00a0 Israel ataca a Gaza sin compasi\u00f3n en plena pandemia. Federacionpalestina<\/p>\n<p data-adtags-visited=\"true\">PER\u00da: Wamp\u00eds de Morona alertan que Geopark los estar\u00eda exponiendo a la Covid-19<br \/>\nnacionwampis<\/p>\n<p data-adtags-visited=\"true\">GUATEMALA:\u00a0 Otro proyecto de solidaridad que brinda un plato de comida en el centro hist\u00f3rico de la capital de #Guatemala #COVID_1. Prensa Comunitaria<\/p>\n<p data-adtags-visited=\"true\">P\u00c1NAMA:\u00a0 Contin\u00faan las protestas en reclamo al apoyo solidario. Radiotemblor<\/p>\n<p data-adtags-visited=\"true\">GLOBAL GEEK: Seguridad digital en cuarentena. La opcion Jitsi y los problemas de prinvacidad con Zoom. Radios Libres y Surciendo.<\/p>\n<p data-adtags-visited=\"true\">ITALIA: Empieza fase para reducir medidas de contingencia. Annuska<\/p>\n<p data-adtags-visited=\"true\">DESDE EL OMBLIGO DEL MONSTRUO<\/p>\n<p data-adtags-visited=\"true\">CDMX: Falleci\u00f3 Jaime Montejo, activista de Brigada Callejera de Apoyo a la Mujer \u201cElisa Mart\u00ednez\u201d.\u00a0 Educaoaxaca<\/p>\n<p data-adtags-visited=\"true\">CDMX: Mucho \u201cl\u00e1vate las manos\u201d, pero no hay agua en Tl\u00e1huac. Regeneracionradio<\/p>\n<p data-adtags-visited=\"true\">MEXICO: AMLO y sus fake news.<br \/>\nReciben 87 llamadas por hora al 911 para denunciar violencia familiar. Redes.<br \/>\nFamilia, la instituci\u00f3n social m\u00e1s violenta de M\u00e9xico, afirma especialista. Redes<\/p>\n<p data-adtags-visited=\"true\">CHIAPAS: Firman ind\u00edgenas de Chiapas contra Tren Maya. Tierradetodas<\/p>\n<p data-adtags-visited=\"true\">OAXACA:\u00a0 Ataque armado y barbarie en la agencia de Huazantla en San Matero del Mar Oaxaca. CNI.<\/p>\n<p>[:]<\/p>\n","protected":false},"excerpt":{"rendered":"<p>[:es][podcast]https:\/\/ia601501.us.archive.org\/16\/items\/noticiasdeabajo_10mayo_cadenazo\/noticiasdeabajo_10mayo2020.mp3[\/podcast] &nbsp; El periodismo comunitario\u00a0 y responsable, como ant\u00eddoto contra la informaci\u00f3n mercantil al servicio del capital. ROMPIENDO EL CERCO COLOMBIA:\u00a0 Resistencia de liberacion de la Madre tierra en medio de lapandemia. Solidaridad resistencia contra los ataques de la empresa Incauca, el gremio Asoca\u00f1a y el estado colombiano en su conjunto. Liberacion de la Madre [&hellip;]<\/p>\n","protected":false},"author":12,"featured_media":34630,"comment_status":"open","ping_status":"closed","sticky":false,"template":"","format":"standard","meta":{"footnotes":""},"categories":[1,957,51,1284,826,958,954,961,953],"tags":[79,1301,58,567,41,545,87,148,27,483],"class_list":["post-34629","post","type-post","status-publish","format-standard","has-post-thumbnail","hentry","category-audio","category-autonomia","category-autor","category-latinoamerica","category-medios-libres-2","category-megaproyectos","category-mexico","category-mujeres","category-mundo","tag-autonomia","tag-covid-19","tag-derechos-humanos","tag-megaproyectos","tag-mujeres","tag-pueblos-indigenas","tag-represion","tag-resistencia","tag-solidaridad","tag-tierra-y-territorio"],"_links":{"self":[{"href":"https:\/\/radiozapatista.org\/index.php?rest_route=\/wp\/v2\/posts\/34629","targetHints":{"allow":["GET"]}}],"collection":[{"href":"https:\/\/radiozapatista.org\/index.php?rest_route=\/wp\/v2\/posts"}],"about":[{"href":"https:\/\/radiozapatista.org\/index.php?rest_route=\/wp\/v2\/types\/post"}],"author":[{"embeddable":true,"href":"https:\/\/radiozapatista.org\/index.php?rest_route=\/wp\/v2\/users\/12"}],"replies":[{"embeddable":true,"href":"https:\/\/radiozapatista.org\/index.php?rest_route=%2Fwp%2Fv2%2Fcomments&post=34629"}],"version-history":[{"count":1,"href":"https:\/\/radiozapatista.org\/index.php?rest_route=\/wp\/v2\/posts\/34629\/revisions"}],"predecessor-version":[{"id":34631,"href":"https:\/\/radiozapatista.org\/index.php?rest_route=\/wp\/v2\/posts\/34629\/revisions\/34631"}],"wp:featuredmedia":[{"embeddable":true,"href":"https:\/\/radiozapatista.org\/index.php?rest_route=\/wp\/v2\/media\/34630"}],"wp:attachment":[{"href":"https:\/\/radiozapatista.org\/index.php?rest_route=%2Fwp%2Fv2%2Fmedia&parent=34629"}],"wp:term":[{"taxonomy":"category","embeddable":true,"href":"https:\/\/radiozapatista.org\/index.php?rest_route=%2Fwp%2Fv2%2Fcategories&post=34629"},{"taxonomy":"post_tag","embeddable":true,"href":"https:\/\/radiozapatista.org\/index.php?rest_route=%2Fwp%2Fv2%2Ftags&post=34629"}],"curies":[{"name":"wp","href":"https:\/\/api.w.org\/{rel}","templated":true}]}}