{"id":34446,"date":"2020-04-16T11:45:39","date_gmt":"2020-04-16T16:45:39","guid":{"rendered":"https:\/\/radiozapatista.org\/?p=34446"},"modified":"2020-04-16T11:45:39","modified_gmt":"2020-04-16T16:45:39","slug":"ta-jkanot-kutik-li-ta-jnatike-te-queremos-aqui-en-esta-casa-nuestra","status":"publish","type":"post","link":"https:\/\/radiozapatista.org\/?p=34446","title":{"rendered":"Ta jk\u2019anot kutik li\u2019 ta jnatike. Te queremos aqu\u00ed en esta casa nuestra."},"content":{"rendered":"<p><\/p>\n<p lang=\"es-ES\" align=\"justify\"><a href=\"https:\/\/radiozapatista.org\/wp-content\/uploads\/2020\/04\/Captura-de-pantalla-2020-04-16-a-las-11.41.10.png\"><img loading=\"lazy\" decoding=\"async\" class=\"alignnone size-full wp-image-34447\" src=\"https:\/\/radiozapatista.org\/wp-content\/uploads\/2020\/04\/Captura-de-pantalla-2020-04-16-a-las-11.41.10.png\" alt=\"\" width=\"863\" height=\"483\" srcset=\"https:\/\/radiozapatista.org\/wp-content\/uploads\/2020\/04\/Captura-de-pantalla-2020-04-16-a-las-11.41.10.png 863w, https:\/\/radiozapatista.org\/wp-content\/uploads\/2020\/04\/Captura-de-pantalla-2020-04-16-a-las-11.41.10-350x196.png 350w, https:\/\/radiozapatista.org\/wp-content\/uploads\/2020\/04\/Captura-de-pantalla-2020-04-16-a-las-11.41.10-768x430.png 768w\" sizes=\"auto, (max-width: 863px) 100vw, 863px\" \/><\/a><\/p>\n<div class=\"entry-meta\"><a title=\"3:56 pm\" href=\"https:\/\/frayba.org.mx\/2020\/04\/15\/\" rel=\"bookmark\"><time class=\"entry-date updated\" datetime=\"2020-04-15T15:56:40-05:00\">15 Abr, 2020<\/time><\/a> \u00a0en <a class=\"\" title=\"Ver todas las entradas en Art\u00edculos\" href=\"https:\/\/frayba.org.mx\/category\/articulos\/\"> Art\u00edculos <\/a> \/ <a class=\"\" title=\"Ver todas las entradas en Boletines\" href=\"https:\/\/frayba.org.mx\/category\/boletines\/\"> Boletines <\/a> <span class=\"by-author\"> por <span class=\"author vcard author_name\"><a class=\"url fn n\" title=\"Ver todas las entradas de Frayba Comunicaci\u00f3n\" href=\"https:\/\/frayba.org.mx\/author\/carlos\/\" rel=\"author\">Frayba Comunicaci\u00f3n<\/a><\/span><\/span><\/div>\n<p lang=\"es-ES\" align=\"justify\">\n<p class=\"western\" lang=\"es-ES\" align=\"justify\"><span lang=\"es-MX\"><i>K\u2019ucha\u2019al, kucha\u2019al, k\u2019ucha\u2019al-un Tot, k\u2019ucha\u2019al-un Me\u2019! Porqu\u00e9, porqu\u00e9, porqu\u00e9 Tot, porqu\u00e9 Me\u2019! <\/i><\/span><span lang=\"es-MX\">Reclama <\/span><span lang=\"es-MX\">una anciana a sus deidades ancestrales, mientras solloza y ve los pies de su hijo que no volver\u00e1 a caminar las tierras que le vieron nacer. Luego proclama <\/span><span lang=\"es-MX\"><b>\u201cTa jk\u2019anot kutik li\u2019 ta jnatike\u201d<\/b><\/span><span lang=\"es-MX\"> que traducido literalmente al castellano ser\u00eda: \u201cTe queremos aqu\u00ed en esta casa nuestra\u201d.<\/span><\/p>\n<p>&nbsp;<\/p>\n<p class=\"western\" align=\"justify\">En estos tiempos, en estos d\u00edas y momentos que dicen que hay que estar en casa para resguardarse. En estos d\u00edas en que los medianos y peque\u00f1os l\u00edderes orquestan el mensaje de \u201cQu\u00e9date en casa\u201d y establecer sana distancia entre las personas. Entendemos y comprendemos que es compromiso tanto del gobierno, la sociedad y organizaciones civiles de velar por los derechos humanos en esta contingencia.<\/p>\n<p>&nbsp;<\/p>\n<p class=\"western\" lang=\"es-ES\" align=\"justify\"><span lang=\"es-MX\">Como Centro de Derechos Humanos Fray Bartolom\u00e9 de Las Casas, ocupados en seguir acompa\u00f1ando a los Pueblos Originarios en su caminar y b\u00fasqueda de de Justicia Digna, lanzamos la compa\u00f1a: <\/span><span lang=\"es-MX\"><b>\u201cLES QUEREMOS EN CASA\u201d <\/b><\/span><span lang=\"es-MX\">que estar\u00e1 vigente por lo menos un mes, del 15 de abril al 15 de mayo de 2020, con distintas acciones hasta que las mujeres, de todas las edades, hombres y personas de otras identidades de g\u00e9nero, vuelvan a sus casas. Que puedan estar tranquilas protegiendo su vida que est\u00e1 en grave peligro. Como nos han reportado a diario las autoridades del municipio de Aldama, los disparos de armas de fuego por parte de habitantes de las comunidades del municipio de Chenalh\u00f3 que colindan con los parajes de Aldama, no han cesado.<\/span><\/p>\n<p>&nbsp;<\/p>\n<p class=\"western\" align=\"justify\">Al parecer, las personas que nacen y habitan las comunidades del municipio de Aldama que colindan con la localidad Santa Marta y otras que pertenecen al municipio de Chenalh\u00f3, Chiapas, pareciera que nacen definidas o predestinadas a vivir constantemente en el miedo y la zozobra tanto por parte del Estado como del contexto de violencia que padecen desde los a\u00f1os 70\u2019s. La esperanza que tienen de que alg\u00fan d\u00eda el conflicto agrario que existe entre los municipios de Chenalh\u00f3 y Aldama tenga fin, se pierde en el horizonte de sus miradas. Las autoridades agrarias de anta\u00f1o no asumieron y menos ahora, su responsabilidad de que hicieron mal su trabajo por hacer los trazos de colindancia entre un municipio y otro en el escritorio.<\/p>\n<p>&nbsp;<\/p>\n<p class=\"western\" align=\"justify\">El conflicto agrario perpetrado por el Estado mexicano hace casi medio siglo rebas\u00f3 el \u00e1mbito jur\u00eddico. Las acciones del Estado como la colocaci\u00f3n de elementos de seguridad que luego salieron huyendo de la zona por los constantes disparos hasta \u201dEl Banderazo de la Paz\u201d, efectuado los d\u00edas 22 y 23 de junio de 2019, por parte de los tres niveles de gobierno no han surtido efecto. Este \u201cacto pol\u00edtico\u201d pondr\u00eda fin al conflicto agrario que dio inicio a principios de la d\u00e9cada de 1970 entre los dos municipios. Con \u201cEl Banderazo de la Paz\u201d comenzar\u00eda un proceso de pacificaci\u00f3n y reconciliaci\u00f3n entre los habitantes de estos dos municipios que en historia, lengua, cultura y tradiciones religiosas se hermanaron por d\u00e9cadas pero que esos lazos y sentimientos de hermandad, al parecer se han roto.<\/p>\n<p>&nbsp;<\/p>\n<p class=\"western\" align=\"justify\">La esperanza de la gente de las comunidades de Aldama yace en las manos de algunas personas ancianas responsables de cuidar la vida. Pero, mientras dicen sus plegarias, delante de sus ojos se apaga el fuego de las velas arrebatadas por alguna munici\u00f3n proveniente de comunidades de Chenalh\u00f3. El coraz\u00f3n tiembla, ya no s\u00f3lo de las balas que cotidianamente les disparan, ahora, ese temor es alimentado por la contingencia. Cuidar la salud en casa, no ha sido ni ser\u00e1 posible, pues tienen que salir huyendo de sus casas para resguardarse en otros lugares que no cumplen las condiciones de cuidado m\u00e1ximo ante la contingencia de COVID-19.<\/p>\n<p>&nbsp;<\/p>\n<p class=\"western\" lang=\"es-ES\" align=\"justify\"><span lang=\"es-MX\"><b>LES QUEREMOS EN CASA <\/b><\/span><span lang=\"es-MX\">solicita tu mirada para que con tus ojos y con tu coraz\u00f3n abracemos a mujeres ancianas, mujeres j\u00f3venes y ni\u00f1as; que podamos acompa\u00f1ar a hombres ancianos, hombres j\u00f3venes y ni\u00f1os a que puedan estar en su casa y a unirnos en su reclamo. Que podamos decir junto con ellas y ellos \u201cTe queremos aqu\u00ed en esta casa nuestra\u201d.<\/span><\/p>\n<p>&nbsp;<\/p>\n<p class=\"western\" align=\"right\"><b>Juan L\u00f3pez Intz\u00edn, <\/b><\/p>\n<p>&nbsp;<\/p>\n<p class=\"western\" align=\"right\"><b>Centro de Derechos Humanos Fray Bartolom\u00e9 de Las Casas.<\/b><\/p>\n<p>&nbsp;<\/p>\n<p class=\"western\" align=\"right\"><b>Jobel, a 15 de abril del 2020.<\/b><\/p>\n<p><\/p>","protected":false},"excerpt":{"rendered":"<p>15 Abr, 2020 \u00a0en Art\u00edculos \/ Boletines por Frayba Comunicaci\u00f3n K\u2019ucha\u2019al, kucha\u2019al, k\u2019ucha\u2019al-un Tot, k\u2019ucha\u2019al-un Me\u2019! Porqu\u00e9, porqu\u00e9, porqu\u00e9 Tot, porqu\u00e9 Me\u2019! Reclama una anciana a sus deidades ancestrales, mientras solloza y ve los pies de su hijo que no volver\u00e1 a caminar las tierras que le vieron nacer. Luego proclama \u201cTa jk\u2019anot kutik li\u2019 [&hellip;]<\/p>\n","protected":false},"author":12,"featured_media":0,"comment_status":"open","ping_status":"closed","sticky":false,"template":"","format":"standard","meta":{"footnotes":""},"categories":[6,55,954,183],"tags":[917,58,572,782,925,53,545,87,483],"class_list":["post-34446","post","type-post","status-publish","format-standard","hentry","category-chiapas","category-frayba","category-mexico","category-blog","tag-chiapas","tag-derechos-humanos","tag-desplazados","tag-desplazamiento-forzado","tag-frayba","tag-justicia","tag-pueblos-indigenas","tag-represion","tag-tierra-y-territorio"],"_links":{"self":[{"href":"https:\/\/radiozapatista.org\/index.php?rest_route=\/wp\/v2\/posts\/34446","targetHints":{"allow":["GET"]}}],"collection":[{"href":"https:\/\/radiozapatista.org\/index.php?rest_route=\/wp\/v2\/posts"}],"about":[{"href":"https:\/\/radiozapatista.org\/index.php?rest_route=\/wp\/v2\/types\/post"}],"author":[{"embeddable":true,"href":"https:\/\/radiozapatista.org\/index.php?rest_route=\/wp\/v2\/users\/12"}],"replies":[{"embeddable":true,"href":"https:\/\/radiozapatista.org\/index.php?rest_route=%2Fwp%2Fv2%2Fcomments&post=34446"}],"version-history":[{"count":1,"href":"https:\/\/radiozapatista.org\/index.php?rest_route=\/wp\/v2\/posts\/34446\/revisions"}],"predecessor-version":[{"id":34448,"href":"https:\/\/radiozapatista.org\/index.php?rest_route=\/wp\/v2\/posts\/34446\/revisions\/34448"}],"wp:attachment":[{"href":"https:\/\/radiozapatista.org\/index.php?rest_route=%2Fwp%2Fv2%2Fmedia&parent=34446"}],"wp:term":[{"taxonomy":"category","embeddable":true,"href":"https:\/\/radiozapatista.org\/index.php?rest_route=%2Fwp%2Fv2%2Fcategories&post=34446"},{"taxonomy":"post_tag","embeddable":true,"href":"https:\/\/radiozapatista.org\/index.php?rest_route=%2Fwp%2Fv2%2Ftags&post=34446"}],"curies":[{"name":"wp","href":"https:\/\/api.w.org\/{rel}","templated":true}]}}