{"id":34390,"date":"2020-04-10T12:45:11","date_gmt":"2020-04-10T17:45:11","guid":{"rendered":"https:\/\/radiozapatista.org\/?p=34390"},"modified":"2020-04-10T12:56:00","modified_gmt":"2020-04-10T17:56:00","slug":"si-nos-pega-el-virus-moriremos-en-silencio-denuncian-pueblos-indigenas-de-chiapas-falta-de-atencion-ante-la-pandemia-por-el-covid-19","status":"publish","type":"post","link":"https:\/\/radiozapatista.org\/?p=34390","title":{"rendered":"[:es]denuncian pueblos ind\u00edgenas de Chiapas falta de atenci\u00f3n ante la pandemia por el COVID-19[:]"},"content":{"rendered":"<p>[:es]<\/p>\n<aside><\/aside>\n<aside class=\"post-meta\"><a href=\"https:\/\/radiozapatista.org\/wp-content\/uploads\/2020\/04\/Pascuala_Vazquez_vocera_GC_Chilon.mp4\">Pascuala_Vazquez_vocera_GC_Chilon<\/a><\/aside>\n<aside class=\"post-meta\">\n<section class=\"entry col-left\">&nbsp;<\/p>\n<p>Lxs compa\u00f1erxs que integran el <strong>Gobierno Comuntario de Chil\u00f3n<\/strong> nos comparten el mensaje de preocupaci\u00f3n sobre la nula acci\u00f3n del gobierno de Chiapas en atenci\u00f3n a las comunidades ind\u00edgenas que habitan el estado.<\/p>\n<p>Informan que hasta ahora no han recibido visitas de trabajadores de la salud en ninguna de las 600 comunidades que participan en el Concejo.<\/p>\n<p>Tambi\u00e9n externan su preocupaci\u00f3n por los posibles contagios que puedan suceder a partir del retorno de los migrantes que salen a trabajar en playas tur\u00edsticas y zonas agr\u00edcolas.<\/p>\n<p>Informan que con sus propios recursos, han adquirido un poco de material m\u00e9dico para sus comunidades. term\u00f3metros y algunos medicamentos. El Concejo se ha dado a la tarea de brindar infromaci\u00f3n en sus propias lenguas sobre el COVID-19 e indicaciones sobre c\u00f3mo deben cuidarse ante la pandemia.<\/p>\n<p>Es necesario recordar que el Concejo <strong>Comunitario de Gobierno de Chil\u00f3n<\/strong> lleva varios a\u00f1os en el proceso de construcci\u00f3n de su sistema de organizaci\u00f3n comunitaria, alejada de partidos pol\u00edticos.<\/p>\n<p>El Concejo reclama acciones por parte de los trabajadores de la salud, ya que como dice su vocera Pasuala Vazquez <strong>todo est\u00e1 en silencio como si no pasara nada<\/strong>.<\/p>\n<\/section>\n<\/aside>\n<p>[:]<\/p>\n","protected":false},"excerpt":{"rendered":"<p>[:es] Pascuala_Vazquez_vocera_GC_Chilon &nbsp; Lxs compa\u00f1erxs que integran el Gobierno Comuntario de Chil\u00f3n nos comparten el mensaje de preocupaci\u00f3n sobre la nula acci\u00f3n del gobierno de Chiapas en atenci\u00f3n a las comunidades ind\u00edgenas que habitan el estado. Informan que hasta ahora no han recibido visitas de trabajadores de la salud en ninguna de las 600 comunidades [&hellip;]<\/p>\n","protected":false},"author":12,"featured_media":0,"comment_status":"open","ping_status":"closed","sticky":false,"template":"","format":"standard","meta":{"footnotes":""},"categories":[51,183,222],"tags":[1301],"class_list":["post-34390","post","type-post","status-publish","format-standard","hentry","category-autor","category-blog","category-video","tag-covid-19"],"_links":{"self":[{"href":"https:\/\/radiozapatista.org\/index.php?rest_route=\/wp\/v2\/posts\/34390","targetHints":{"allow":["GET"]}}],"collection":[{"href":"https:\/\/radiozapatista.org\/index.php?rest_route=\/wp\/v2\/posts"}],"about":[{"href":"https:\/\/radiozapatista.org\/index.php?rest_route=\/wp\/v2\/types\/post"}],"author":[{"embeddable":true,"href":"https:\/\/radiozapatista.org\/index.php?rest_route=\/wp\/v2\/users\/12"}],"replies":[{"embeddable":true,"href":"https:\/\/radiozapatista.org\/index.php?rest_route=%2Fwp%2Fv2%2Fcomments&post=34390"}],"version-history":[{"count":3,"href":"https:\/\/radiozapatista.org\/index.php?rest_route=\/wp\/v2\/posts\/34390\/revisions"}],"predecessor-version":[{"id":34395,"href":"https:\/\/radiozapatista.org\/index.php?rest_route=\/wp\/v2\/posts\/34390\/revisions\/34395"}],"wp:attachment":[{"href":"https:\/\/radiozapatista.org\/index.php?rest_route=%2Fwp%2Fv2%2Fmedia&parent=34390"}],"wp:term":[{"taxonomy":"category","embeddable":true,"href":"https:\/\/radiozapatista.org\/index.php?rest_route=%2Fwp%2Fv2%2Fcategories&post=34390"},{"taxonomy":"post_tag","embeddable":true,"href":"https:\/\/radiozapatista.org\/index.php?rest_route=%2Fwp%2Fv2%2Ftags&post=34390"}],"curies":[{"name":"wp","href":"https:\/\/api.w.org\/{rel}","templated":true}]}}