{"id":34197,"date":"2020-03-04T10:03:52","date_gmt":"2020-03-04T16:03:52","guid":{"rendered":"https:\/\/radiozapatista.org\/?p=34197"},"modified":"2020-03-04T10:03:52","modified_gmt":"2020-03-04T16:03:52","slug":"chiapas-denuncian-agresiones-armadas-a-comunidades-de-aldama","status":"publish","type":"post","link":"https:\/\/radiozapatista.org\/?p=34197","title":{"rendered":"Chiapas: denuncian agresiones armadas a comunidades de Aldama"},"content":{"rendered":"<p><a href=\"https:\/\/radiozapatista.org\/wp-content\/uploads\/2020\/03\/inbound80563183-660x330.jpg\"><img loading=\"lazy\" decoding=\"async\" class=\"alignnone wp-image-34198\" src=\"https:\/\/radiozapatista.org\/wp-content\/uploads\/2020\/03\/inbound80563183-660x330.jpg\" alt=\"\" width=\"1090\" height=\"545\" srcset=\"https:\/\/radiozapatista.org\/wp-content\/uploads\/2020\/03\/inbound80563183-660x330.jpg 660w, https:\/\/radiozapatista.org\/wp-content\/uploads\/2020\/03\/inbound80563183-660x330-350x175.jpg 350w\" sizes=\"auto, (max-width: 1090px) 100vw, 1090px\" \/><\/a><\/p>\n<p>&nbsp;<\/p>\n<p>San Crist\u00f3bal de Las Casas, Chiapas, M\u00e9xico.<br \/>\nA 4 de marzo de 2020.<\/p>\n<p>Acci\u00f3n urgente No. 1<\/p>\n<p>Alto riesgo a la vida e integridad de familias tsotsiles<\/p>\n<p>\u2022 Agresiones armadas a comunidades del municipio de Aldama, Chiapas<\/p>\n<p>El Centro de Derechos Humanos Fray Bartolom\u00e9 de Las Casas, A.C. (Frayba), ha recibido informaci\u00f3n directa por parte de habitantes tsotsiles del municipio de Aldama, Chiapas,<br \/>\nM\u00e9xico, respecto al riesgo a la vida, integridad y seguridad personal de las familias que viven en las comunidades de Chuch\u00b4te, Koko, Tabak, San Pedro Cotsilman, Yet\u00f3n, Xivit Tselejpoptic, Xuxton y la cabecera municipal de Aldama, quienes se encuentran en alto<br \/>\nriesgo debido al aumento de las agresiones con armas de fuego provenientes de grupos civiles armados de corte paramilitar de las comunidades de Santa Martha, Chenalh\u00f3.<\/p>\n<p>Estos ataques no han parado en todo el 2019 y lo que va del 2020, ante la complicidad de los gobiernos federal y estatal.<\/p>\n<p>Los actuales reportes marcan un aumento cr\u00edtico siendo el 1 de marzo de 2020,<br \/>\naproximadamente a las 11:30 horas, cuando los habitantes informaron que se estaban efectuando disparos de armas de fuego realizados desde las comunidades de Kantetik y Chuch\u00b4te\u2019 perteneciente a Santa Martha, municipio de Chenalh\u00f3. Los disparos eran con direcci\u00f3n a la comunidad de Tselejpotoptic, lo que ha provocado terror a la poblaci\u00f3n, ya<br \/>\nque los disparos se intensificaron hacia otras comunidades y hasta el d\u00eda de hoy se han mantenido.<\/p>\n<p>El 3 de marzo de 2020, nos informaron que desde las 2:00 horas de la madrugada, la comunidad de Xuxchen, Coco y Tabak del municipio de Aldama est\u00e1ban siendo atacadas fuertemente por los grupos armados de corte paramilitar provenientes de Saclum, Santa<br \/>\nMartha, municipio de Chenalh\u00f3: \u201cen esta hora de la madrugada est\u00e1n posicionados en los parapetos para atacar a las comunidades ya nuestra gente est\u00e1 huyendo de nueva cuenta a las monta\u00f1as porque los disparos ya son much\u00edsimos, es muy preocupante\u201d.<\/p>\n<p>El mismo 3 de marzo de 2020, aproximadamente las 14:10 horas, el grupo civil armado de corte paramilitar comenz\u00f3 nuevamente con las agresiones con disparos de armas de fuego<br \/>\nen contra de las comunidades de Chuch\u00b4te, Koko, Tabak, San Pedro Cotsilman, Yet\u00f3n, Xivit Tselejpobtic, Xuxton y la cabecera municipal de Aldama: \u201cson fuertes detonaciones de armas de alto calibre que se dirigen a nuestras comunidades y tenemos mucho miedo<br \/>\nporque los disparos le puede llegar a cualquiera de nuestros familiares\u201d.<\/p>\n<p>Ante esta situaci\u00f3n cr\u00edtica exigimos a los gobiernos federal y estatal debida diligencia y actuaci\u00f3n para implementar las medidas cautelares urgentes a fin de evitar da\u00f1os de dif\u00edcil reparaci\u00f3n. Responsabilizamos a los funcionarios que no act\u00faan en la investigaci\u00f3n eficaz a<br \/>\nlos grupos armados de corte paramilitar, para juzgar y sancionar a los responsables de las acciones criminales.<\/p>","protected":false},"excerpt":{"rendered":"<p>&nbsp; San Crist\u00f3bal de Las Casas, Chiapas, M\u00e9xico. A 4 de marzo de 2020. Acci\u00f3n urgente No. 1 Alto riesgo a la vida e integridad de familias tsotsiles \u2022 Agresiones armadas a comunidades del municipio de Aldama, Chiapas El Centro de Derechos Humanos Fray Bartolom\u00e9 de Las Casas, A.C. (Frayba), ha recibido informaci\u00f3n directa por [&hellip;]<\/p>\n","protected":false},"author":12,"featured_media":0,"comment_status":"open","ping_status":"closed","sticky":false,"template":"","format":"standard","meta":{"footnotes":""},"categories":[51,6,183,196],"tags":[917,58,782,23,545,87,148,483],"class_list":["post-34197","post","type-post","status-publish","format-standard","hentry","category-autor","category-chiapas","category-blog","category-radio-pozol","tag-chiapas","tag-derechos-humanos","tag-desplazamiento-forzado","tag-paramilitares","tag-pueblos-indigenas","tag-represion","tag-resistencia","tag-tierra-y-territorio"],"_links":{"self":[{"href":"https:\/\/radiozapatista.org\/index.php?rest_route=\/wp\/v2\/posts\/34197","targetHints":{"allow":["GET"]}}],"collection":[{"href":"https:\/\/radiozapatista.org\/index.php?rest_route=\/wp\/v2\/posts"}],"about":[{"href":"https:\/\/radiozapatista.org\/index.php?rest_route=\/wp\/v2\/types\/post"}],"author":[{"embeddable":true,"href":"https:\/\/radiozapatista.org\/index.php?rest_route=\/wp\/v2\/users\/12"}],"replies":[{"embeddable":true,"href":"https:\/\/radiozapatista.org\/index.php?rest_route=%2Fwp%2Fv2%2Fcomments&post=34197"}],"version-history":[{"count":1,"href":"https:\/\/radiozapatista.org\/index.php?rest_route=\/wp\/v2\/posts\/34197\/revisions"}],"predecessor-version":[{"id":34199,"href":"https:\/\/radiozapatista.org\/index.php?rest_route=\/wp\/v2\/posts\/34197\/revisions\/34199"}],"wp:attachment":[{"href":"https:\/\/radiozapatista.org\/index.php?rest_route=%2Fwp%2Fv2%2Fmedia&parent=34197"}],"wp:term":[{"taxonomy":"category","embeddable":true,"href":"https:\/\/radiozapatista.org\/index.php?rest_route=%2Fwp%2Fv2%2Fcategories&post=34197"},{"taxonomy":"post_tag","embeddable":true,"href":"https:\/\/radiozapatista.org\/index.php?rest_route=%2Fwp%2Fv2%2Ftags&post=34197"}],"curies":[{"name":"wp","href":"https:\/\/api.w.org\/{rel}","templated":true}]}}