{"id":34192,"date":"2020-02-28T10:37:53","date_gmt":"2020-02-28T16:37:53","guid":{"rendered":"https:\/\/radiozapatista.org\/?p=34192"},"modified":"2021-09-15T13:02:28","modified_gmt":"2021-09-15T18:02:28","slug":"pronunciamiento-ante-el-secuestro-de-miembros-del-cni-en-chilon-chiapas-por-su-participacion-en-las-jornadas-samir-somos-todas-y-todos","status":"publish","type":"post","link":"https:\/\/radiozapatista.org\/?p=34192","title":{"rendered":"PRONUNCIAMIENTO ANTE EL SECUESTRO DE MIEMBROS DEL CNI EN CHIL\u00d3N, CHIAPAS, POR SU PARTICIPACI\u00d3N EN LAS \u00abJORNADAS SAMIR SOMOS TODAS Y TODOS\u00bb"},"content":{"rendered":"<p>26 de febrero 2020.<\/p>\n<p>Al pueblo de M\u00e9xico.<br \/>\nA las redes de resistencia y rebeld\u00eda.<br \/>\nA la Sexta Nacional e Internacional.<br \/>\nA los medios de comunicaci\u00f3n.<br \/>\nA los organismos de Derechos Humanos.<br \/>\nA las organizaciones en defensa del territorio y de la madre tierra.<\/p>\n<p>Por medio de este comunicado hacemos p\u00fablico que compa\u00f1eros y compa\u00f1eras de las comunidades de San Antonio Bulujib y Guaquitepec, municipio de Chil\u00f3n, Chiapas, pertenecientes al Congreso Nacional Ind\u00edgena (CNI), fueron violentados, reprimidos y secuestrados a las 17:00 horas del pasado 23 de febrero por las autoridades ejidales de San Antonio Bulujib pertenecientes a los grupos paramilitares de los llamados \u201cCHINCHULINES\u201d y \u201cORCAO\u201d, as\u00ed como por integrantes del partido MORENA en la regi\u00f3n; en REPRESALIA POR HABER PARTICIPADO EN LAS JORNADAS EN DEFENSA DEL TERRITORIO Y LA MADRE TIERRA \u201cSAMIR SOMOS TODAS Y TODOS\u201d convocadas por el Ej\u00e9rcito Zapatista de Liberaci\u00f3n Nacional y el CNI. Se trata de Mar\u00eda Cruz Espinoza, Juana P\u00e9rez Espinoza, Feliz L\u00f3pez P\u00e9rez, Mar\u00eda Cruz G\u00f3mez, Ana G\u00f3mez Hern\u00e1ndez, Alejandra G\u00f3mez, Mar\u00eda Luisa P\u00e9rez G\u00f3mez de 1 a\u00f1o de edad, Mar\u00eda del Rosario Mazariegos G\u00f3mez de 11 meses de edad, Manuel Cruz Espinoza, Juan G\u00f3mez N\u00fa\u00f1ez, Isidro P\u00e9rez Cruz, quienes fueron golpeados y secuestrados por haber colocado un letrero alusivo a las Jornadas \u201cSamir Somos Todas y Todos\u201d a la entrada del pueblo de San Antonio Bulujib.<\/p>\n<p>El d\u00eda 24 de febrero, hasta las 8:30 de la noche, despu\u00e9s de m\u00e1s de 24 horas de haber sido privados de su libertad, nuestros compa\u00f1eros y compa\u00f1eras miembros del CNI fueron liberad@s bajo condiciones: las autoridades de la comunidad de San Antonio Bulujib dijeron que si el grupo de CNI quer\u00edan que se arregle el problema pagaran una multa de quince rejas de refrescos y dos mil quinientos pesos, siendo amenazados para el caso de que no paguen la multa que impuso la autoridad y condicionando su permanencia en la comunidad a renunciar los once detenidos a ser integrantes de CNI. Asimismo, las autoridades ejidales indicaron que si nuestros compa\u00f1eros y compa\u00f1eras no pagan la multa para la tarde del domingo 01 de marzo de 2020, ser\u00e1n desalojados de sus tierras y casas, mismas que ser\u00e1n vendidas, y se les encerrar\u00e1 en la c\u00e1rcel del pueblo.<\/p>\n<p>Hacemos responsables a los tres niveles de gobierno y a los grupos paramilitares organizados en las comunidades, de lo que pueda ocurrirle a nuestras compa\u00f1eras y compa\u00f1eros, y espec\u00edficamente hacemos responsables al titular del ejecutivo federal, ANDR\u00c9S MANUEL L\u00d3PEZ OBRADOR, al titular del ejecutivo estatal de Chiapas, RUTILIO ESCAND\u00d3N, a la autoridad ejidal de San Antonio Bulujib, MIGUEL L\u00d3PEZ GUZM\u00c1N, al Consejo de Vigilancia, MATEO G\u00d3MEZ M\u00c9NDEZ, miembro de la organizaci\u00f3n ORCAO y CHINCHULINES, al Agente Auxiliar Municipal JUAN SILVANO MORENO, a su suplente MANUEL G\u00d3MEZ P\u00c9REZ, y a JOS\u00c9 P\u00c9REZ, supuesto l\u00edder de la ORCAO, promotor de paramilitares que se dedica a provocar e invadir tierras, cobijado por los malos gobiernos federal, estatal y municipal; quienes en nombre de una supuesta cuarta transformaci\u00f3n est\u00e1n atentando en contra de la seguridad y la vida de los once compa\u00f1eros y compa\u00f1eras arriba nombrados y dem\u00e1s familias del CNI.<\/p>\n<p>Llamamos a la SOLIDARIDAD Y APOYO HACIA NUESTROS HERMAN@S DEL CNI EN CHIL\u00d3N POR PARTE DE TODAS LAS COMUNIDADES, ORGANIZACIONES Y COLECTIVOS QUE SE ADHIRIERON A LAS JORNADAS EN DEFENSA DEL TERRITORIO Y LA MADRE TIERRA \u201cSAMIR SOMOS TODAS Y TODOS\u201d, en Chiapas, en M\u00e9xico y en el mundo.<\/p>\n<p style=\"text-align: center;\">Atentamente<\/p>\n<p style=\"text-align: center;\">A 26 de febrero de 2020<\/p>\n<p style=\"text-align: center;\">Por la Reconstituci\u00f3n Integral de Nuestros Pueblos<\/p>\n<p style=\"text-align: center;\">Nunca m\u00e1s un M\u00e9xico sin Nosotros<\/p>\n<p style=\"text-align: center;\">Congreso Nacional Ind\u00edgena<\/p>\n<p style=\"text-align: center;\">Concejo Ind\u00edgena de Gobierno<\/p>\n<p style=\"text-align: center;\">Ej\u00e9rcito Zapatista de Liberaci\u00f3n Nacional.<\/p>\n<p><\/p>","protected":false},"excerpt":{"rendered":"<p>26 de febrero 2020. Al pueblo de M\u00e9xico. A las redes de resistencia y rebeld\u00eda. A la Sexta Nacional e Internacional. A los medios de comunicaci\u00f3n. A los organismos de Derechos Humanos. A las organizaciones en defensa del territorio y de la madre tierra. Por medio de este comunicado hacemos p\u00fablico que compa\u00f1eros y compa\u00f1eras [&hellip;]<\/p>\n","protected":false},"author":12,"featured_media":33082,"comment_status":"open","ping_status":"closed","sticky":false,"template":"","format":"standard","meta":{"footnotes":""},"categories":[51,6,1024,943,118,956,959],"tags":[79,917,1151,63,36,926,567,260,23,87,148,483],"class_list":["post-34192","post","type-post","status-publish","format-standard","has-post-thumbnail","hentry","category-autor","category-chiapas","category-cni-temas","category-cni","category-ezln","category-sexta","category-migracion","tag-autonomia","tag-chiapas","tag-cig","tag-cni","tag-comunidades-zapatistas","tag-ezln","tag-megaproyectos","tag-orcao","tag-paramilitares","tag-represion","tag-resistencia","tag-tierra-y-territorio"],"_links":{"self":[{"href":"https:\/\/radiozapatista.org\/index.php?rest_route=\/wp\/v2\/posts\/34192","targetHints":{"allow":["GET"]}}],"collection":[{"href":"https:\/\/radiozapatista.org\/index.php?rest_route=\/wp\/v2\/posts"}],"about":[{"href":"https:\/\/radiozapatista.org\/index.php?rest_route=\/wp\/v2\/types\/post"}],"author":[{"embeddable":true,"href":"https:\/\/radiozapatista.org\/index.php?rest_route=\/wp\/v2\/users\/12"}],"replies":[{"embeddable":true,"href":"https:\/\/radiozapatista.org\/index.php?rest_route=%2Fwp%2Fv2%2Fcomments&post=34192"}],"version-history":[{"count":2,"href":"https:\/\/radiozapatista.org\/index.php?rest_route=\/wp\/v2\/posts\/34192\/revisions"}],"predecessor-version":[{"id":34222,"href":"https:\/\/radiozapatista.org\/index.php?rest_route=\/wp\/v2\/posts\/34192\/revisions\/34222"}],"wp:featuredmedia":[{"embeddable":true,"href":"https:\/\/radiozapatista.org\/index.php?rest_route=\/wp\/v2\/media\/33082"}],"wp:attachment":[{"href":"https:\/\/radiozapatista.org\/index.php?rest_route=%2Fwp%2Fv2%2Fmedia&parent=34192"}],"wp:term":[{"taxonomy":"category","embeddable":true,"href":"https:\/\/radiozapatista.org\/index.php?rest_route=%2Fwp%2Fv2%2Fcategories&post=34192"},{"taxonomy":"post_tag","embeddable":true,"href":"https:\/\/radiozapatista.org\/index.php?rest_route=%2Fwp%2Fv2%2Ftags&post=34192"}],"curies":[{"name":"wp","href":"https:\/\/api.w.org\/{rel}","templated":true}]}}