{"id":34102,"date":"2020-02-20T18:20:33","date_gmt":"2020-02-21T00:20:33","guid":{"rendered":"https:\/\/radiozapatista.org\/?p=34102"},"modified":"2020-02-25T11:23:51","modified_gmt":"2020-02-25T17:23:51","slug":"cni-cig-ezln-malos-gobiernos-y-empresas-normalizan-el-asesinato-de-nuestros-hermanos","status":"publish","type":"post","link":"https:\/\/radiozapatista.org\/?p=34102","title":{"rendered":"[:es]CNI-CIG EZLN: \u201cMalos gobiernos y empresas normalizan el asesinato de nuestros hermanos\u201d[:]"},"content":{"rendered":"<p>[:es]Chiapas, M\u00e9xico. 20 de febrero. \u201cNo a los megaproyectos de L\u00f3pez Obrador, en contra de nuestra vida y la vida de nuestra madre tierra\u201d, se lee este jueves en mantas de distintas comunidades zapatistas en la geograf\u00eda chiapaneca, en el marco de la jornada nacional e internacional en \u201cDefensa del Territorio y la Madre Tierra, por justicia para nuestr@s muert@s, nuestr@s desaparecid@s, nuestr@s pres@s y en contra de los megaproyectos de muerte. \u201cSAMIR SOMOS TODAS Y TODOS\u201d, convocada por el congreso Nacional Ind\u00edgena (CNI), el Concejo Ind\u00edgena de Gobierno (CIG) y el EZLN.<\/p>\n<p><a href=\"https:\/\/radiozapatista.org\/wp-content\/uploads\/2020\/02\/WhatsApp-Image-2020-02-20-at-09.34.08-1024x768.jpeg\"><img loading=\"lazy\" decoding=\"async\" class=\"alignnone wp-image-34104\" src=\"https:\/\/radiozapatista.org\/wp-content\/uploads\/2020\/02\/WhatsApp-Image-2020-02-20-at-09.34.08-1024x768.jpeg\" alt=\"\" width=\"1164\" height=\"873\" srcset=\"https:\/\/radiozapatista.org\/wp-content\/uploads\/2020\/02\/WhatsApp-Image-2020-02-20-at-09.34.08-1024x768.jpeg 1024w, https:\/\/radiozapatista.org\/wp-content\/uploads\/2020\/02\/WhatsApp-Image-2020-02-20-at-09.34.08-1024x768-350x263.jpeg 350w, https:\/\/radiozapatista.org\/wp-content\/uploads\/2020\/02\/WhatsApp-Image-2020-02-20-at-09.34.08-1024x768-768x576.jpeg 768w\" sizes=\"auto, (max-width: 1164px) 100vw, 1164px\" \/><\/a><\/p>\n<p><!--more--><\/p>\n<p><a href=\"https:\/\/radiozapatista.org\/wp-content\/uploads\/2020\/02\/3-912x1024.jpeg\"><img loading=\"lazy\" decoding=\"async\" class=\"alignnone wp-image-34105\" src=\"https:\/\/radiozapatista.org\/wp-content\/uploads\/2020\/02\/3-912x1024.jpeg\" alt=\"\" width=\"1168\" height=\"1312\" srcset=\"https:\/\/radiozapatista.org\/wp-content\/uploads\/2020\/02\/3-912x1024.jpeg 912w, https:\/\/radiozapatista.org\/wp-content\/uploads\/2020\/02\/3-912x1024-267x300.jpeg 267w, https:\/\/radiozapatista.org\/wp-content\/uploads\/2020\/02\/3-912x1024-768x862.jpeg 768w\" sizes=\"auto, (max-width: 1168px) 100vw, 1168px\" \/><\/a><\/p>\n<p>\u201cHoy m\u00e1s que nunca el capitalismo se crece sobre la guerra y el despojo de todas las formas de vida. Los malos gobiernos y las grandes empresas capitalistas, con nombre y apellido cada uno de ellos, pretenden invisibilizar nuestras luchas en defensa del territorio y la madre tierra, normalizando incluso el asesinato de nuestros hermanos que los defienden\u201d, expresaban las comunidades ind\u00edgenas convocantes el pasado mes de enero, al mismo tiempo que exig\u00edan justicia por los asesinatos de los luchadores sociales asesinados: Samir Flores Soberanes del pueblo nahua de Amilcingo, Morelos, Juli\u00e1n Cort\u00e9s Flores, del pueblo mephaa de la Casa de Justicia de San Luis Acatl\u00e1n, Guerrero. Ignacio P\u00e9rez Gir\u00f3n, del pueblo tzotzil del municipio de Aldama, Chiapas. Jos\u00e9 Lucio Bartolo Faustino, Modesto Verales Sebasti\u00e1n, Bartolo Hilario Morales, e Isa\u00edas Xanteco Ahuejote del pueblo nahua organizado con el Concejo Ind\u00edgena y Popular de Guerrero \u2013 Emiliano Zapata (CIPOG \u2013 EZ). Juan Monroy y Jos\u00e9 Luis Rosales, del pueblo nahua de Ayotitl\u00e1n, Jalisco. Feliciano Corona Cirino, del pueblo nahua de Santa Mar\u00eda Ostula, Michoac\u00e1n y Josu\u00e9 Bernardo Marcial Campo, tambi\u00e9n conocido como T\u00edoBad, del pueblo popoluca de Veracruz.<\/p>\n<p><a href=\"https:\/\/radiozapatista.org\/wp-content\/uploads\/2020\/02\/5-1024x768.jpeg\"><img loading=\"lazy\" decoding=\"async\" class=\"alignnone wp-image-34106\" src=\"https:\/\/radiozapatista.org\/wp-content\/uploads\/2020\/02\/5-1024x768.jpeg\" alt=\"\" width=\"1166\" height=\"874\" srcset=\"https:\/\/radiozapatista.org\/wp-content\/uploads\/2020\/02\/5-1024x768.jpeg 1024w, https:\/\/radiozapatista.org\/wp-content\/uploads\/2020\/02\/5-1024x768-350x263.jpeg 350w, https:\/\/radiozapatista.org\/wp-content\/uploads\/2020\/02\/5-1024x768-768x576.jpeg 768w\" sizes=\"auto, (max-width: 1166px) 100vw, 1166px\" \/><\/a> <a href=\"https:\/\/radiozapatista.org\/wp-content\/uploads\/2020\/02\/WhatsApp-Image-2020-02-20-at-09.20.20.jpeg\"><img loading=\"lazy\" decoding=\"async\" class=\"alignnone wp-image-34107\" src=\"https:\/\/radiozapatista.org\/wp-content\/uploads\/2020\/02\/WhatsApp-Image-2020-02-20-at-09.20.20.jpeg\" alt=\"\" width=\"1211\" height=\"908\" srcset=\"https:\/\/radiozapatista.org\/wp-content\/uploads\/2020\/02\/WhatsApp-Image-2020-02-20-at-09.20.20.jpeg 1024w, https:\/\/radiozapatista.org\/wp-content\/uploads\/2020\/02\/WhatsApp-Image-2020-02-20-at-09.20.20-350x263.jpeg 350w, https:\/\/radiozapatista.org\/wp-content\/uploads\/2020\/02\/WhatsApp-Image-2020-02-20-at-09.20.20-768x576.jpeg 768w\" sizes=\"auto, (max-width: 1211px) 100vw, 1211px\" \/><\/a><\/p>\n<p>\u201cNuestros compa\u00f1eros fueron asesinados por oponerse a la guerra con la que el mal gobierno pretende hacerse de nuestras tierras, montes y aguas, para consolidar el despojo que amenaza la existencia de la humanidad. Asimismo nos duele la desaparici\u00f3n forzada de nuestro hermano Sergio Rivera Hern\u00e1ndez, nahua de la Sierra Negra, Puebla, defensor del territorio y la madre tierra\u201d, abundaban las y los ind\u00edgenas en resistencia.<\/p>\n<p>\u201cEl capitalismo, en su actual etapa neoliberal, asume formas cada vez m\u00e1s monstruosas, declarando una franca guerra en contra de la humanidad y en contra de la tierra, nuestra madre. El actual desarrollo econ\u00f3mico, basado a escala planetaria en la prominencia del capital financiero que domina pueblos, naciones y continentes enteros; apoyado en la gran industria militar y extractivista; creci\u00e9ndose mediante guerras reales o ficticias, la profusi\u00f3n del crimen organizado, as\u00ed como invasiones y golpes de Estado, est\u00e1 llevando, en su insaciable l\u00f3gica de la acumulaci\u00f3n y el consumo capitalistas, a un cambio clim\u00e1tico irreversible y a un l\u00edmite que pone en peligro las condiciones de la vida humana en el planeta\u201d, denunciaban las comunidades organizadas.<\/p>\n<p><a href=\"https:\/\/radiozapatista.org\/wp-content\/uploads\/2020\/02\/WhatsApp-Image-2020-02-20-at-10.09.29-1024x576.jpeg\"><img loading=\"lazy\" decoding=\"async\" class=\"alignnone wp-image-34108\" src=\"https:\/\/radiozapatista.org\/wp-content\/uploads\/2020\/02\/WhatsApp-Image-2020-02-20-at-10.09.29-1024x576.jpeg\" alt=\"\" width=\"1170\" height=\"658\" srcset=\"https:\/\/radiozapatista.org\/wp-content\/uploads\/2020\/02\/WhatsApp-Image-2020-02-20-at-10.09.29-1024x576.jpeg 1024w, https:\/\/radiozapatista.org\/wp-content\/uploads\/2020\/02\/WhatsApp-Image-2020-02-20-at-10.09.29-1024x576-350x197.jpeg 350w, https:\/\/radiozapatista.org\/wp-content\/uploads\/2020\/02\/WhatsApp-Image-2020-02-20-at-10.09.29-1024x576-768x432.jpeg 768w\" sizes=\"auto, (max-width: 1170px) 100vw, 1170px\" \/><\/a><\/p>\n<p>\u201cAdem\u00e1s, el actual sistema, con su organizaci\u00f3n patriarcal heredada de sistemas y civilizaciones anteriores, pero, profundizada en los \u00faltimos siglos, se exhibe como un violento enemigo, no s\u00f3lo de la humanidad, sino particularmente de las mujeres y de nuestra madre tierra. Es decir, la explotaci\u00f3n y la profunda violencia estructural hacia las mujeres es propia del capitalismo aunque naci\u00f3 mucho antes; la propiedad privada capitalista, base de este sistema, no puede explicarse ni entenderse sino como parte de un sistema patriarcal de dominaci\u00f3n sobre las mujeres y sobre la tierra\u201d, argumentaba el CNI_CIG y el EZLN.<\/p>\n<p><a href=\"https:\/\/radiozapatista.org\/wp-content\/uploads\/2020\/02\/IMG_1306-1024x768.jpg\"><img loading=\"lazy\" decoding=\"async\" class=\"alignnone wp-image-34109\" src=\"https:\/\/radiozapatista.org\/wp-content\/uploads\/2020\/02\/IMG_1306-1024x768.jpg\" alt=\"\" width=\"1164\" height=\"873\" srcset=\"https:\/\/radiozapatista.org\/wp-content\/uploads\/2020\/02\/IMG_1306-1024x768.jpg 1024w, https:\/\/radiozapatista.org\/wp-content\/uploads\/2020\/02\/IMG_1306-1024x768-350x263.jpg 350w, https:\/\/radiozapatista.org\/wp-content\/uploads\/2020\/02\/IMG_1306-1024x768-768x576.jpg 768w\" sizes=\"auto, (max-width: 1164px) 100vw, 1164px\" \/><\/a><\/p>\n<p>&nbsp;<\/p>\n<p>\u201cEn M\u00e9xico, la aceleraci\u00f3n de la actividad minera y en la extracci\u00f3n y conducci\u00f3n de hidrocarburos, la creaci\u00f3n de la Guardia Nacional en la l\u00f3gica de la Iniciativa M\u00e9rida y el impulso, a costa de lo que sea, de los grandes megaproyectos (Corredor Trans\u00edsmico Salina Cruz-Coatzacoalcos, Tren Maya y Proyecto Integral Morelos, Nuevo aeropuerto internacional de la ciudad de M\u00e9xico) que pretenden reordenar los territorios, las poblaciones y las fronteras de norte y centroam\u00e9rica en una l\u00f3gica de despojo y explotaci\u00f3n capitalista, vuelven urgente la defensa de la vida humana, la defensa de los territorios de nuestros pueblos y la defensa de la tierra en una perspectiva claramente anticapitalista y antipatriarcal\u201d, declararon las y los rebeldes mexicanos.<\/p>\n<p>La jornada de protestas llevan el nombre del luchador social Samir Flores Soberanes, quien fue asesinado a balazos el 20 de febrero de 2019 en Amilcingo, Morelos, por oponerse al Proyecto Integral Morelos. Desde entonces su muerte sigue impune, han denunciado sus familiares y compa\u00f1er@s.<\/p>\n<p><a href=\"https:\/\/radiozapatista.org\/wp-content\/uploads\/2020\/02\/ff45c56b-905b-42d1-8b36-dc7e0fcf4f86-1024x681.jpeg\"><img loading=\"lazy\" decoding=\"async\" class=\"alignnone wp-image-34110\" src=\"https:\/\/radiozapatista.org\/wp-content\/uploads\/2020\/02\/ff45c56b-905b-42d1-8b36-dc7e0fcf4f86-1024x681.jpeg\" alt=\"\" width=\"1173\" height=\"780\" srcset=\"https:\/\/radiozapatista.org\/wp-content\/uploads\/2020\/02\/ff45c56b-905b-42d1-8b36-dc7e0fcf4f86-1024x681.jpeg 1024w, https:\/\/radiozapatista.org\/wp-content\/uploads\/2020\/02\/ff45c56b-905b-42d1-8b36-dc7e0fcf4f86-1024x681-350x233.jpeg 350w, https:\/\/radiozapatista.org\/wp-content\/uploads\/2020\/02\/ff45c56b-905b-42d1-8b36-dc7e0fcf4f86-1024x681-768x511.jpeg 768w, https:\/\/radiozapatista.org\/wp-content\/uploads\/2020\/02\/ff45c56b-905b-42d1-8b36-dc7e0fcf4f86-1024x681-700x466.jpeg 700w\" sizes=\"auto, (max-width: 1173px) 100vw, 1173px\" \/><\/a><\/p>\n<p>Para este jueves y viernes tambi\u00e9n se tienen contempladas actividades en Puebla, CDMX, Morelos, Baja California, Hidalgo, Estado de M\u00e9xico, Yucat\u00e1n, Veracruz, Oaxaca, San Luis Potos\u00ed, Jalisco, Chiapas, Quintana Roo, Michoac\u00e1n, Quer\u00e9taro, Coahuila, Colima, Guerrero, Zacatecas, Aguascalientes; y a nivel internacional en B\u00e9lgica, EUA, Brasil, Guatemala, Canad\u00e1, Grecia, Dinamarca.<\/p>\n<p><a href=\"https:\/\/radiozapatista.org\/wp-content\/uploads\/2020\/02\/WhatsApp-Image-2020-02-20-at-09.55.09.jpeg\"><img loading=\"lazy\" decoding=\"async\" class=\"alignnone wp-image-34111\" src=\"https:\/\/radiozapatista.org\/wp-content\/uploads\/2020\/02\/WhatsApp-Image-2020-02-20-at-09.55.09.jpeg\" alt=\"\" width=\"1161\" height=\"871\" srcset=\"https:\/\/radiozapatista.org\/wp-content\/uploads\/2020\/02\/WhatsApp-Image-2020-02-20-at-09.55.09.jpeg 1024w, https:\/\/radiozapatista.org\/wp-content\/uploads\/2020\/02\/WhatsApp-Image-2020-02-20-at-09.55.09-350x263.jpeg 350w, https:\/\/radiozapatista.org\/wp-content\/uploads\/2020\/02\/WhatsApp-Image-2020-02-20-at-09.55.09-768x576.jpeg 768w\" sizes=\"auto, (max-width: 1161px) 100vw, 1161px\" \/><\/a><\/p>\n<p>&nbsp;<\/p>\n<p>&nbsp;<\/p>\n<p>FOTOS: <a href=\"http:\/\/enlacezapatista.ezln.org.mx\/2020\/02\/20\/imagenes-de-la-movilizacion-zapatista-iniciada-la-madrugada-de-este-20-de-febrero-en-defensa-del-territorio-y-la-madre-tierra-por-justicia-para-nuestrs-muerts-nuestrs-desaparecids-nuestrs-pres\/?fbclid=IwAR2AyLaOrmjIEqS22gRP1wDvSqAe1EqD3-Ov6cHMe0yvJ-x6ZyqtQgKIBzA\" target=\"_blank\" rel=\"noopener\">http:\/\/enlacezapatista.ezln.org.mx\/2020\/02\/20\/imagenes-de-la-movilizacion-zapatista-iniciada-la-madrugada-de-este-20-de-febrero-en-defensa-del-territorio-y-la-madre-tierra-por-justicia-para-nuestrs-muerts-nuestrs-desaparecids-nuestrs-pres\/?fbclid=IwAR2AyLaOrmjIEqS22gRP1wDvSqAe1EqD3-Ov6cHMe0yvJ-x6ZyqtQgKIBzA<\/a><\/p>\n<p>INFORME DE ACTIVIDADES: <a href=\"http:\/\/enlacezapatista.ezln.org.mx\/2020\/02\/20\/imagenes-de-la-movilizacion-zapatista-iniciada-la-madrugada-de-este-20-de-febrero-en-defensa-del-territorio-y-la-madre-tierra-por-justicia-para-nuestrs-muerts-nuestrs-desaparecids-nuestrs-pres\/?fbclid=IwAR2AyLaOrmjIEqS22gRP1wDvSqAe1EqD3-Ov6cHMe0yvJ-x6ZyqtQgKIBzA\" target=\"_blank\" rel=\"noopener\">http:\/\/enlacezapatista.ezln.org.mx\/2020\/02\/20\/imagenes-de-la-movilizacion-zapatista-iniciada-la-madrugada-de-este-20-de-febrero-en-defensa-del-territorio-y-la-madre-tierra-por-justicia-para-nuestrs-muerts-nuestrs-desaparecids-nuestrs-pres\/?fbclid=IwAR2AyLaOrmjIEqS22gRP1wDvSqAe1EqD3-Ov6cHMe0yvJ-x6ZyqtQgKIBzA<\/a>[:]<\/p>\n","protected":false},"excerpt":{"rendered":"<p>[:es]Chiapas, M\u00e9xico. 20 de febrero. \u201cNo a los megaproyectos de L\u00f3pez Obrador, en contra de nuestra vida y la vida de nuestra madre tierra\u201d, se lee este jueves en mantas de distintas comunidades zapatistas en la geograf\u00eda chiapaneca, en el marco de la jornada nacional e internacional en \u201cDefensa del Territorio y la Madre Tierra, [&hellip;]<\/p>\n","protected":false},"author":12,"featured_media":34103,"comment_status":"open","ping_status":"closed","sticky":false,"template":"","format":"standard","meta":{"footnotes":""},"categories":[957,51,1024,1095,955,826,958,954,196],"tags":[1268,917,1151,63,36,926,1293,567,545,87,148,483],"class_list":["post-34102","post","type-post","status-publish","format-standard","has-post-thumbnail","hentry","category-autonomia","category-autor","category-cni-temas","category-concejo-indigena-de-gobierno","category-ezln-temas","category-medios-libres-2","category-megaproyectos","category-mexico","category-radio-pozol","tag-samirvivelaluchasigue","tag-chiapas","tag-cig","tag-cni","tag-comunidades-zapatistas","tag-ezln","tag-jornada-samir-somos-todxs","tag-megaproyectos","tag-pueblos-indigenas","tag-represion","tag-resistencia","tag-tierra-y-territorio"],"_links":{"self":[{"href":"https:\/\/radiozapatista.org\/index.php?rest_route=\/wp\/v2\/posts\/34102","targetHints":{"allow":["GET"]}}],"collection":[{"href":"https:\/\/radiozapatista.org\/index.php?rest_route=\/wp\/v2\/posts"}],"about":[{"href":"https:\/\/radiozapatista.org\/index.php?rest_route=\/wp\/v2\/types\/post"}],"author":[{"embeddable":true,"href":"https:\/\/radiozapatista.org\/index.php?rest_route=\/wp\/v2\/users\/12"}],"replies":[{"embeddable":true,"href":"https:\/\/radiozapatista.org\/index.php?rest_route=%2Fwp%2Fv2%2Fcomments&post=34102"}],"version-history":[{"count":3,"href":"https:\/\/radiozapatista.org\/index.php?rest_route=\/wp\/v2\/posts\/34102\/revisions"}],"predecessor-version":[{"id":34168,"href":"https:\/\/radiozapatista.org\/index.php?rest_route=\/wp\/v2\/posts\/34102\/revisions\/34168"}],"wp:featuredmedia":[{"embeddable":true,"href":"https:\/\/radiozapatista.org\/index.php?rest_route=\/wp\/v2\/media\/34103"}],"wp:attachment":[{"href":"https:\/\/radiozapatista.org\/index.php?rest_route=%2Fwp%2Fv2%2Fmedia&parent=34102"}],"wp:term":[{"taxonomy":"category","embeddable":true,"href":"https:\/\/radiozapatista.org\/index.php?rest_route=%2Fwp%2Fv2%2Fcategories&post=34102"},{"taxonomy":"post_tag","embeddable":true,"href":"https:\/\/radiozapatista.org\/index.php?rest_route=%2Fwp%2Fv2%2Ftags&post=34102"}],"curies":[{"name":"wp","href":"https:\/\/api.w.org\/{rel}","templated":true}]}}