{"id":34079,"date":"2020-02-17T09:41:21","date_gmt":"2020-02-17T15:41:21","guid":{"rendered":"https:\/\/radiozapatista.org\/?p=34079"},"modified":"2020-02-25T11:10:02","modified_gmt":"2020-02-25T17:10:02","slug":"el-rincon-zapatista-guadalajara-invita-a-las-jornadas-en-defensa-del-territorio-y-la-madre-tierra","status":"publish","type":"post","link":"https:\/\/radiozapatista.org\/?p=34079","title":{"rendered":"[:es]El Rinc\u00f3n Zapatista Guadalajara invita a las Jornadas en Defensa del Territorio y la Madre Tierra[:]"},"content":{"rendered":"<p>[:es]<a href=\"https:\/\/radiozapatista.org\/wp-content\/uploads\/2020\/02\/guadalajara-1-768x1024.jpg\"><img loading=\"lazy\" decoding=\"async\" class=\"alignnone size-full wp-image-34080\" src=\"https:\/\/radiozapatista.org\/wp-content\/uploads\/2020\/02\/guadalajara-1-768x1024.jpg\" alt=\"\" width=\"768\" height=\"1024\" srcset=\"https:\/\/radiozapatista.org\/wp-content\/uploads\/2020\/02\/guadalajara-1-768x1024.jpg 768w, https:\/\/radiozapatista.org\/wp-content\/uploads\/2020\/02\/guadalajara-1-768x1024-225x300.jpg 225w\" sizes=\"auto, (max-width: 768px) 100vw, 768px\" \/><\/a><\/p>\n<p>&nbsp;<\/p>\n<p>Jornadas en Defensa del Territorio y la Madre Tierra, Jalisco<br \/>\nSamir Somos Todas y Todos<\/p>\n<p>Viernes 21 de febrero<br \/>\n11:00 a 19:00 \u2013 Foro por la Defensa de la Vida y los Territorios en Jalisco<br \/>\n19:00 a 21:00 \u2013 Talleres art\u00edsticos de pintura, escritura, m\u00fasica, danza; creaci\u00f3n colectiva de material para denuncia.<\/p>\n<p>S\u00e1bado 22 de febrero<br \/>\n17:00 a 19:00 \u2013 Continuaci\u00f3n de talleres art\u00edsticos de pintura, escritura, m\u00fasica, danza; creaci\u00f3n colectiva de material para denuncia.<\/p>\n<p>Rinc\u00f3n Zapatista Guadalajara<br \/>\nSanta M\u00f3nica #310<br \/>\nEntre Angulo y Garibaldi<br \/>\nCol. Centro[:]<\/p>\n","protected":false},"excerpt":{"rendered":"<p>[:es] &nbsp; Jornadas en Defensa del Territorio y la Madre Tierra, Jalisco Samir Somos Todas y Todos Viernes 21 de febrero 11:00 a 19:00 \u2013 Foro por la Defensa de la Vida y los Territorios en Jalisco 19:00 a 21:00 \u2013 Talleres art\u00edsticos de pintura, escritura, m\u00fasica, danza; creaci\u00f3n colectiva de material para denuncia. S\u00e1bado [&hellip;]<\/p>\n","protected":false},"author":12,"featured_media":0,"comment_status":"open","ping_status":"closed","sticky":false,"template":"","format":"standard","meta":{"footnotes":""},"categories":[51,1024,1095,958,954,183],"tags":[1293,545,148,483],"class_list":["post-34079","post","type-post","status-publish","format-standard","hentry","category-autor","category-cni-temas","category-concejo-indigena-de-gobierno","category-megaproyectos","category-mexico","category-blog","tag-jornada-samir-somos-todxs","tag-pueblos-indigenas","tag-resistencia","tag-tierra-y-territorio"],"_links":{"self":[{"href":"https:\/\/radiozapatista.org\/index.php?rest_route=\/wp\/v2\/posts\/34079","targetHints":{"allow":["GET"]}}],"collection":[{"href":"https:\/\/radiozapatista.org\/index.php?rest_route=\/wp\/v2\/posts"}],"about":[{"href":"https:\/\/radiozapatista.org\/index.php?rest_route=\/wp\/v2\/types\/post"}],"author":[{"embeddable":true,"href":"https:\/\/radiozapatista.org\/index.php?rest_route=\/wp\/v2\/users\/12"}],"replies":[{"embeddable":true,"href":"https:\/\/radiozapatista.org\/index.php?rest_route=%2Fwp%2Fv2%2Fcomments&post=34079"}],"version-history":[{"count":1,"href":"https:\/\/radiozapatista.org\/index.php?rest_route=\/wp\/v2\/posts\/34079\/revisions"}],"predecessor-version":[{"id":34081,"href":"https:\/\/radiozapatista.org\/index.php?rest_route=\/wp\/v2\/posts\/34079\/revisions\/34081"}],"wp:attachment":[{"href":"https:\/\/radiozapatista.org\/index.php?rest_route=%2Fwp%2Fv2%2Fmedia&parent=34079"}],"wp:term":[{"taxonomy":"category","embeddable":true,"href":"https:\/\/radiozapatista.org\/index.php?rest_route=%2Fwp%2Fv2%2Fcategories&post=34079"},{"taxonomy":"post_tag","embeddable":true,"href":"https:\/\/radiozapatista.org\/index.php?rest_route=%2Fwp%2Fv2%2Ftags&post=34079"}],"curies":[{"name":"wp","href":"https:\/\/api.w.org\/{rel}","templated":true}]}}