{"id":3395,"date":"2011-06-25T20:40:32","date_gmt":"2011-06-26T01:40:32","guid":{"rendered":"https:\/\/radiozapatista.org\/?p=3395"},"modified":"2021-09-15T12:54:48","modified_gmt":"2021-09-15T17:54:48","slug":"jbg-morelia-fueron-liberados-los-companeros-secuestrados-por-la-orcao-y-se-denunica-su-estrategia-paramilitar","status":"publish","type":"post","link":"https:\/\/radiozapatista.org\/?p=3395","title":{"rendered":"JBG Morelia: fueron liberados los compa\u00f1eros secuestrados por la ORCAO y se denunica su estrategia paramilitar"},"content":{"rendered":"<p>Fuente: <a href=\"http:\/\/chiapas.indymedia.org\" target=\"_blank\">chiapas.indymedia.org<\/a><\/p>\n<p>La JBG informa de la liberaci\u00f3n de los compa\u00f1eros Antonio y Pablo, que el pasado martes fueron secuestrados por integrantes de la ORCAO. Denuncian los malos tratos a los que fueron sometidos los compa\u00f1eros; impidiendo tambi\u00e9n que el Frayba pudiera ver el estado en que se encontraban. Con este secuestro la ORCAO trat\u00f3 de obligar a \u201cdialogar\u201d a la JBG de Morelia.<\/p>\n<p>La junta explica en la denuncia la estrategia paramilitar de la ORCAO, entre otras cosas dice \u201cvemos que hay un buen equipo de hostigadores para nuestros compa\u00f1eros, empezando con cachorrillos locales de la ORCAO, cachorrillos regionales de la ORCAO plenamente identificados que ya hicimos menci\u00f3n sus nombres de nuestra denuncia anterior, y est\u00e1n obedeciendo lo que dicen los cachorros generales, coordinadores hostigadores de nuestros derechos por no compartir sus ma\u00f1as que est\u00e1n haciendo en nuestro pa\u00eds y esos coordinadores generales se llaman Felipe Calder\u00f3n y Juan Sabines.<\/p>\n<p>Los d\u00edas 21 y 22 junio de 2011, estos d\u00edas fueron presionados por el agente auxiliar el se\u00f1or Antonio G\u00f3mez Ju\u00e1rez que liberaban si cumplen dar sus multas de $ 7000 a cada uno de ellos con sus argumentos que dicha cantidad servir\u00e1 para cubrir los gastos que hicieron de su traslado a Patria Nueva, y nuestro compa\u00f1ero siempre mantuvo una postura de no pagar nada porque no tiene ning\u00fan delito.<br \/>\n\tEn la ma\u00f1ana del d\u00eda 23 de junio de 2011, en la reuni\u00f3n de los representantes de la ORCAO les pidieron si puede explicar de c\u00f3mo empez\u00f3 el problema actual; \u00e9l escuch\u00f3 y dio su explicaci\u00f3n de c\u00f3mo fue golpeado, que cosas les robaron como: ma\u00edz, frijol, ca\u00f1as, 2 rollos de alambra, materiales para el trabajo en el campo, cobijas, mochilas y la casa que les quemaron.<\/p>\n<p>Cumpli\u00f3 dar su explicaci\u00f3n pero lo que se dio cuenta nuestro compa\u00f1ero, es que mucho de ellos que milita ORCAO es que estaban enga\u00f1ados, ni estaban informados de los motivos del enfrentamiento.<br \/>\nAhora nos dimos cuenta que el que escond\u00eda informaci\u00f3n verdadera, provocador y manipulador de la gente ind\u00edgena es el se\u00f1or Crist\u00f3bal L\u00f3pez G\u00f3mez alias (sadam).\u201d<br \/>\nCrist\u00f3bal L\u00f3pez G\u00f3mez el (SADAM), dice la junta, \u201dsiempre estuvo convenciendo a su gente que van a hacer lo que les da en gana, para animar a su gente, porque los zapatistas ya no existen, coincidiendo como estuvo diciendo Felipe Calder\u00f3n y Juan Sabines que nosotros los zapatistas ya no existimos.<\/p>\n<p>Despu\u00e9s de tener retenidos a Antonio y Pablo, los liberaron el 23 de junio en la ma\u00f1ana, despu\u00e9s de obligarlos a firmar un documento, esperando la ORCAO una reuni\u00f3n con la JBG en el lugar donde fueron quemadas sus casas y saqueadas sus cosas.<\/p>\n<p>Los compa\u00f1eros ya est\u00e1n construyendo otras casas, \u201ccon orgullo decimos que estamos construyendo nuevas casas muy humildes en el lugar pero no limosneando.\u201d<\/p>\n<p><a href=\"http:\/\/enlacezapatista.ezln.org.mx\/2011\/06\/24\/de-nueva-cuenta-la-jbg-corazon-del-arco-iris-de-la-esperanza-caracol-iv-denuncia-a-la-orcao-como-paramilitar\/?utm_source=feedburner&#038;utm_medium=email&#038;utm_campaign=Feed%3A+EnlaceZapatista+%28Enlace+Zapatista%29\" target=\"_blank\">Denuncia completa aqu\u00ed<\/a>.<\/p>","protected":false},"excerpt":{"rendered":"<p>Fuente: chiapas.indymedia.org La JBG informa de la liberaci\u00f3n de los compa\u00f1eros Antonio y Pablo, que el pasado martes fueron secuestrados por integrantes de la ORCAO. Denuncian los malos tratos a los que fueron sometidos los compa\u00f1eros; impidiendo tambi\u00e9n que el Frayba pudiera ver el estado en que se encontraban. Con este secuestro la ORCAO trat\u00f3 [&hellip;]<\/p>\n","protected":false},"author":1,"featured_media":0,"comment_status":"open","ping_status":"open","sticky":false,"template":"","format":"standard","meta":{"footnotes":""},"categories":[183],"tags":[154,153,260,23],"class_list":["post-3395","post","type-post","status-publish","format-standard","hentry","category-blog","tag-jbg","tag-morelia","tag-orcao","tag-paramilitares"],"_links":{"self":[{"href":"https:\/\/radiozapatista.org\/index.php?rest_route=\/wp\/v2\/posts\/3395","targetHints":{"allow":["GET"]}}],"collection":[{"href":"https:\/\/radiozapatista.org\/index.php?rest_route=\/wp\/v2\/posts"}],"about":[{"href":"https:\/\/radiozapatista.org\/index.php?rest_route=\/wp\/v2\/types\/post"}],"author":[{"embeddable":true,"href":"https:\/\/radiozapatista.org\/index.php?rest_route=\/wp\/v2\/users\/1"}],"replies":[{"embeddable":true,"href":"https:\/\/radiozapatista.org\/index.php?rest_route=%2Fwp%2Fv2%2Fcomments&post=3395"}],"version-history":[{"count":1,"href":"https:\/\/radiozapatista.org\/index.php?rest_route=\/wp\/v2\/posts\/3395\/revisions"}],"predecessor-version":[{"id":39468,"href":"https:\/\/radiozapatista.org\/index.php?rest_route=\/wp\/v2\/posts\/3395\/revisions\/39468"}],"wp:attachment":[{"href":"https:\/\/radiozapatista.org\/index.php?rest_route=%2Fwp%2Fv2%2Fmedia&parent=3395"}],"wp:term":[{"taxonomy":"category","embeddable":true,"href":"https:\/\/radiozapatista.org\/index.php?rest_route=%2Fwp%2Fv2%2Fcategories&post=3395"},{"taxonomy":"post_tag","embeddable":true,"href":"https:\/\/radiozapatista.org\/index.php?rest_route=%2Fwp%2Fv2%2Ftags&post=3395"}],"curies":[{"name":"wp","href":"https:\/\/api.w.org\/{rel}","templated":true}]}}