{"id":33779,"date":"2020-01-25T06:58:34","date_gmt":"2020-01-25T12:58:34","guid":{"rendered":"https:\/\/radiozapatista.org\/?p=33779"},"modified":"2020-01-25T06:59:23","modified_gmt":"2020-01-25T12:59:23","slug":"anuncian-campamento-climatico-en-argentina-7-a-10-de-febrero","status":"publish","type":"post","link":"https:\/\/radiozapatista.org\/?p=33779","title":{"rendered":"Anuncian campamento clim\u00e1tico en territorio Mapuche (7 a 10 de febrero)"},"content":{"rendered":"<p><\/p>\n<p style=\"text-align: center;\"><a href=\"https:\/\/radiozapatista.org\/wp-content\/uploads\/2020\/01\/719cd657-effe-49f8-9202-c01bafd9605d.jpg\"><img loading=\"lazy\" decoding=\"async\" class=\"aligncenter size-full wp-image-33780\" src=\"https:\/\/radiozapatista.org\/wp-content\/uploads\/2020\/01\/719cd657-effe-49f8-9202-c01bafd9605d.jpg\" alt=\"\" width=\"960\" height=\"960\" srcset=\"https:\/\/radiozapatista.org\/wp-content\/uploads\/2020\/01\/719cd657-effe-49f8-9202-c01bafd9605d.jpg 960w, https:\/\/radiozapatista.org\/wp-content\/uploads\/2020\/01\/719cd657-effe-49f8-9202-c01bafd9605d-150x150.jpg 150w, https:\/\/radiozapatista.org\/wp-content\/uploads\/2020\/01\/719cd657-effe-49f8-9202-c01bafd9605d-300x300.jpg 300w, https:\/\/radiozapatista.org\/wp-content\/uploads\/2020\/01\/719cd657-effe-49f8-9202-c01bafd9605d-768x768.jpg 768w\" sizes=\"auto, (max-width: 960px) 100vw, 960px\" \/><\/a><\/p>\n<p style=\"text-align: center;\"><b><a href=\"https:\/\/puebloscontraelterricidio.org\">Click aqu\u00ed para m\u00e1s informaci\u00f3n e inscripciones<\/a><\/b><\/p>\n<table width=\"100%\">\n<tbody>\n<tr>\n<td>\n<table width=\"100%\">\n<tbody>\n<tr>\n<td>\n<table width=\"100%\">\n<tbody>\n<tr>\n<td>\n<table width=\"100%\">\n<tbody>\n<tr>\n<td>\n<h3>Campamento Clim\u00e1tico: Los pueblos contra el<br \/>\n#Terricidio, en defensa de la vida y los territorios.<\/h3>\n<p>Desde el Movimiento de Mujeres Ind\u00edgenas por el Buen Vivir queremos convocarles al <strong>Campamento Clim\u00e1tico: Los pueblos contra el #Terricidio<\/strong>, en defensa de la vida y los territorios.<\/p>\n<p>Del <strong>7 al 10 de febrero <\/strong>de 2020 en el <strong>Lof Mapuche Pill\u00e1n Mahuiza, Chubut, Argentina.<\/strong><br \/>\nEn el contexto de crisis global, el cambio clim\u00e1tico es un aspecto de preocupaci\u00f3n fundamental porque estamos asistiendo a la destrucci\u00f3n del planeta. Entonces, el cambio clim\u00e1tico hoy genera una movilizaci\u00f3n global de los pueblos, de alarma hacia los gobiernos. Sin embargo, los gobiernos no escuchan. \u00abLos pueblos contra el terricidio\u00bb es la forma que entendemos que tenemos que luchar. Llamamos terricidio al asesinato no s\u00f3lo de los ecosistemas tangibles y de los pueblos que lo habitan, sino tambi\u00e9n al asesinato de todas las fuerzas que regulan la vida en la tierra, a lo que llamamos ecosistema perceptible.<\/p>\n<p>Entendemos que el terricidio es consecuencia del modelo civilizatorio dominante, que est\u00e1 poniendo en riesgo nuestro futuro en el planeta y que hoy se mani\u0142esta a trav\u00e9s del cambio clim\u00e1tico y sus consecuencias. Nosotras, mujeres y disidencias ind\u00edgenas organizadas de las 36 naciones ind\u00edgenas que habitamos la Argentina, sabemos que somos quienes padecemos en nuestros cuerpo-territorio las consecuencias del cambio clim\u00e1tico, las que m\u00e1s sufrimos los costos y pasivos ambientales generados por este modelo global de explotaci\u00f3n de los recursos naturales.<\/td>\n<\/tr>\n<\/tbody>\n<\/table>\n<\/td>\n<\/tr>\n<\/tbody>\n<\/table>\n<\/td>\n<\/tr>\n<\/tbody>\n<\/table>\n<\/td>\n<\/tr>\n<tr>\n<td>\n<table width=\"100%\">\n<tbody>\n<tr>\n<td>\n<table width=\"100%\">\n<tbody>\n<tr>\n<td>\n<table width=\"100%\">\n<tbody>\n<tr>\n<td>\n<table width=\"100%\">\n<tbody>\n<tr>\n<td>POR LO TANTO, EN EL CAMPAMENTO DE LOS PUEBLOS CONTRA EL TERRICIDIO BUSCAREMOS:<\/p>\n<ol>\n<li><strong>Exigir que el terricidio sea considerado un crimen de lesa humanidad<\/strong>. Definimos al terricidio como el asesinato no s\u00f3lo de los ecosistemas tangibles y de los pueblos que lo habitan, sino tambi\u00e9n al asesinato de todas las fuerzas que regulan la vida en la tierra, a lo que llamamos ecosistema perceptible.<\/li>\n<li><strong>Recuperar la cosmograf\u00eda de Indoam\u00e9rica<\/strong>. Comenzar a borrar las fronteras que los estado naci\u00f3n nos han impuesto y lograr el reconocimiento de la plurinacionalidad de los territorios.<\/li>\n<li><strong>Organizar una campa\u00f1a por la defensa del R\u00edo Carrenleuf\u00fa<\/strong>, que se encuentra amenazado por el proyecto hidroel\u00e9ctrico La Elena. Este proyecto, de realizarse, inundar\u00eda 11.000 ha de bosque nativo.<\/li>\n<\/ol>\n<\/td>\n<\/tr>\n<\/tbody>\n<\/table>\n<\/td>\n<\/tr>\n<\/tbody>\n<\/table>\n<\/td>\n<\/tr>\n<\/tbody>\n<\/table>\n<\/td>\n<\/tr>\n<\/tbody>\n<\/table>\n<\/td>\n<\/tr>\n<tr>\n<td>\n<table width=\"100%\">\n<tbody>\n<tr>\n<td>\n<table width=\"100%\">\n<tbody>\n<tr>\n<td>\n<table width=\"100%\">\n<tbody>\n<tr>\n<td>\n<table width=\"264\">\n<tbody>\n<tr>\n<td><\/td>\n<\/tr>\n<\/tbody>\n<\/table>\n<table style=\"height: 204px;\" width=\"664\">\n<tbody>\n<tr>\n<td>\n<h3>Lof Mapuche<br \/>\nPill\u00e1n Mahuiza<\/h3>\n<p>Se encuentra a diez kil\u00f3metros de Corcovado, ubicada en el noroeste de la provincia de Chubut a 100 km al sur-oeste de la localidad de Esquel. En diciembre pasado, este territorio cumpli\u00f3\u00a020 a\u00f1os de haber sido recuperado. Fue una de las primeras experiencias de recuperaci\u00f3n mapuche de un contexto urbano a la ruralidad.<br \/>\nSu espacio territorial se extiende por algo m\u00e1s de 100 hect\u00e1reas y transcurre un tramo del r\u00edo\u00a0Carrenleuf\u00fa.<\/td>\n<\/tr>\n<\/tbody>\n<\/table>\n<\/td>\n<\/tr>\n<\/tbody>\n<\/table>\n<\/td>\n<\/tr>\n<\/tbody>\n<\/table>\n<table width=\"100%\">\n<tbody>\n<tr>\n<td>\n<table width=\"100%\">\n<tbody>\n<tr>\n<td><\/td>\n<\/tr>\n<\/tbody>\n<\/table>\n<\/td>\n<\/tr>\n<\/tbody>\n<\/table>\n<table width=\"100%\">\n<tbody>\n<tr>\n<td>\n<table width=\"100%\">\n<tbody>\n<tr>\n<td><b><a href=\"https:\/\/puebloscontraelterricidio.org\">Click aqu\u00ed para m\u00e1s informaci\u00f3n e inscripciones<\/a><\/b><\/td>\n<\/tr>\n<\/tbody>\n<\/table>\n<\/td>\n<\/tr>\n<\/tbody>\n<\/table>\n<table width=\"100%\">\n<tbody>\n<tr>\n<td>\n<table width=\"100%\">\n<tbody>\n<tr>\n<td><\/td>\n<\/tr>\n<\/tbody>\n<\/table>\n<\/td>\n<\/tr>\n<\/tbody>\n<\/table>\n<table width=\"100%\">\n<tbody>\n<tr>\n<td>\n<table width=\"100%\">\n<tbody>\n<tr>\n<td><\/td>\n<\/tr>\n<\/tbody>\n<\/table>\n<\/td>\n<\/tr>\n<\/tbody>\n<\/table>\n<\/td>\n<\/tr>\n<\/tbody>\n<\/table>\n<\/td>\n<\/tr>\n<\/tbody>\n<\/table>\n<p><\/p>","protected":false},"excerpt":{"rendered":"<p>Click aqu\u00ed para m\u00e1s informaci\u00f3n e inscripciones Campamento Clim\u00e1tico: Los pueblos contra el #Terricidio, en defensa de la vida y los territorios. Desde el Movimiento de Mujeres Ind\u00edgenas por el Buen Vivir queremos convocarles al Campamento Clim\u00e1tico: Los pueblos contra el #Terricidio, en defensa de la vida y los territorios. Del 7 al 10 de [&hellip;]<\/p>\n","protected":false},"author":1,"featured_media":0,"comment_status":"open","ping_status":"closed","sticky":false,"template":"","format":"standard","meta":{"footnotes":""},"categories":[1284,826,958,183],"tags":[327,978,1097,483],"class_list":["post-33779","post","type-post","status-publish","format-standard","hentry","category-latinoamerica","category-medios-libres-2","category-megaproyectos","category-blog","tag-argentina","tag-defensa-del-medioambiente","tag-mapuches","tag-tierra-y-territorio"],"_links":{"self":[{"href":"https:\/\/radiozapatista.org\/index.php?rest_route=\/wp\/v2\/posts\/33779","targetHints":{"allow":["GET"]}}],"collection":[{"href":"https:\/\/radiozapatista.org\/index.php?rest_route=\/wp\/v2\/posts"}],"about":[{"href":"https:\/\/radiozapatista.org\/index.php?rest_route=\/wp\/v2\/types\/post"}],"author":[{"embeddable":true,"href":"https:\/\/radiozapatista.org\/index.php?rest_route=\/wp\/v2\/users\/1"}],"replies":[{"embeddable":true,"href":"https:\/\/radiozapatista.org\/index.php?rest_route=%2Fwp%2Fv2%2Fcomments&post=33779"}],"version-history":[{"count":3,"href":"https:\/\/radiozapatista.org\/index.php?rest_route=\/wp\/v2\/posts\/33779\/revisions"}],"predecessor-version":[{"id":33783,"href":"https:\/\/radiozapatista.org\/index.php?rest_route=\/wp\/v2\/posts\/33779\/revisions\/33783"}],"wp:attachment":[{"href":"https:\/\/radiozapatista.org\/index.php?rest_route=%2Fwp%2Fv2%2Fmedia&parent=33779"}],"wp:term":[{"taxonomy":"category","embeddable":true,"href":"https:\/\/radiozapatista.org\/index.php?rest_route=%2Fwp%2Fv2%2Fcategories&post=33779"},{"taxonomy":"post_tag","embeddable":true,"href":"https:\/\/radiozapatista.org\/index.php?rest_route=%2Fwp%2Fv2%2Ftags&post=33779"}],"curies":[{"name":"wp","href":"https:\/\/api.w.org\/{rel}","templated":true}]}}