{"id":3371,"date":"2011-06-24T07:42:13","date_gmt":"2011-06-24T12:42:13","guid":{"rendered":"https:\/\/radiozapatista.org\/?p=3371"},"modified":"2021-09-15T12:55:09","modified_gmt":"2021-09-15T17:55:09","slug":"la-jbg-de-morelia-denuncia-despojo-y-agresiones-de-la-orcao","status":"publish","type":"post","link":"https:\/\/radiozapatista.org\/?p=3371","title":{"rendered":"La JBG de Morelia denuncia despojo y agresiones de la ORCAO"},"content":{"rendered":"<p><\/p>\n<p style=\"text-align: center;\"><em><strong>Junta de buen gobierno, coraz\u00f3n del arco  iris de la esperanza, caracol IV, torbellino de nuestras palabras.<\/strong><\/em><br \/>\nmartes, 21 de junio de 2011<\/p>\n<p>A la sociedad civil nacional e internacional.<br \/>\nA las compa\u00f1eras y compa\u00f1eros de la zezta internacional.<br \/>\nA los defensores de derechos humanos.<\/p>\n<p>Hermanos y hermanas:<br \/>\nCompa\u00f1eras y compa\u00f1eros:<\/p>\n<p>La junta de buen gobierno en turno, denunciamos los nuevos hechos  violentos de los que pertenecen la ORCAO, (Organizaci\u00f3n regional de  cafeticultores de Ocosingo), con sus intentos de expulsar donde viven a  nuestros compa\u00f1eros bases de apoyo.<\/p>\n<p>Desde hace a\u00f1os hemos venido enfrentando problemas con estas personas  y repiten siempre sus mismas provocaciones por problemas de tierra que a  fuerzas nos quieren despojar lo que recuperamos el 1o de enero de 1994.<\/p>\n<p>En un poblado denominado M\u00e1rtires, municipio aut\u00f3nomo en rebeld\u00eda  lucio Caba\u00f1as, Chiapas, en el lugar viven all\u00ed compa\u00f1eros nuestros.<\/p>\n<p>Desde el 1o de enero de 1994 hemos venido trabajando de manera  colectiva sin que en \u00e9stos a\u00f1os transcurridos interrumpa nuestra  tranquilidad de nuestros quehaceres productivo en el dicho terreno.<\/p>\n<p>El 10 de junio de 2011 gente de la ORCAO que viven en el ejido  patwitz fueron hacia el poblado M\u00e1rtires donde viven nuestro compa\u00f1ero  Antonio P\u00e9rez L\u00f3pez para hacerles una preguntas que si van a seguir como  zapatisas o va a pasar como ORCAO. Nuestro compa\u00f1ero respondi\u00f3 que \u00e9l,  no est\u00e1 pensando ser de ORCAO, ni mucho menos abandonar su organizaci\u00f3n  como zapatista.<\/p>\n<p>Con \u00e9stas preguntas llevaban un tono de amenaza y adem\u00e1s con un  actitud para verlo rendido nuestro compa\u00f1ero; por la respuesta negativa  de \u00e9l, entonces empezaron a cumplir lo que ten\u00edan planeado.<\/p>\n<p>Cumplieron sus planes iniciando a cortar el fruto del chilar que  estaba all\u00ed sembradas, cortaron el elote y lo consumieron, adem\u00e1s  limpiaron una hect\u00e1rea de caf\u00e9 que es de nuestro trabajo colectivo.<\/p>\n<p>Para el d\u00eda 11 de junio de 2011 continuaron sus amenazas para nuestro  compa\u00f1ero con a misma pregunta anterior y luego los destrozos  continuaron cortando alambras de p\u00faa que cerca nuestro ganado, se  midieron e terreno 50 por 50 metros m2 para cada una de las personas del  ejido Patwitz del ORCAO, pr\u00e1cticamente nos estaban insinuando que la  intensi\u00f3n es expulsar del terreno que recuperamos del a\u00f1o 1994, pagado  por sangre de nuestros compa\u00f1eros ca\u00eddos.<\/p>\n<p>Y el que le toc\u00f3 el terreno donde tiene sembrado su frijolar nuestro compa\u00f1ero, lo fumig\u00f3 con herbicida de marca FAENA.<\/p>\n<p>El 15 de junio de 2011, volvieron a llegar en el el lugar con sus  distintas herramientas para trabajar el supuesto terreno que les toc\u00f3,  unos llevaban macheta, azad\u00f3n y otros con bombas aspersoras para fumigar  y contaminar nuestras tierras..<\/p>\n<p>Adem\u00e1s para agarrar el agua para fumigar sus supuestos terrenos,  agarraron el agua donde toma la familia que viven en el lugar,  sumergiendo la cubeta en el pozo de esa manera fueron envenenado el pozo  de agua, y nuestro compa\u00f1ero entr\u00f3 en otra resistencia aparte en el que  est\u00e1 contra el mal gobierno, tomando agua encharcada son que sea  confiable para tomar.<\/p>\n<p>En \u00e9ste d\u00eda se llevaron dos rollos de alambres de p\u00faa que son nuevos y cada uno cost\u00f3 $570.<\/p>\n<p>El 17 de junio de 2011, desalambraron el cerco y los postes que  sujeta los alambres se llevaron sus casas convirt\u00edendolas en le\u00f1as para  sus cocinas, ese d\u00eda perdi\u00f3 una vaca que se valora a $5000, (cinco mil  pesos).<\/p>\n<p>Se organizaron nuestros compa\u00f1eros despu\u00e9s de informarse por los  destrozos y saqueos que hicieron los ORCAOS en la casa y en el terreno  donde trabajan nuestros compa\u00f1eros y para el 20 de junio de 2011 se  organizaron para ir a sacar otros postes para rehacer el cerco para el  potrero de nuestro ganado.<\/p>\n<p>Se hab\u00edan enterado los de Patwitz de nuestro plan de trabajo, en la  ma\u00f1ana de ese mismo d\u00eda, sus habitantes entre hombres y mujeres de  organizaron para bloquear el camino que se comunica al dicho terreno y  llevaban el plan quien se alteraba a cruzar el camino a fuerzas, lo  deten\u00edan y los golpeaban.<\/p>\n<p>Nuestros compa\u00f1eros se enteraron que hab\u00eda ese plan de bloquear el  camino de los ORCAOS, lo que hicieron se dieron la vuelta para entrar en  otro lado y enter\u00e1ndose a los ORCAOS se fueron hacia donde est\u00e1bamos  trabajando tranquilos.<\/p>\n<p>Llegando en el lugar de inmediato buscaron palos para golpear a  nuestros compa\u00f1eros, otros se dirigieron hacia donde estaba la casa de  nuestro compa\u00f1ero para destruirla y hasta convertirlo en cenizas.<\/p>\n<p>Antes que quemar la casa, zaquearon las cosas de nuestros compa\u00f1eros  como ropas, y algunas mochilas que quemaron algunos de nuestros  compa\u00f1eros que llegaron a trabajar en el lugar hab\u00edan prestado la casa  para guardar ah\u00ed sus mochilas y esas mochilas quemaron todo.<\/p>\n<p>Nuestros compa\u00f1eros fueron leves sus golpes, por que supieron  defenderse pero se llevaron 2 compa\u00f1eros nuestros a sus ejido el  Patwitz, lo llevaron atados de la mano, subieron al carro, mientras  transportaban lo fueron golpeando y estuvo sangrando de la nariz.<\/p>\n<p>Llegando en el ejido sigui\u00f3 atado y dejaron en la redila de la camioneta Nissan.<\/p>\n<p>Los que fueron detenidos fueron nuestros compa\u00f1eros Pablo y Alberto.<\/p>\n<p>Al enterarse el se\u00f1or Crist\u00f3bal L\u00f3pez G\u00f3mez alias el SADAM, junto a  los representantes locales de la ORCAO, convocaron a una reuni\u00f3n urgente  para discutir y aprobar qu\u00e9 van a hacer con la casa grande donde hacen  reuni\u00f3n regional nuestros compa\u00f1eros de la regi\u00f3n 1o de enero, y qu\u00e9 van  a hacer con los dos detenidos.<\/p>\n<p>Hoy 21 de junio de 2011, seguramente fue lo que acordaron, juntaron a  sus gentes de distintas comunidades; juntando 125 personas para ir a  traer nuestro compa\u00f1ero, trayendo en el ejido patria Nueva.<\/p>\n<p>Mientras trasladaban siguieron golpeando a los detenidos.<\/p>\n<p>Hasta la fecha siguen amenazando de quemar vivo nuestro compa\u00f1ero y destruir la casa donde hacemos reuni\u00f3n como regi\u00f3n.<\/p>\n<p>Llegando en Patria Nueva, le obligaron a cargar su mochila para  tomarle fotos, \u00e9ste hecho, replicando el estilo de los gobiernos pasados  como sufr\u00edamos los ind\u00edgenas antes de 1994.<\/p>\n<p>Todo este movimiento est\u00e1 encabezado por Crist\u00f3bal L\u00f3pez G\u00f3mez de  Patria Nueva en complicidad con los l\u00edderes locales. Los m\u00e1s visibles  que violentan nuestros derechos como zapatistas son: Antonio Ju\u00e1rez Cruz  de Sibak j\u00e1, Alejandro G\u00f3mez Navarro, Carlos Ram\u00edrez G\u00f3mez, de la  comunidad El Sacrificio, la Esperanza, Crist\u00f3bal L\u00f3pez G\u00f3mez, Leonel  L\u00f3pez G\u00f3mez, de Sacrificio, la Esperanza, Juan G\u00f3mez P\u00e9rez, Ger\u00f3nimo  \u00c1lvarez, francisco Gutierrez, Jos\u00e9 Vazquez Mendoza, Diego L\u00f3pez, Manuel  Bautista Mushan, Alonzo Mushan Bol\u00f3m, Nocol\u00e1s Mushan y Angel L\u00f3pez  G\u00f3mez.<\/p>\n<p>Para nosotros con m\u00e1s raz\u00f3n entendemos que esta banda de violadores  de derechos que pertenecen la ORCAO ((organizaci\u00f3n regional de  cafeticultores de Ocosingo), son ahora para nosotros los paramilitares  como hac\u00edan los de la OPDDIC.<\/p>\n<p>Antes no cre\u00edamos que son paramilitares, ahora con sus hechos ya quedamos m\u00e1s claros.<\/p>\n<p>Lo mismo han sufrido nuestros compa\u00f1eros del nuevo poblado San Diego,  municipio aut\u00f3noma en rebeld\u00eda Lucio Caba\u00f1as, que tiene un trabajo  colectivo de ganado en el terreno donde trabajan y los ORCAOS de Abaolo,  el 13 de febrero de 2011 se metieron en el terreno, mataron a un toro  semental que val\u00eda $12000 (doce mil pesos), y se lo comieron.<\/p>\n<p>El 25 de diciembre de 2010 contaminaron el agua con herbicida donde  toman agua nuestro ganado, a la fecha est\u00e1 impune y fue dirigido por  Javier L\u00f3pez Santiz.<\/p>\n<p>Les dimos de tareas a las autoridades de esa organizaci\u00f3n, nos  respondieron que van a investigar y una vez que tengan respuestas que  nos citaba para llegar a un acuerdo, a la fecha se ha quedado al aire.  Cuando para nosotros era evidente quienes hicieron el robo.<\/p>\n<p>Ayer 20 de junio de 2011, mientras Juan Sabines estuvo echando  bendici\u00f3n mentirosas a sus obras de enga\u00f1o en los municipios oficiales  de Chiapas en Sital\u00e1, Pantel\u00f3, ejido Belizario Dom\u00ednquiez Municipio de  Altamirano y Altamirano, Chiapas; se vio como el buen samaritano  regal\u00e1ndoles mochilas a personas manipuladas y unos billetes para  tranquilizarlos.<\/p>\n<p>El con sus ataques econ\u00f3micos e ideol\u00f3gicos contra nuestros pueblos  zapatistas y mientras sus c\u00f3mplices de la ORCAO, de la misma fecha y d\u00eda  nos golpearon f\u00edsicamente a nuestros compa\u00f1eros zapatistas por nuestras  resistencias y por trabajar y defender nuestras tierras.<\/p>\n<p>Sepan compa\u00f1eras y compa\u00f1eros Mexicanos y compa\u00f1eras y compa\u00f1eros  internacionales, primero la muerte que nuestra rendici\u00f3n. Les pedimos  que igual sigan adelante, acompa\u00f1\u00e1ndonos por los malos gobierno.<\/p>\n<p style=\"text-align: center;\">ATENTAMENTE<br \/>\nLA JUNTA DE BUEN GOBIERNO EN TURNO<\/p>\n<p style=\"text-align: center;\">Tiburcio Hern\u00e1ndez L\u00f3pez<br \/>\nFrancisca P\u00e9rez Pech<\/p>\n<p><\/p>","protected":false},"excerpt":{"rendered":"<p>Junta de buen gobierno, coraz\u00f3n del arco iris de la esperanza, caracol IV, torbellino de nuestras palabras. martes, 21 de junio de 2011 A la sociedad civil nacional e internacional. A las compa\u00f1eras y compa\u00f1eros de la zezta internacional. A los defensores de derechos humanos. Hermanos y hermanas: Compa\u00f1eras y compa\u00f1eros: La junta de buen [&hellip;]<\/p>\n","protected":false},"author":1,"featured_media":0,"comment_status":"open","ping_status":"open","sticky":false,"template":"","format":"standard","meta":{"footnotes":""},"categories":[183],"tags":[926,260,23],"class_list":["post-3371","post","type-post","status-publish","format-standard","hentry","category-blog","tag-ezln","tag-orcao","tag-paramilitares"],"_links":{"self":[{"href":"https:\/\/radiozapatista.org\/index.php?rest_route=\/wp\/v2\/posts\/3371","targetHints":{"allow":["GET"]}}],"collection":[{"href":"https:\/\/radiozapatista.org\/index.php?rest_route=\/wp\/v2\/posts"}],"about":[{"href":"https:\/\/radiozapatista.org\/index.php?rest_route=\/wp\/v2\/types\/post"}],"author":[{"embeddable":true,"href":"https:\/\/radiozapatista.org\/index.php?rest_route=\/wp\/v2\/users\/1"}],"replies":[{"embeddable":true,"href":"https:\/\/radiozapatista.org\/index.php?rest_route=%2Fwp%2Fv2%2Fcomments&post=3371"}],"version-history":[{"count":1,"href":"https:\/\/radiozapatista.org\/index.php?rest_route=\/wp\/v2\/posts\/3371\/revisions"}],"predecessor-version":[{"id":39469,"href":"https:\/\/radiozapatista.org\/index.php?rest_route=\/wp\/v2\/posts\/3371\/revisions\/39469"}],"wp:attachment":[{"href":"https:\/\/radiozapatista.org\/index.php?rest_route=%2Fwp%2Fv2%2Fmedia&parent=3371"}],"wp:term":[{"taxonomy":"category","embeddable":true,"href":"https:\/\/radiozapatista.org\/index.php?rest_route=%2Fwp%2Fv2%2Fcategories&post=3371"},{"taxonomy":"post_tag","embeddable":true,"href":"https:\/\/radiozapatista.org\/index.php?rest_route=%2Fwp%2Fv2%2Ftags&post=3371"}],"curies":[{"name":"wp","href":"https:\/\/api.w.org\/{rel}","templated":true}]}}