{"id":33699,"date":"2020-01-20T10:40:25","date_gmt":"2020-01-20T16:40:25","guid":{"rendered":"https:\/\/radiozapatista.org\/?p=33699"},"modified":"2020-01-20T10:40:25","modified_gmt":"2020-01-20T16:40:25","slug":"brasil-cientos-de-jovenes-protestan-contra-aumento-del-costo-del-trasporte","status":"publish","type":"post","link":"https:\/\/radiozapatista.org\/?p=33699","title":{"rendered":"Brasil: Cientos de j\u00f3venes protestan contra aumento del costo del trasporte"},"content":{"rendered":"<p><\/p>\n<p style=\"text-align: center;\"><img loading=\"lazy\" decoding=\"async\" class=\"alignnone size-large\" src=\"https:\/\/avispa.org\/wp-content\/uploads\/2020\/01\/EOb9jJqXkAAKRMH.jpg\" width=\"1200\" height=\"800\" \/><\/p>\n<p>Por Santiago Navarro F | <a href=\"https:\/\/avispa.org\/brasil-cientos-de-jovenes-protestan-contra-aumento-del-costo-del-trasporte\/\" target=\"_blank\" rel=\"noopener\">Avispa M\u00eddia<\/a><\/p>\n<p>Este jueves, 16 de enero de este a\u00f1o 2020, cientos de j\u00f3venes han salido a las calles de Sao Paulo, en Brasil, para manifestarse contra un nuevo aumento en el costo del trasporte, de 4,30 a 4,40 reales (1,03 a 1,05 d\u00f3lares). A pesar de que esta movilizaci\u00f3n cont\u00f3 con el permiso de la municipalidad, antes de finalizar, fue atacada brutalmente por la polic\u00eda militar con bombas lacrim\u00f3genas, balas de goma y usando sus motocicletas contra los manifestantes. El saldo fue de 10 personas detenidas y decenas heridos e intoxicados por el gas. Esta es la tercera manifestaci\u00f3n, la primera fue realizada el d\u00eda 15 y 16 consecutivamente.<\/p>\n<p align=\"center\"><img loading=\"lazy\" decoding=\"async\" class=\"lazy vc_single_image-img attachment-large lazy-loaded\" src=\"https:\/\/avispa.org\/wp-content\/uploads\/2020\/01\/EOb9h1BXsAABL1L-1024x683.jpg\" sizes=\"auto, (max-width: 1024px) 100vw, 1024px\" srcset=\"https:\/\/avispa.org\/wp-content\/uploads\/2020\/01\/EOb9h1BXsAABL1L-1024x683.jpg 1024w, https:\/\/avispa.org\/wp-content\/uploads\/2020\/01\/EOb9h1BXsAABL1L-300x200.jpg 300w, https:\/\/avispa.org\/wp-content\/uploads\/2020\/01\/EOb9h1BXsAABL1L-768x512.jpg 768w, https:\/\/avispa.org\/wp-content\/uploads\/2020\/01\/EOb9h1BXsAABL1L.jpg 1200w\" alt=\"\" width=\"1024\" height=\"683\" data-lazy-type=\"image\" data-lazy-src=\"https:\/\/avispa.org\/wp-content\/uploads\/2020\/01\/EOb9h1BXsAABL1L-1024x683.jpg\" data-lazy-srcset=\"https:\/\/avispa.org\/wp-content\/uploads\/2020\/01\/EOb9h1BXsAABL1L-1024x683.jpg 1024w, https:\/\/avispa.org\/wp-content\/uploads\/2020\/01\/EOb9h1BXsAABL1L-300x200.jpg 300w, https:\/\/avispa.org\/wp-content\/uploads\/2020\/01\/EOb9h1BXsAABL1L-768x512.jpg 768w, https:\/\/avispa.org\/wp-content\/uploads\/2020\/01\/EOb9h1BXsAABL1L.jpg 1200w\" data-lazy-sizes=\"(max-width: 1024px) 100vw, 1024px\" \/><\/p>\n<p>Los voceros del <em>Movimento Passe Livre (MPL),<\/em> quienes han convocado a estas movilizaciones, han denunciado que por lo menos 10 j\u00f3venes que intentaban ayudar a otros manifestantes heridos fueron detenidos, as\u00ed mismo han sostenido que hubo \u201cmujeres ultrajadas\u201d por la parte de la polic\u00eda militar.<\/p>\n<p>Los detenidos, en su mayor\u00eda mujeres y hombres negros\/as, fueron llevados a la 2\u00aa Delegaci\u00f3n de la Polic\u00eda en S\u00e3o Paulo, posteriormente, en el trascurso de la madrugada de este viernes (17), fueron liberados. Pero, seg\u00fan el MPL, fueron acusados \u201cde desobediencia civil, resistencia y lesi\u00f3n corporal\u201d.<\/p>\n<p>Mientras tanto, los manifestantes preparan una acci\u00f3n directa para el martes (21) conocida como <em>\u201cCatracar\u201d,<\/em> que consiste en saltarse los torniquetes sin pagar. Tambi\u00e9n est\u00e1n convocando a la 4\u00aa jornada de movilizaciones para el pr\u00f3ximo jueves (23).<\/p>\n<p>Durante las dos manifestaciones pasadas tambi\u00e9n la Polic\u00eda Militar ha hecho un uso desmedido de la violencia intentado prohibir \u201cel derecho a la manifestaci\u00f3n\u201d, han denunciado los integrantes del MPL.<\/p>\n<p>Pero esto no les impedir\u00e1 seguir saliendo a manifestarse. \u201cNo nos van a prohibir de luchar por un trasporte verdaderamente p\u00fablico y de calidad\u201d, ha expresado el MPL.<\/p>\n<p><!--more--><\/p>\n<p align=\"center\"><img loading=\"lazy\" decoding=\"async\" class=\"lazy vc_single_image-img attachment-large lazy-loaded\" src=\"https:\/\/avispa.org\/wp-content\/uploads\/2020\/01\/EObsZofWsBExSpr-1024x683.jpg\" sizes=\"auto, (max-width: 1024px) 100vw, 1024px\" srcset=\"https:\/\/avispa.org\/wp-content\/uploads\/2020\/01\/EObsZofWsBExSpr-1024x683.jpg 1024w, https:\/\/avispa.org\/wp-content\/uploads\/2020\/01\/EObsZofWsBExSpr-300x200.jpg 300w, https:\/\/avispa.org\/wp-content\/uploads\/2020\/01\/EObsZofWsBExSpr-768x512.jpg 768w, https:\/\/avispa.org\/wp-content\/uploads\/2020\/01\/EObsZofWsBExSpr.jpg 1200w\" alt=\"\" width=\"1024\" height=\"683\" data-lazy-type=\"image\" data-lazy-src=\"https:\/\/avispa.org\/wp-content\/uploads\/2020\/01\/EObsZofWsBExSpr-1024x683.jpg\" data-lazy-srcset=\"https:\/\/avispa.org\/wp-content\/uploads\/2020\/01\/EObsZofWsBExSpr-1024x683.jpg 1024w, https:\/\/avispa.org\/wp-content\/uploads\/2020\/01\/EObsZofWsBExSpr-300x200.jpg 300w, https:\/\/avispa.org\/wp-content\/uploads\/2020\/01\/EObsZofWsBExSpr-768x512.jpg 768w, https:\/\/avispa.org\/wp-content\/uploads\/2020\/01\/EObsZofWsBExSpr.jpg 1200w\" data-lazy-sizes=\"(max-width: 1024px) 100vw, 1024px\" \/><\/p>\n<div class=\"wpb_column vc_column_container vc_col-sm-6\">\n<div class=\"vc_column-inner\">\n<div class=\"wpb_wrapper\">\n<div class=\"wpb_single_image wpb_content_element vc_align_left\">\n<figure class=\"wpb_wrapper vc_figure\">\n<div class=\"vc_single_image-wrapper vc_box_border_grey\"><img loading=\"lazy\" decoding=\"async\" class=\"lazy vc_single_image-img attachment-large lazy-loaded\" src=\"https:\/\/avispa.org\/wp-content\/uploads\/2020\/01\/EOb2zxoX4AEAoEi-1024x683.jpg\" sizes=\"auto, (max-width: 1024px) 100vw, 1024px\" srcset=\"https:\/\/avispa.org\/wp-content\/uploads\/2020\/01\/EOb2zxoX4AEAoEi-1024x683.jpg 1024w, https:\/\/avispa.org\/wp-content\/uploads\/2020\/01\/EOb2zxoX4AEAoEi-300x200.jpg 300w, https:\/\/avispa.org\/wp-content\/uploads\/2020\/01\/EOb2zxoX4AEAoEi-768x512.jpg 768w, https:\/\/avispa.org\/wp-content\/uploads\/2020\/01\/EOb2zxoX4AEAoEi.jpg 1200w\" alt=\"\" width=\"1024\" height=\"683\" data-lazy-type=\"image\" data-lazy-src=\"https:\/\/avispa.org\/wp-content\/uploads\/2020\/01\/EOb2zxoX4AEAoEi-1024x683.jpg\" data-lazy-srcset=\"https:\/\/avispa.org\/wp-content\/uploads\/2020\/01\/EOb2zxoX4AEAoEi-1024x683.jpg 1024w, https:\/\/avispa.org\/wp-content\/uploads\/2020\/01\/EOb2zxoX4AEAoEi-300x200.jpg 300w, https:\/\/avispa.org\/wp-content\/uploads\/2020\/01\/EOb2zxoX4AEAoEi-768x512.jpg 768w, https:\/\/avispa.org\/wp-content\/uploads\/2020\/01\/EOb2zxoX4AEAoEi.jpg 1200w\" data-lazy-sizes=\"(max-width: 1024px) 100vw, 1024px\" \/><\/div>\n<\/figure>\n<\/div>\n<\/div>\n<\/div>\n<\/div>\n<div class=\"vc_row wpb_row vc_row-fluid\">\n<div class=\"wpb_column vc_column_container vc_col-sm-12\">\n<div class=\"vc_column-inner\">\n<div class=\"wpb_wrapper\">\n<div class=\"wpb_text_column wpb_content_element \">\n<div class=\"wpb_wrapper\">\n<p><strong>Privatizaci\u00f3n del trasporte<\/strong><\/p>\n<p>El aumento del costo del pasaje fue implementado a partir del 1\u00ba de enero en todo el Estado de S\u00e3o Paulo, principal centro financiero e industrial del pa\u00eds.<\/p>\n<p>El sistema de transporte p\u00fablico en la Regi\u00f3n Metropolitana de S\u00e3o Paulo est\u00e1 caracterizado por un sistema de transportes integrados por el metro, el tren y el sistema de autobuses urbanos, administradas por el Estado y en concesiones a empresas privadas.<\/p>\n<p>Desde que el pol\u00e9mico Jair Bolsonaro, actual presidente de este pa\u00eds, asumi\u00f3 el poder, existe un inter\u00e9s muy fuerte por acelerar los programas de concesi\u00f3n privadas del metro de la ciudad y la renovaci\u00f3n de las concesiones de carreteras. Tan s\u00f3lo en el sistema Metro y en la CPTM trasportan diariamente alrededor de 8,3 millones de pasajeros y 8,8 millones en el sistema de autobuses urbanos.<\/p>\n<hr \/>\n<p>Fotos por @cmi_saopaulo<\/p>\n<\/div>\n<\/div>\n<\/div>\n<\/div>\n<\/div>\n<\/div>\n<p><\/p>","protected":false},"excerpt":{"rendered":"<p>Por Santiago Navarro F | Avispa M\u00eddia Este jueves, 16 de enero de este a\u00f1o 2020, cientos de j\u00f3venes han salido a las calles de Sao Paulo, en Brasil, para manifestarse contra un nuevo aumento en el costo del trasporte, de 4,30 a 4,40 reales (1,03 a 1,05 d\u00f3lares). A pesar de que esta movilizaci\u00f3n [&hellip;]<\/p>\n","protected":false},"author":1,"featured_media":0,"comment_status":"open","ping_status":"closed","sticky":false,"template":"","format":"standard","meta":{"footnotes":""},"categories":[1284,826,183],"tags":[42],"class_list":["post-33699","post","type-post","status-publish","format-standard","hentry","category-latinoamerica","category-medios-libres-2","category-blog","tag-brasil"],"_links":{"self":[{"href":"https:\/\/radiozapatista.org\/index.php?rest_route=\/wp\/v2\/posts\/33699","targetHints":{"allow":["GET"]}}],"collection":[{"href":"https:\/\/radiozapatista.org\/index.php?rest_route=\/wp\/v2\/posts"}],"about":[{"href":"https:\/\/radiozapatista.org\/index.php?rest_route=\/wp\/v2\/types\/post"}],"author":[{"embeddable":true,"href":"https:\/\/radiozapatista.org\/index.php?rest_route=\/wp\/v2\/users\/1"}],"replies":[{"embeddable":true,"href":"https:\/\/radiozapatista.org\/index.php?rest_route=%2Fwp%2Fv2%2Fcomments&post=33699"}],"version-history":[{"count":1,"href":"https:\/\/radiozapatista.org\/index.php?rest_route=\/wp\/v2\/posts\/33699\/revisions"}],"predecessor-version":[{"id":33700,"href":"https:\/\/radiozapatista.org\/index.php?rest_route=\/wp\/v2\/posts\/33699\/revisions\/33700"}],"wp:attachment":[{"href":"https:\/\/radiozapatista.org\/index.php?rest_route=%2Fwp%2Fv2%2Fmedia&parent=33699"}],"wp:term":[{"taxonomy":"category","embeddable":true,"href":"https:\/\/radiozapatista.org\/index.php?rest_route=%2Fwp%2Fv2%2Fcategories&post=33699"},{"taxonomy":"post_tag","embeddable":true,"href":"https:\/\/radiozapatista.org\/index.php?rest_route=%2Fwp%2Fv2%2Ftags&post=33699"}],"curies":[{"name":"wp","href":"https:\/\/api.w.org\/{rel}","templated":true}]}}