{"id":33667,"date":"2020-01-17T19:41:19","date_gmt":"2020-01-18T01:41:19","guid":{"rendered":"https:\/\/radiozapatista.org\/?p=33667"},"modified":"2020-01-20T10:00:12","modified_gmt":"2020-01-20T16:00:12","slug":"denuncia-del-preso-en-lucha-german-lopez-montejo","status":"publish","type":"post","link":"https:\/\/radiozapatista.org\/?p=33667","title":{"rendered":"[:es]Denuncia del preso en lucha Germ\u00e1n L\u00f3pez Montejo[:]"},"content":{"rendered":"<p>[:es]<\/p>\n<div class=\"entry-content\" style=\"text-align: left;\">\n<p>CERSS 5 San Crist\u00f3bal de las Casas<br \/>\nChiapas, M\u00e9xico el dia 17 de enero del 2020<\/p>\n<p>La organizaci\u00f3n La Verdadera Voz del Amate adherente a la Sexta Declaraci\u00f3n de la Selva Lacandona del Ejercito Zapatista de Liberaci\u00f3n Nacional<\/p>\n<p>German L\u00f3pez Montejo entina tzotzil soy una persona humilde y de bajo recurso y otro ya levo 9 a\u00f1os dentro de la c\u00e1rcel ya no tengo familia.<\/p>\n<p>C\u00f3mo ped\u00ed apoyo con estos trabajadores sobre de unas medicinas como estoy enfermo pero como no me hacen caso pues no me queda de otro en que no quieren o pues me obliguen los funcionarios por eso.<\/p>\n<p>Saque una denuncia contra de los funcionarios y a la \u00e1rea trabajadora social Lic. Tania y contador Joaqu\u00edn Ramos Morales sobre de esta denuncia como me causa enfermedades todo las recetas medica que mandaron hay lo tiene varadito entonces las enfermedades que me est\u00e1n causando estos d\u00edas sobre de los ojo donde me lastimaron en la tortura de mi detenci\u00f3n y otros dolores que me est\u00e1n dando estos d\u00edas y no me han dado medicamento solo me dan receta medica pues nada sirve los que quiero es medicamento no pueden decir que no tiene recurso para pagar medicamento porque el cantador cobra todas las cosas que pasan esta c\u00e1rcel el contador esta cobrando el 10% supuestamente para comprar medicamentos para la poblaci\u00f3n veo que no por que el 19 de diciembre del a\u00f1o 2019 por que fui hospitalizado en hospital G\u00f3mez Musa y la licenciada Tania el trabajador social le dieron una receta medica como estos les vale madre no les importa nuestra vida la receta la entrego en 24 de diciembre y eso el contador esta hoy fecha no me ha dado el medicamento y otro y esta semana me est\u00e1n dando otras enfermedades dolores entonces el dia 13 de enero el a\u00f1o 2020 otra vez la licenciada Tania le entregaron otra receta entonces para cuando van a comprar los medicamentos incluso tambi\u00e9n un interno que fue hospitalizado nombre del interno Mario Armin G\u00f3mez N\u00e1jera fue hospitalizado el dia mi\u00e9rcoles 15 de enero y no le dieron nada de medicamento solo le digieron que no tiene recurso para medicamento lo tuvo que comparar porque todo el dinero que cobra todo para el todo lo que esta cobrando de la pasada de las cosas lo esta llevando todo esta extorsionando mucho la gente lo que hace es un delito de extorci\u00f3n quit\u00e1ndole a los pobres internos espero que mis compa\u00f1eros presos que se den cuenta que los funcionarios son ellos los perores delincuentes rob\u00e1ndole lo que tiene para sobrevivir a los pobres ind\u00edgenas ya es mucho lo que est\u00e1n haciendo el contador es una gran mentira los que les dice a los internos porque ning\u00fan lado hay medicamento y tambi\u00e9n en \u00e1rea de odontolog\u00eda no hay nada de herramientas todo el dinero que se recibe todo para su bolsa por eso exijo que lo destituyen en su cargo que lo investiguen por que esta robando mucho el gobierno estatal el Rutilio Escand\u00f3n Cadenas para que se de cuenta como es su funcionarios son ellos los rateros extorsionan la gente espero que haga la justicia el gobierno de Rutilio Escand\u00f3n Cadenas para que le vea lo que esta pasando aqu\u00ed en el CERSS 5 carretera kilometro 20.<\/p>\n<p>Atentamente<br \/>\nLa Voz Verdadera del Amate<br \/>\nGerman L\u00f3pez Montejo<\/p>\n<figure class=\"wp-block-image size-large\"><\/figure>\n<figure class=\"wp-block-image size-large\"><\/figure>\n<figure class=\"wp-block-image size-large\"><\/figure>\n<\/div>\n<p>[:]<\/p>\n","protected":false},"excerpt":{"rendered":"<p>[:es] CERSS 5 San Crist\u00f3bal de las Casas Chiapas, M\u00e9xico el dia 17 de enero del 2020 La organizaci\u00f3n La Verdadera Voz del Amate adherente a la Sexta Declaraci\u00f3n de la Selva Lacandona del Ejercito Zapatista de Liberaci\u00f3n Nacional German L\u00f3pez Montejo entina tzotzil soy una persona humilde y de bajo recurso y otro ya [&hellip;]<\/p>\n","protected":false},"author":13,"featured_media":0,"comment_status":"open","ping_status":"closed","sticky":false,"template":"","format":"standard","meta":{"footnotes":""},"categories":[6,183,962,935],"tags":[917,948],"class_list":["post-33667","post","type-post","status-publish","format-standard","hentry","category-chiapas","category-blog","category-presos","category-temas","tag-chiapas","tag-presos"],"_links":{"self":[{"href":"https:\/\/radiozapatista.org\/index.php?rest_route=\/wp\/v2\/posts\/33667","targetHints":{"allow":["GET"]}}],"collection":[{"href":"https:\/\/radiozapatista.org\/index.php?rest_route=\/wp\/v2\/posts"}],"about":[{"href":"https:\/\/radiozapatista.org\/index.php?rest_route=\/wp\/v2\/types\/post"}],"author":[{"embeddable":true,"href":"https:\/\/radiozapatista.org\/index.php?rest_route=\/wp\/v2\/users\/13"}],"replies":[{"embeddable":true,"href":"https:\/\/radiozapatista.org\/index.php?rest_route=%2Fwp%2Fv2%2Fcomments&post=33667"}],"version-history":[{"count":1,"href":"https:\/\/radiozapatista.org\/index.php?rest_route=\/wp\/v2\/posts\/33667\/revisions"}],"predecessor-version":[{"id":33668,"href":"https:\/\/radiozapatista.org\/index.php?rest_route=\/wp\/v2\/posts\/33667\/revisions\/33668"}],"wp:attachment":[{"href":"https:\/\/radiozapatista.org\/index.php?rest_route=%2Fwp%2Fv2%2Fmedia&parent=33667"}],"wp:term":[{"taxonomy":"category","embeddable":true,"href":"https:\/\/radiozapatista.org\/index.php?rest_route=%2Fwp%2Fv2%2Fcategories&post=33667"},{"taxonomy":"post_tag","embeddable":true,"href":"https:\/\/radiozapatista.org\/index.php?rest_route=%2Fwp%2Fv2%2Ftags&post=33667"}],"curies":[{"name":"wp","href":"https:\/\/api.w.org\/{rel}","templated":true}]}}