{"id":33609,"date":"2020-01-08T13:14:03","date_gmt":"2020-01-08T19:14:03","guid":{"rendered":"https:\/\/radiozapatista.org\/?p=33609"},"modified":"2020-01-08T13:14:03","modified_gmt":"2020-01-08T19:14:03","slug":"mexico-mas-de-30-defensores-de-derechos-humanos-y-activistas-asesinados-en-2019","status":"publish","type":"post","link":"https:\/\/radiozapatista.org\/?p=33609","title":{"rendered":"[:es]M\u00e9xico: M\u00e1s de 30 defensores de Derechos Humanos y activistas asesinados en 2019[:]"},"content":{"rendered":"<p>[:es]<strong>Por Eugenia L\u00f3pez | <a href=\"https:\/\/avispa.org\/mexico-mas-de-30-defensores-de-derechos-humanos-y-activistas-asesinados-en-2019\/\" rel=\"noopener\" target=\"_blank\">Avispa M\u00eddia<\/a><\/strong><br \/>\nFoto de portada: Cuartoscuro<\/p>\n<p>El a\u00f1o que acabamos de despedir fue particularmente violento para defensores de derechos humanos y activistas: a lo largo del a\u00f1o 2019 se registraron m\u00e1s de 30 asesinatos, principalmente en el sureste del pa\u00eds.<\/p>\n<p><strong>Enero sangriento <\/strong><\/p>\n<p>El primer asesinato fue registrado el 3 de enero en Arriaga, Chiapas. Sinar Corzo Esquinca, integrante del Comit\u00e9 Ciudadano de Defensa de los Derechos Humanos fue atacado cerca de su domicilio despu\u00e9s de haber participado en protestas en demanda de agua potable.<\/p>\n<p>Pocos d\u00edas despu\u00e9s, el 18 de enero, en la misma entidad fueron asesinados No\u00e9 Jim\u00e9nez Pablo y Jos\u00e9 Santiago G\u00f3mez en Amat\u00e1n, Chiapas. Jimenez Pablo era miembro de la Coordinadora Nacional Plan de Ayala-Movimiento Nacional y G\u00f3mez era parte del Movimiento por el Bienestar, la Paz y el Bien Com\u00fan. En ese entonces, los dos estaban involucrados en un plant\u00f3n que exig\u00eda la renuncia del regidor morenista Manuel Carpio Mayorga, quien fue destituido dos semanas despu\u00e9s.<\/p>\n<p>Para saber m\u00e1s, <a href=\"https:\/\/avispa.org\/chiapas-paramilitares-cobijados-por-morena-atacan-movimiento-social-en-amatan\/\">Chiapas: Paramilitares cobijados por Morena atacan movimiento social en Amat\u00e1n<\/a><\/p>\n<p><!--more-->El d\u00eda 20 de enero, Gustavo Cruz Mendoza, miembro del Consejo Ind\u00edgena de los Pueblos de Oaxaca Ricardo Flores Mag\u00f3n (CIPO-RFM) fue atacado en su vivienda despu\u00e9s de haber manifestado su oposici\u00f3n a la instalaci\u00f3n de una purificadora de agua en su comunidad de Santiago Jocotepec, Oaxaca.<\/p>\n<p>Al d\u00eda siguiente, Bernardino Garc\u00eda Hern\u00e1ndez fue asesinado en Zimatl\u00e1n, Oaxaca. \u00c9l era el enlace de su comunidad para la resoluci\u00f3n del conflicto por la delimitaci\u00f3n de tierras que mantienen con la localidad de San Sebasti\u00e1n Nopalera.<\/p>\n<p><strong>Defensores del territorio y comunicadores<\/strong><\/p>\n<p>El mes de febrero fue marcado por el asesinato de Samir Flores Soberanes, ind\u00edgena n\u00e1huatl, originario de Amilcingo, Morelos. \u00c9l era fundador de la radio comunitaria Amilzinko 100.7, miembro del Frente Pueblos en Defensa de la Tierra, el Agua y el Aire de Morelos, Puebla y Tlaxcala y era conicido por oponerse f\u00e9rreamente al Proyecto Integral Morelos (PIM).<\/p>\n<p><strong>En contexto: <\/strong><a href=\"https:\/\/avispa.org\/mexico-a-2-dias-de-que-se-realice-consulta-sobre-la-termoelectrica-en-morelos-es-asesinado-un-activista\/%20\"><strong>M\u00e9xico: a 2 d\u00edas de que se realice consulta sobre la Termoel\u00e9ctrica en Morelos, es asesinado un activista<\/strong><\/a><\/p>\n<p>El 2 de mayo, el director de la radio comunitaria Est\u00e9reo Cafetal 98.7 FM \u201cLa Voz Zapoteca\u201d,\u00a0 Tel\u00e9sforo Santiago Enr\u00edquez fue asesinado en el municipio de San Agust\u00edn Loxicha, en la Sierra Sur de Oaxaca. El tambi\u00e9n integrante de la Coordinadora Nacional de Trabajadores de la Educaci\u00f3n (CNTE) promov\u00eda el rescate de la lengua ind\u00edgena y de la cultura de su comunidad.<\/p>\n<p>Durante el \u00faltimo mes del a\u00f1o, Josu\u00e9 Bernardo Marcial Santos conocido como \u201cT\u00edoBad\u201d fue asesinado y su cuerpo abandonado en el acceso a San Juan Evangelista, en el sur de Veracruz. Originario de\u00a0 Sayula de Alem\u00e1n, luchaba con rap para preservar la lengua mixe-popoluca, y denunciaba el despojo en su territorio por el fracking, el narco estado y los asesinatos a periodistas. Tambi\u00e9n fue delegado de su pueblo en el Congreso Nacional Ind\u00edgena (CNI).<\/p>\n<p><strong>Ver tambi\u00e9n : <\/strong><a href=\"https:\/\/avispa.org\/tiobad-el-jaranero-que-defendio-con-rap-la-lengua-mixe-popoluca\/%20\"><strong>T\u00edoBad, el jaranero que defendi\u00f3 con rap la lengua mixe-popoluca<\/strong><\/a><\/p>\n<p>En el estado de Guerrero fueron asesinadas al menos 5 personas.<\/p>\n<p>El 5 de mayo, fueron encontrados los cuerpos de Jos\u00e9 Lucio Bartolo Faustino, miembro del Concejo Indigena de Gobierno (CIG), y Modesto Verales Sebasti\u00e1n, delegado del CNI, despu\u00e9s de varios d\u00edas de haber desaparecido tras asistir a una reuni\u00f3n en la ciudad de Chilpancingo.<\/p>\n<p>Un mes despu\u00e9s, asesinaron a Eugenio M\u00e1ximo Hilario, en el municipio de Jos\u00e9 Joaqu\u00edn de Herrera. M\u00e1ximo Hilario fue comandante regional de la Polic\u00eda Comunitaria de la Coordinadora Regional de Autoridades Comunitarias de los Pueblos Fundadores de Guerrero (CRAC-PF) y miembro del\u00a0 Concejo Ind\u00edgena y Popular de Guerrero \u2013 Emiliano Zapata (Cipog-EZ).<\/p>\n<p>El 11 de octubre, un grupo armado atac\u00f3 a Isa\u00edas Cant\u00fa Carrasco, comisionado de Bienes Comunales de Paraje Montero, en Malinaltepec e integrante del Concejo Regional de Autoridades Agrarias en Defensa del Territorio (Craadt), quien luch\u00f3 contra la explotaci\u00f3n minera y la imposici\u00f3n de una reserva de la bi\u00f3sfera en la regi\u00f3n me\u00b4ph\u00e1\u00e1. Ese mismo d\u00eda desapareci\u00f3 Arnulfo Cer\u00f3n, l\u00edder del Frente Popular de la monta\u00f1a, en Tlapa de Comonfort.<\/p>\n<p>Leer tambi\u00e9n, <a href=\"https:\/\/avispa.org\/mexico-alertan-sobre-aumento-en-violencia-contra-organizaciones-indigenas-en-guerrero\/\">M\u00e9xico: Alertan sobre aumento en violencia contra organizaciones ind\u00edgenas en Guerrero <\/a><\/p>\n<p>La Sierra Tarahumara de Chihuahua tambi\u00e9n fue el escenario de varios asesinatos de defensores del territorio a lo largo del a\u00f1o.<\/p>\n<p>El 1 de mayo, un grupo armado mat\u00f3 a Otilia Mart\u00ednez Cruz y su hijo Gregorio Chaparro Cruzv en Guadalupe y Calvo, Chihuahua. En 2018, un familiar de las v\u00edctimas, Juli\u00e1n Carrillo Mart\u00ednez, tambi\u00e9n hab\u00eda sido asesinado. \u00c9l ind\u00edgena rar\u00e1muri era defensor del bosque de Coloradas de la Virgen.<\/p>\n<p>El domingo 13 de octubre, fue secuestrado y asesinado el activista Cruz Soto Caraveo en la comunidad Los Llanos, Chihuaha. \u00c9l hab\u00eda recibido amenazas previas por parte de civiles armados y desde hace un par de a\u00f1os se encontraba desplazado, luego que un grupo delictivo lo despoj\u00f3 de sus tierras y las convirti\u00f3 en un sembrad\u00edo de marihuana y amapola.<\/p>\n<h3>Represi\u00f3n de la comunidad LGBTQI+ (L<em>esbiana<\/em>, G<em>ay<\/em>, B<em>isexual<\/em>, Transg\u00e9nero, Queer, Intersexual y m\u00e1s)<\/h3>\n<p>El s\u00e1bado 9 de febrero, muri\u00f3 asesinado el activista muxe <a href=\"https:\/\/pagina3.mx\/2019\/02\/localizan-sin-vida-a-oscar-cazorla-activista-muxe-de-juchitan\/\">\u00d3scar Cazorla<\/a>, defensor de los derechos LGBT en Juchit\u00e1n, Oaxaca. El activista fue fundador de \u201cLas Aut\u00e9nticas intr\u00e9pidas buscadoras del peligro\u201d, una de las mayores festividades de la diversidad sexual.<\/p>\n<p>En Veracruz, el joven activista Miguel \u00c1ngel Medina fue asesinado a golpes de piedras. Localizaron su cuerpo en el cementerio Gregorio Vidal Alor, en Acayucan, un d\u00eda despu\u00e9s de que su familia lo reportara como desaparecido.<\/p>\n<h3>Buscadores de personas desaparecidas<\/h3>\n<p>El activista <a href=\"https:\/\/www.proceso.com.mx\/577554\/asesinan-al-activista-abiram-hernandez-en-veracruz\">Abiram Hern\u00e1ndez Fern\u00e1ndez<\/a>, quien era conocido por su acompa\u00f1amiento a familias de personas desaparecidas, fue hallado muerto en su vivienda de Veracruz el 30 de marzo.<\/p>\n<p>El 19 de julio de 2019 Zenaida Pulido Lombera muri\u00f3 asesinada despu\u00e9s de un ataque a balazos mientras circulaba en compa\u00f1\u00eda de su esposo en la carretera costera a la altura de Pichilinguillo, Aquila, Michoac\u00e1n. La activista hab\u00eda denunciado la desaparici\u00f3n de personas en la regi\u00f3n y hab\u00eda participado en la caravana de b\u00fasqueda en fosas clandestinas en la entidad.<\/p>\n<p><strong>Tambi\u00e9n te puede interesar: <\/strong><a href=\"https:\/\/avispa.org\/el-peligro-de-buscar-a-los-que-desaparecidos-en-mexico\/\"><strong>El peligro de buscar a los desaparecidos en M\u00e9xico <\/strong><\/a><\/p>\n<p>[:]<\/p>\n","protected":false},"excerpt":{"rendered":"<p>[:es]Por Eugenia L\u00f3pez | Avispa M\u00eddia Foto de portada: Cuartoscuro El a\u00f1o que acabamos de despedir fue particularmente violento para defensores de derechos humanos y activistas: a lo largo del a\u00f1o 2019 se registraron m\u00e1s de 30 asesinatos, principalmente en el sureste del pa\u00eds. Enero sangriento El primer asesinato fue registrado el 3 de enero [&hellip;]<\/p>\n","protected":false},"author":1,"featured_media":33610,"comment_status":"open","ping_status":"closed","sticky":false,"template":"","format":"standard","meta":{"footnotes":""},"categories":[826,958,954],"tags":[58,1131,912],"class_list":["post-33609","post","type-post","status-publish","format-standard","has-post-thumbnail","hentry","category-medios-libres-2","category-megaproyectos","category-mexico","tag-derechos-humanos","tag-mexico","tag-narcoestado"],"_links":{"self":[{"href":"https:\/\/radiozapatista.org\/index.php?rest_route=\/wp\/v2\/posts\/33609","targetHints":{"allow":["GET"]}}],"collection":[{"href":"https:\/\/radiozapatista.org\/index.php?rest_route=\/wp\/v2\/posts"}],"about":[{"href":"https:\/\/radiozapatista.org\/index.php?rest_route=\/wp\/v2\/types\/post"}],"author":[{"embeddable":true,"href":"https:\/\/radiozapatista.org\/index.php?rest_route=\/wp\/v2\/users\/1"}],"replies":[{"embeddable":true,"href":"https:\/\/radiozapatista.org\/index.php?rest_route=%2Fwp%2Fv2%2Fcomments&post=33609"}],"version-history":[{"count":1,"href":"https:\/\/radiozapatista.org\/index.php?rest_route=\/wp\/v2\/posts\/33609\/revisions"}],"predecessor-version":[{"id":33611,"href":"https:\/\/radiozapatista.org\/index.php?rest_route=\/wp\/v2\/posts\/33609\/revisions\/33611"}],"wp:featuredmedia":[{"embeddable":true,"href":"https:\/\/radiozapatista.org\/index.php?rest_route=\/wp\/v2\/media\/33610"}],"wp:attachment":[{"href":"https:\/\/radiozapatista.org\/index.php?rest_route=%2Fwp%2Fv2%2Fmedia&parent=33609"}],"wp:term":[{"taxonomy":"category","embeddable":true,"href":"https:\/\/radiozapatista.org\/index.php?rest_route=%2Fwp%2Fv2%2Fcategories&post=33609"},{"taxonomy":"post_tag","embeddable":true,"href":"https:\/\/radiozapatista.org\/index.php?rest_route=%2Fwp%2Fv2%2Ftags&post=33609"}],"curies":[{"name":"wp","href":"https:\/\/api.w.org\/{rel}","templated":true}]}}