{"id":33239,"date":"2019-12-29T09:59:50","date_gmt":"2019-12-29T15:59:50","guid":{"rendered":"https:\/\/radiozapatista.org\/?p=33239"},"modified":"2019-12-29T09:59:50","modified_gmt":"2019-12-29T15:59:50","slug":"comunicado-del-consejo-regional-wixarika-por-la-defensa-de-wirikuta","status":"publish","type":"post","link":"https:\/\/radiozapatista.org\/?p=33239","title":{"rendered":"COMUNICADO DEL CONSEJO REGIONAL WIX\u00c1RIKA POR LA DEFENSA DE WIRIKUTA."},"content":{"rendered":"<p>AL PUBLICO EN GENERAL.<br \/>\nA LAS COMUNIDADES HERMANAS IND\u00cdGENAS DEL PUEBLO WIX\u00c1RIKA.<br \/>\nA LOS MEDIOS DE COMUNICACI\u00d3N MASIVOS Y ALTERNATIVOS.<br \/>\nAL CONGRESO NACIONAL IND\u00cdGENA.<br \/>\nAL EJERCITO ZAPATISTA DE LIBERACI\u00d3N NACIONAL.<br \/>\nA TODOS LOS PUEBLOS Y COMUNIDADES IND\u00cdGENAS DEL MUNDO Y<br \/>\nA LA SOCIEDAD CIVIL ORGANIZADA.<\/p>\n<p>Les enviamos un cordial saludo, recordando que sigue vigente la defensa del lugar sagrado de\u00a0<em>Wirikuta<\/em>\u00a0iniciada en el a\u00f1o 2010 a partir de las amenazas de explotaci\u00f3n minera de empresas nacionales y extranjeras (canadienses) en el lugar sagrado de nuestro Pueblo\u00a0<em>Wix\u00e1rika<\/em>, as\u00ed mismo, siguen vigentes las amenazas de muerte a nuestra cultura milenaria, las amenazas de destrucci\u00f3n a los lugares sagrados del\u00a0<em>Pueblo Wix\u00e1rika<\/em>\u00a0y las amenazas a quienes defendemos la madre tierra y el territorio.<\/p>\n<p><em>El 23 de diciembre del 2019, El Pulso de San Luis Potos\u00ed ha publicado una nota en el que\u00a0 \u201cel asesor interno de la uni\u00f3n de ejidos de la regi\u00f3n chichimeca Juan Reyes Hern\u00e1ndez\u201d acusa a nuestro compa\u00f1ero Santos De la Cruz coordinador de la mesa jur\u00eddica, de ser el responsable de la comercializaci\u00f3n de peyote en Europa.<\/em><\/p>\n<p>El Consejo Regional\u00a0<em>Wix\u00e1rika<\/em>\u00a0por la Defensa de\u00a0<em>Wirikuta<\/em>\u00a0conformado por las Autoridades Tradicionales, Civiles y agrarias de las Comunidades de Bancos de San Hip\u00f3lito, municipio de Mezquital, Durango, Santa Catarina Cuexcomatitl\u00e1n municipio de Mezquitic y San Sebasti\u00e1n Teponahuaxtl\u00e1n y Tuxpan de los municipios de Mezquitic y Bola\u00f1os, Jalisco.<\/p>\n<p><!--more-->Rechazamos la difamaci\u00f3n que se pretende.<\/p>\n<p>Hacia nuestro compa\u00f1ero Santos De la Cruz Carrillo coordinador de la mesa jur\u00eddica y defensor de nuestra madre tierra y el territorio, qui\u00e9n ha trabajado de manera \u00edntegra y bajo la encomienda de la m\u00e1xima autoridad que son las asambleas comunitarias, desarrollando importantes cargos comunitarios que s\u00f3lo pueden ser desempe\u00f1ados por quienes las Autoridades Tradicionales aprueben, fungiendo como Coordinador General del CRW (2014-2018), asesor comunitario del Pueblo\u00a0<em>Wix\u00e1rika<\/em>\u00a0(2007-2019), Representante Agrario de Bancos de San Hip\u00f3lito (2011 \u2013 Actual).<\/p>\n<p>Las Autoridades que integramos el Consejo Regional, hemos sido testigos que nuestro compa\u00f1ero Santos De la Cruz Carrillo tanto antes y durante su encargo, nunca le falt\u00f3 el respeto a sus representantes ni a su pueblo, ni a su cultura, como tampoco cometi\u00f3 irregularidades o actos que contravengan los intereses de su comunidad, por el contrario siempre ha defendido a su pueblo ante todo tipo de injusticias, bajo la encomienda de las asambleas comunitarias. Raz\u00f3n por la cual hoy por hoy sigue en pie de lucha y siempre en defensa de los intereses colectivos del pueblo.<\/p>\n<p>En ese orden de ideas manifestamos que RECHAZAMOS CATEG\u00d3RICAMENTE que nuestro compa\u00f1ero Santos act\u00fae al margen de la ley y mucho menos se encuentre mercantilizando o negociando con el patrimonio de su Pueblo, pues los\u00a0<em>Wixaritari<\/em>\u00a0tenemos prohibido negociar o enajenar cualquier patrimonio o elemento que conforman el territorio de\u00a0<em>Tatei Yurienaka (nuestra madre tierra) pues ser\u00eda atentar y blasfemar contra nuestra propia madre y nuestras propias deidades que nos crearon y nos legaron todo el patrimonio natural y cultural para que nosotros lo cuidemos tal como<\/em>\u00a0lo hicieron ellos.<\/p>\n<p>Motivo por el cual informamos a todos los pueblos del mundo, seguidores y adherentes que han sido testigos de la defensa de\u00a0<em>Wirikuta<\/em>, que la informaci\u00f3n emitida en tal nota es totalmente falsa. Que dicha informaci\u00f3n fue proporcionada por grupos pro mineros, quienes no es la primera vez que usan este m\u00e9todo de difamaci\u00f3n.<\/p>\n<p>Recordamos orgullosamente que nuestra lucha es por la vida, no por la muerte, que reconocemos a todos los habitantes de\u00a0<em>Wirikuta\u00a0<\/em>como los guardianes de este lugar sagrado, no estamos en contra de ellos, ni del progreso y desarrollo, pues somos conscientes del impacto mortal de la miner\u00eda en el planeta.<\/p>\n<p>Por lo anterior, solicitamos a los medios de comunicaci\u00f3n que han publicado esta informaci\u00f3n el derecho de r\u00e9plica, as\u00ed mismo, a que sea tomada en cuenta nuestra voz y nuestra defensa. Los invitamos a realizar un trabajo profesional informativo en beneficio de todos.<\/p>\n<p>Exigimos:<\/p>\n<ul>\n<li>Que se respeten los derechos humanos de nuestro Pueblo\u00a0<em>Wix\u00e1rika<\/em>, como personas y como cultura milenaria viva y se cancelen todas y cada una de las concesiones mineras que abarcan el 70% del \u00e1rea natural protegida en el lugar sagrado de\u00a0<em>Wirikuta<\/em>\u00a0y su zona de influencia.<\/li>\n<li>Respeto al di\u00e1logo abierto y directo entre el Pueblo\u00a0<em>Wix\u00e1rika<\/em>\u00a0y los guardianes (habitantes) de los ejidos y comunidades del desierto de\u00a0<em>Wirikuta<\/em>, sin intermediarios. Con la finalidad de revitalizar y consolidar la hermandad que siempre ha existido desde los tiempos inmemoriales.<\/li>\n<li>Protecci\u00f3n y reconocimiento efectivo de\u00a0<em>Wirikuta<\/em>\u00a0como patrimonio cultural y natural de la humanidad ante la UNESCO.<\/li>\n<li>Se implemente de manera urgente programas y proyectos arm\u00f3nicos al medio ambiente y no destructivos para los habitantes que son los guardianes de\u00a0<em>Wirikuta<\/em>.<\/li>\n<li>Audiencia y\/o reuni\u00f3n de trabajo de alto nivel con el Presidente de la Rep\u00fablica Lic. Andr\u00e9s Manuel L\u00f3pez Obrador, con la finalidad de desahogar los puntos anteriores y buscar alternativa de soluci\u00f3n, principalmente lo relativo a las concesiones mineras otorgadas en el lugar sagrado de\u00a0<em>Wirikuta<\/em>.<\/li>\n<\/ul>\n<p>Agradecemos de la manera m\u00e1s amable su fina atenci\u00f3n.<\/p>\n<p style=\"text-align: center;\"><strong>A T E N T A M E N T E<\/strong><\/p>\n<p style=\"text-align: center;\">AUTORIDADES TRADICIONALES Y AGRARIAS DEL PUEBLO\u00a0<em>WIX\u00c1RIKA<\/em>\u00a0POR CONDUCTO<br \/>\nDEL CONSEJO REGIONAL WIX\u00c1RIKA POR LA DEFENSA DE WIRIKUTA.<br \/>\n\u00a1WIRIKUTA NO SE VENDE, SE AMA Y SE DEFIENDE!<\/p>\n<p style=\"text-align: center;\"><strong>A 27 DE DICIEMBRE DE 2019.<\/strong><\/p>\n<p><\/p>","protected":false},"excerpt":{"rendered":"<p>AL PUBLICO EN GENERAL. A LAS COMUNIDADES HERMANAS IND\u00cdGENAS DEL PUEBLO WIX\u00c1RIKA. A LOS MEDIOS DE COMUNICACI\u00d3N MASIVOS Y ALTERNATIVOS. AL CONGRESO NACIONAL IND\u00cdGENA. AL EJERCITO ZAPATISTA DE LIBERACI\u00d3N NACIONAL. A TODOS LOS PUEBLOS Y COMUNIDADES IND\u00cdGENAS DEL MUNDO Y A LA SOCIEDAD CIVIL ORGANIZADA. Les enviamos un cordial saludo, recordando que sigue vigente la [&hellip;]<\/p>\n","protected":false},"author":1,"featured_media":0,"comment_status":"open","ping_status":"closed","sticky":false,"template":"","format":"standard","meta":{"footnotes":""},"categories":[957,943,1024,954,183],"tags":[63,567,137,545,483,501],"class_list":["post-33239","post","type-post","status-publish","format-standard","hentry","category-autonomia","category-cni","category-cni-temas","category-mexico","category-blog","tag-cni","tag-megaproyectos","tag-mineria","tag-pueblos-indigenas","tag-tierra-y-territorio","tag-wirikuta"],"_links":{"self":[{"href":"https:\/\/radiozapatista.org\/index.php?rest_route=\/wp\/v2\/posts\/33239","targetHints":{"allow":["GET"]}}],"collection":[{"href":"https:\/\/radiozapatista.org\/index.php?rest_route=\/wp\/v2\/posts"}],"about":[{"href":"https:\/\/radiozapatista.org\/index.php?rest_route=\/wp\/v2\/types\/post"}],"author":[{"embeddable":true,"href":"https:\/\/radiozapatista.org\/index.php?rest_route=\/wp\/v2\/users\/1"}],"replies":[{"embeddable":true,"href":"https:\/\/radiozapatista.org\/index.php?rest_route=%2Fwp%2Fv2%2Fcomments&post=33239"}],"version-history":[{"count":1,"href":"https:\/\/radiozapatista.org\/index.php?rest_route=\/wp\/v2\/posts\/33239\/revisions"}],"predecessor-version":[{"id":33240,"href":"https:\/\/radiozapatista.org\/index.php?rest_route=\/wp\/v2\/posts\/33239\/revisions\/33240"}],"wp:attachment":[{"href":"https:\/\/radiozapatista.org\/index.php?rest_route=%2Fwp%2Fv2%2Fmedia&parent=33239"}],"wp:term":[{"taxonomy":"category","embeddable":true,"href":"https:\/\/radiozapatista.org\/index.php?rest_route=%2Fwp%2Fv2%2Fcategories&post=33239"},{"taxonomy":"post_tag","embeddable":true,"href":"https:\/\/radiozapatista.org\/index.php?rest_route=%2Fwp%2Fv2%2Ftags&post=33239"}],"curies":[{"name":"wp","href":"https:\/\/api.w.org\/{rel}","templated":true}]}}