{"id":33206,"date":"2019-12-25T09:39:20","date_gmt":"2019-12-25T15:39:20","guid":{"rendered":"https:\/\/radiozapatista.org\/?p=33206"},"modified":"2019-12-25T09:39:20","modified_gmt":"2019-12-25T15:39:20","slug":"navidad-entre-rejas-indigenas-injustamente-presos-exigen-su-libertad","status":"publish","type":"post","link":"https:\/\/radiozapatista.org\/?p=33206","title":{"rendered":"[:es]Navidad entre rejas. Ind\u00edgenas injustamente presos exigen su libertad[:]"},"content":{"rendered":"<p>[:es]Chiapas, M\u00e9xico. 24 de diciembre. \u201cEste mes la pasamos tristes sin estar al lado de nuestras familias y amigxs. Me han privado de mi libertad, llevo 15 a\u00f1os sin festejar la Navidad con mis familiares. Hago hincapi\u00e9 que el gobierno estatal y junto con sus funcionarios p\u00fablicos me tiene privado de mi libertad, aunque ya alcanzo mi libertad por mis d\u00edas laborados\u201d, comparte Adri\u00e1n G\u00f3mez Jim\u00e9nez, integrante de la organizaci\u00f3n La Voz de Ind\u00edgenas en Resistencia, en el penal cinco de San Crist\u00f3bal de las Casas.<\/p>\n<p>\u201cLos compas de la organizaci\u00f3n La Voz Verdadera del Amate: Germ\u00e1n L\u00f3pez Montejo y Abraham L\u00f3pez Montejo, de igual manera pasan triste Navidad sin la presencia de sus hij@s y de sus esposas. La Navidad la pasamos tristes\u201d, abundan los ind\u00edgenas injustamente presos en una carta publicada el pasado d\u00eda 22. \u201cEl gobierno de Chiapas nos mantiene secuestrado mientras \u00e9l y sus funcionarios p\u00fablicos festejan la Navidad a lado de sus familiares y salen de vacaciones mientras que hay presos inocentes que luchan por su libertad, se ve claramente que no les interesa nuestro bienestar. Son insensibles y crueles\u201d, denuncian los originarios de los altos de Chiapas.<\/p>\n<p><!--more-->\u201cEn una conferencia de prensa uno de los funcionarios p\u00fablicos dijo \u201cellos son delincuentes\u201d acerca de nosotros; se ve en sus palabras que para ellos somos delincuentes, queriendo decir que merecemos estar aqu\u00ed encerrados en esta mazmorra. Nos ven como la escoria de la sociedad pero seguiremos luchando a pesar de la oposici\u00f3n del mal gobierno\u201d, afirman los ind\u00edgenas en resistencia.<\/p>\n<p>Por su parte Valdemar G\u00f3mez Jim\u00e9nez, Marcelino Ruiz G\u00f3mez y Pedro P\u00e9rez Jim\u00e9nez, de la Organizaci\u00f3n Vineketik en Resistencia, recuerdan que el pasado 15 de marzo, se manifestaron en huelga de hambre exigiendo justicia y libertad. \u201cA 9 meses de alzar nuestra voces el gobierno del estado Rutilio Escand\u00f3n Cadenas, ha hecho caso omiso, se ha hecho de o\u00eddos sordos. Nuestro mayor delito es ser ind\u00edgenas ya que fuimos objetos de tortura de parte de los elementos del Ministerio P\u00fablico para autoinculparnos de delitos que no cometimos. Es una clara demostraci\u00f3n de las opresi\u00f3n hecha a los pueblos originarios\u201d, denuncian los tambi\u00e9n Adherentes a la Sexta Declaraci\u00f3n de la Selva Lacandona del EZLN.<\/p>\n<p>\u201cUn a\u00f1o se est\u00e1 terminado, es un a\u00f1o m\u00e1s de estar secuestrado de estas 4 paredes, separados de nuestras familias y de todos estos a\u00f1os que hemos estado secuestrados en estos muros de las prisiones \u00bfC\u00f3mo reparar esos da\u00f1os psicol\u00f3gicos emocionales y morales de nuestros hijos, madres y esposas de tantos a\u00f1os que nos han separados?\u201d, se cuestionan los ind\u00edgenas chiapanecos.<\/p>\n<p>\u201cEs por eso que exigimos al gobernador del estado de Chiapas Rutilio Escand\u00f3n Cadenas, nuestras libertades inmediatas. Ya basta de tantas mentiras como el caso de la jueza e ejecuciones de San Crist\u00f3bal de las Casas de nombre M. Guadalupe Flores Rocha que personalmente se comprometi\u00f3 en nuestras libertades como Marcelino Ruiz G\u00f3mez aqu\u00ed del CERSS 10 Comit\u00e1n y del nuestros compa\u00f1ero Adri\u00e1n G\u00f3mez Jim\u00e9nez que se encuentra recluido en el CERSS No 5 de San Crist\u00f3bal integrante de la organizaci\u00f3n La Voz de Ind\u00edgenas en Resistencia y nuestros compa\u00f1eros de La Verdadera Voz del Amate. Exigimos el cumplimiento de su palabra de la jueza ya que no se ha movido ni un dedo ah\u00ed sentada atr\u00e1s de su escritorio observando nuestros sufrimientos\u201d, evidencian los ind\u00edgenas desde las c\u00e1rceles del estado.<\/p>\n<p>FUENTE: <a href=\"http:\/\/www.noestamostodxs.tk\/comunicado-de-nuestos-companeros-presos-en-lucha-exigiendo-justicia-tras-22-anos-de-la-masacre-de-acteal\/?fbclid=IwAR0Gt5OuHslDxS8awx96kIxrOAn_ahGCNFxDkz5WZMkGVDBc8RmzbsJXCVg\" target=\"_blank\" rel=\"noopener\">http:\/\/www.noestamostodxs.tk\/comunicado-de-nuestos-companeros-presos-en-lucha-exigiendo-justicia-tras-22-anos-de-la-masacre-de-acteal\/?fbclid=IwAR0Gt5OuHslDxS8awx96kIxrOAn_ahGCNFxDkz5WZMkGVDBc8RmzbsJXCVg<\/a><\/p>\n<p><a href=\"http:\/\/noestamostodxs.tk\/comunicado-de-nuestros-companeros-de-la-organizacion-vineketik-en-resistencia\/?fbclid=IwAR0X_SSb5wqZGq96HU6dcpJEIyUjkQGehBuwW9CYqY29za8zO1dCJrc6uLw\" target=\"_blank\" rel=\"noopener\">http:\/\/noestamostodxs.tk\/comunicado-de-nuestros-companeros-de-la-organizacion-vineketik-en-resistencia\/?fbclid=IwAR0X_SSb5wqZGq96HU6dcpJEIyUjkQGehBuwW9CYqY29za8zO1dCJrc6uLw<\/a>[:]<\/p>\n","protected":false},"excerpt":{"rendered":"<p>[:es]Chiapas, M\u00e9xico. 24 de diciembre. \u201cEste mes la pasamos tristes sin estar al lado de nuestras familias y amigxs. Me han privado de mi libertad, llevo 15 a\u00f1os sin festejar la Navidad con mis familiares. Hago hincapi\u00e9 que el gobierno estatal y junto con sus funcionarios p\u00fablicos me tiene privado de mi libertad, aunque ya [&hellip;]<\/p>\n","protected":false},"author":1,"featured_media":33207,"comment_status":"open","ping_status":"closed","sticky":false,"template":"","format":"standard","meta":{"footnotes":""},"categories":[6,962,196],"tags":[917,53,948],"class_list":["post-33206","post","type-post","status-publish","format-standard","has-post-thumbnail","hentry","category-chiapas","category-presos","category-radio-pozol","tag-chiapas","tag-justicia","tag-presos"],"_links":{"self":[{"href":"https:\/\/radiozapatista.org\/index.php?rest_route=\/wp\/v2\/posts\/33206","targetHints":{"allow":["GET"]}}],"collection":[{"href":"https:\/\/radiozapatista.org\/index.php?rest_route=\/wp\/v2\/posts"}],"about":[{"href":"https:\/\/radiozapatista.org\/index.php?rest_route=\/wp\/v2\/types\/post"}],"author":[{"embeddable":true,"href":"https:\/\/radiozapatista.org\/index.php?rest_route=\/wp\/v2\/users\/1"}],"replies":[{"embeddable":true,"href":"https:\/\/radiozapatista.org\/index.php?rest_route=%2Fwp%2Fv2%2Fcomments&post=33206"}],"version-history":[{"count":1,"href":"https:\/\/radiozapatista.org\/index.php?rest_route=\/wp\/v2\/posts\/33206\/revisions"}],"predecessor-version":[{"id":33208,"href":"https:\/\/radiozapatista.org\/index.php?rest_route=\/wp\/v2\/posts\/33206\/revisions\/33208"}],"wp:featuredmedia":[{"embeddable":true,"href":"https:\/\/radiozapatista.org\/index.php?rest_route=\/wp\/v2\/media\/33207"}],"wp:attachment":[{"href":"https:\/\/radiozapatista.org\/index.php?rest_route=%2Fwp%2Fv2%2Fmedia&parent=33206"}],"wp:term":[{"taxonomy":"category","embeddable":true,"href":"https:\/\/radiozapatista.org\/index.php?rest_route=%2Fwp%2Fv2%2Fcategories&post=33206"},{"taxonomy":"post_tag","embeddable":true,"href":"https:\/\/radiozapatista.org\/index.php?rest_route=%2Fwp%2Fv2%2Ftags&post=33206"}],"curies":[{"name":"wp","href":"https:\/\/api.w.org\/{rel}","templated":true}]}}