{"id":33085,"date":"2019-12-24T10:19:59","date_gmt":"2019-12-24T16:19:59","guid":{"rendered":"https:\/\/radiozapatista.org\/?p=33085"},"modified":"2020-01-25T07:30:13","modified_gmt":"2020-01-25T13:30:13","slug":"foro-en-defensa-del-territorio-y-la-madre-tierra-audios-y-fotos","status":"publish","type":"post","link":"https:\/\/radiozapatista.org\/?p=33085","title":{"rendered":"Foro en Defensa del Territorio y la Madre Tierra [audios y fotos]"},"content":{"rendered":"<p>El 21 y 22 de diciembre de 2019, en el nuevo caracol Jacinto Canek, en las instalaciones del Cideci\/UniTierra, San Crist\u00f3bal de Las Casas, Chiapas, se realiz\u00f3 el <a href=\"https:\/\/radiozapatista.org\/?page_id=33032\"><strong>Foro en Defensa del Territorio y la Madre Tierra<\/strong><\/a>, convocado por el Congreso Nacional Ind\u00edgena, el Concejo Ind\u00edgena de Gobierno y el Ej\u00e9rcito Zapatista de Liberaci\u00f3n Nacional.<\/p>\n<p>En el evento estuvieron presentes 435 asistentes y 486 delegados e invitados, sumando un total de 921 personas de 25 estados de la rep\u00fablica y de 24 pa\u00edses: Francia, Alemania, Argentina, Australia, Austria, Brasil, Costa Rica, Guatemala, Reino Unido, Canad\u00e1, Chile, Colombia, Dinamarca, Estado Espa\u00f1ol, Estados Unidos, Italia, Kenia, Per\u00fa, Uruguay, Cuba, Suiza, Irlanda, Nueva Zelanda y Portugal.<\/p>\n<p>En el transcurso de esos dos d\u00edas, las presentaciones de los pueblos y organizaciones a lo largo y ancho del pa\u00eds (adem\u00e1s de testimonios de los pueblos originarios de Colombia, del pueblo Mapuche de Chile y de las mujeres Kurdas) constituyeron una valios\u00edsima radiograf\u00eda de la naci\u00f3n que no se encuentra en otros espacios y mucho menos en el discurso oficial.<\/p>\n<p>El tema com\u00fan a todas las presentaciones fue lo que muchos denominaron como una guerra del capital contra los pueblos originarios, por medio de megaproyectos que arrasan con el territorio y la Madre Tierra: extracci\u00f3n de hidrocarburos (incluyendo el devastador m\u00e9todo de fractura hidr\u00e1ulica o <em>fracking<\/em>), gaseoductos, hidroel\u00e9ctricas, termoel\u00e9ctricas, e\u00f3licas, miner\u00eda, agroindustria, megaproyectos tur\u00edsticos, as\u00ed como el corredor interoce\u00e1nico en el Istmo de Tehuantepec y el mal llamado Tren Maya.<\/p>\n<p>(Una fuente muy \u00fatil para entender el avance de los megaproyectos que amenazan la vida y los territorios en M\u00e9xico y Centroam\u00e9rica es la plataforma de <a href=\"http:\/\/www.geocomunes.org\/\" target=\"_blank\" rel=\"noopener\">Geocomunes M\u00e9xico<\/a>.)<\/p>\n<p>El resultado de esta ofensiva del capital ha sido el despojo de territorios, la contaminaci\u00f3n de tierras y aguas, el desplazamiento forzado de poblaciones y la amenaza no s\u00f3lo a la supervivencia material de los pueblos, sino tambi\u00e9n a sus formas de vida, sus culturas, sus tradiciones, sus lenguas, su cosmovisi\u00f3n.<\/p>\n<p><!--more-->En esa ofensiva participan de forma coordinada las empresas (muchas de ellas transnacionales), los tres niveles de gobierno (con el respaldo de la Guardia Nacional) y el crimen organizado, que con cada vez m\u00e1s frecuencia funciona como el brazo armado del capital que secuestra, desaparece y asesina a l\u00edderes de las resistencias y aterroriza y desplaza a poblaciones enteras, para abrir paso a las empresas y sus megaproyectos.<\/p>\n<p>La mayor\u00eda de las concesiones otorgadas en el pa\u00eds son por 50 a\u00f1os, renovables por 100 a\u00f1os, e involucran miles de hect\u00e1reas del territorio nacional. En pr\u00e1cticamente todos los casos, el Convenio 169 de la Organizaci\u00f3n Internacional del Trabajo, del cual M\u00e9xico es firmante, y que exige el consentimiento previo, libre e informado de los pueblos afectados, no se cumple. Seg\u00fan denuncian los pueblos y organizaciones presentes, las consultas promovidas por el gobierno de la &#8220;Cuarta Transformaci\u00f3n&#8221; son ama\u00f1adas y est\u00e1n muy lejos de cumplir con los requisitos de la OIT 169.<\/p>\n<p>Otro eje com\u00fan es la divisi\u00f3n de los pueblos, por medio de presiones, d\u00e1divas y compra de voluntades, as\u00ed como amenazas y violencia directa. Aunque esto ha sido una constante a lo largo del per\u00edodo neoliberal, dichas divisiones se incrementaron en la actual administraci\u00f3n, con la cooptaci\u00f3n de muchos por el partido Morena y la seducci\u00f3n de programas como &#8220;Sembrando Vida&#8221; y &#8220;J\u00f3venes Construyendo Futuro&#8221;, fuertemente criticados por varios ponentes.<\/p>\n<h4>Resistencias<\/h4>\n<p>Ante ese panorama, los pueblos resisten. A lo largo de estos dos d\u00edas, escuchamos historias de asesinatos, desaparici\u00f3n forzada, desplazamiento, despojo y la evidencia de un sistema legal que &#8220;no est\u00e1 para protegernos, sino para protegerlos a ellos [a los intereses empresariales] de nosotros&#8221;, como expres\u00f3 un delegado. Al mismo tiempo, se escucharon historias de luchas que lograron frenar megaproyectos y de iniciativas que defienden el territorio y la Madre Tierra por medio de la organizaci\u00f3n, la colectividad, la autonom\u00eda, la acci\u00f3n legal y sobre todo la acci\u00f3n directa. Entre las experiencias m\u00e1s exitosas se encuentran las de Cher\u00e1n y Ostula, en Michoac\u00e1n, la del Ejido Tila y desde luego la zapatista en Chiapas.<\/p>\n<p>Los pueblos y organizaciones reconocieron que la resistencia incluye varios ejes: procesos pol\u00edticos organizativos, procesos cient\u00edficos y t\u00e9cnicos para entender cabalmente las din\u00e1micas de destrucci\u00f3n, procesos de defensa jur\u00eddica y sobre todo procesos de construcci\u00f3n de autonom\u00eda y de fortalecimiento de las culturas propias.<\/p>\n<p>El delegado de la organizaci\u00f3n LA VIDA de Veracruz defini\u00f3 con cierto humor la defensa territorial con la siguiente f\u00f3rmula: DT = E<sup>7<\/sup>\/C. La defensa del territorio, explic\u00f3, implica siete &#8220;E&#8221;: \u00c9tica (el quehacer de la resistencia siempre orientado por principios \u00e9ticos); \u00c9pica (la posibilidad de los pueblos de enfrentarse, y vencer, al poder\u00edo del capital, del gobierno y sus fuerzas represivas y del crimen organizado); Est\u00e9tica (el sentido de belleza de los pueblos); Esperanza (una esperanza activa, no pasiva, que se nutre de la acci\u00f3n organizada); Educaci\u00f3n (el conocimiento como base de toda acci\u00f3n de ressitencia); Espiritual (lo que aglutina a los pueblos y les hace cobrar vida); Emotiva (el lugar central del coraz\u00f3n en las luchas). Todo esto, fundamentado en &#8220;C&#8221;: lo Colectivo, la Comunidad.<\/p>\n<h4>La experiencia zapatista<\/h4>\n<p>Un momento importante del Foro fue la participaci\u00f3n de bases de apoyo zapatistas, que nos llevaron por un recorrido de la construcci\u00f3n de su autonom\u00eda y de &#8220;otro mundo posible&#8221;. Las palabras de 20 mujeres y hombres zapatistas revelaron el trabajo minucioso, a lo largo de estos 26 a\u00f1os de vida p\u00fablica, en la construcci\u00f3n de una forma de gobierno propio; en su concepci\u00f3n de la democracia; en la construcci\u00f3n de sistemas propios de salud y educaci\u00f3n; en la participaci\u00f3n de las mujeres y los j\u00f3venes en la organizaci\u00f3n, la autonom\u00eda y las tres instancias de gobierno aut\u00f3nomo; en la resistencia y la rebeld\u00eda como fundamentos de la autonom\u00eda; en la organizaci\u00f3n de los trabajos colectivos como medio de financiar todas las iniciativas aut\u00f3nomas; as\u00ed como el trabajo pol\u00edtico realizado en tiempos recientes con hermanos y hermanas no zapatistas.<\/p>\n<p>Lejos de una visi\u00f3n idealizada de la autonom\u00eda zapatista, lo que las bases de apoyo (con la intervenci\u00f3n oportuna del Subcomandante Mois\u00e9s en dos ocasiones) nos revelaron fue tambi\u00e9n las dificultades, los problemas, los desaf\u00edos y las fallas en esa construcci\u00f3n.<\/p>\n<p>Aunque no representa una f\u00f3rmula a ser seguida al pie de la letra por otros pueblos y otros procesos, los testimonios aqu\u00ed recabados constituyen una muestra cabal de que s\u00ed es posible construir alternativas de vida ante el sistema de muerte que padecemos.<\/p>\n<p>(Ve el excelente art\u00edculo de <a href=\"http:\/\/www.pozol.org\/?p=17734\" target=\"_blank\" rel=\"noopener\">Radio Pozol<\/a> sobre la participaci\u00f3n zapatista en el Foro <a href=\"https:\/\/radiozapatista.org\/?p=33075\">aqu\u00ed<\/a>.)<\/p>\n<h4>Acuerdos<\/h4>\n<p>Al finalizar el evento, se discutieron las resoluciones planteadas durante las reuniones de las y los delegados en d\u00edas anteriores. Se acord\u00f3 lo siguiente:<\/p>\n<p>El 7 de enero se lanzar\u00e1 una convocatoria a las <strong>Jornadas en Defensa del Territorio y la Madre Tierra &#8220;Samir Somos Todxs&#8221;<\/strong>, para los d\u00edas 20, 21 y 22 de febrero de 2020, concluyendo el 22 de febrero con una Asamblea Nacional de trabajo. La convocatoria ser\u00e1 elaborada por la coordinaci\u00f3n del Congreso Nacional Ind\u00edgena &#8211; Concejo Ind\u00edgena de Gobierno y la Comisi\u00f3n Sexta del EZLN. Para viabilizar las Jornadas, el 11 de enero a la 1 pm, en la Ciudad de M\u00e9xico, se realizar\u00e1 una reuni\u00f3n de log\u00edstica y de estrategias de comunicaci\u00f3n interna y externa.<\/p>\n<h4>Nace un caracol<\/h4>\n<p>Al d\u00eda siguiente de la conclusi\u00f3n del Foro, se estableci\u00f3 formalmente el caracol Jacinto Canek, en las instalaciones del Cideci\/Unitierra, en San Crist\u00f3bal de Las Casas, con &#8220;la entrega formal de los cinco bastones de mando que representa los municipios y regiones aut\u00f3nomas que conforman este nuevo Caracol, por la Junta de Buen Gobierno del Caracol II de Oventic&#8221;, como expres\u00f3 la Comandancia General del EZLN. La nueva Junta de Buen Gobierno llevar\u00e1 el nombre de \u201cFlor de nuestra palabra, luz de nuestros pueblos que refleja para todos y todas\u201d, y representa un paso importante en la expansi\u00f3n de la autonom\u00eda zapatista con el establecimiento de un caracol en plena ciudad colonial que, desde la Conquista, ha representado el poder terrateniente, racista y opresor sobre los pueblos originarios de Chiapas.<\/p>\n<h3>Audios de las ponencias<\/h3>\n<p>Presentamos aqu\u00ed los audios de todas las ponencias y testimonios de los participantes en el Foro en Defensa del Territorio y la Madre Tierra.<\/p>\n<h4>21 de diciembre<\/h4>\n<p>Primer bloque:<\/p>\n<div class=\"wp-playlist wp-audio-playlist wp-playlist-light\">\n\t\t\t<div class=\"wp-playlist-current-item\"><\/div>\n\t\t<audio controls=\"controls\" preload=\"none\" width=\"640\"\n\t\t\t><\/audio>\n\t<div class=\"wp-playlist-next\"><\/div>\n\t<div class=\"wp-playlist-prev\"><\/div>\n\t<noscript>\n\t<ol>\n\t\t<li><a href='https:\/\/radiozapatista.org\/wp-content\/uploads\/2019\/12\/ForoDT_dia1_01CCRI.mp3'>Inauguraci\u00f3n CCRI-CG EZLN<\/a><\/li><li><a href='https:\/\/radiozapatista.org\/wp-content\/uploads\/2019\/12\/ForoDT_dia1_02CIG.mp3'>Inauguraci\u00f3n - CIG<\/a><\/li><li><a href='https:\/\/radiozapatista.org\/wp-content\/uploads\/2019\/12\/ForoDT_dia1_03TribuYaqui.mp3'>Tribu Yaqui del Pueblo de B\u00e1cum, Sonora<\/a><\/li><li><a href='https:\/\/radiozapatista.org\/wp-content\/uploads\/2019\/12\/ForoDT_dia1_04Binniza.mp3'>Asamblea de los Pueblos Ind\u00edgenas del Istmo de Tehuantepec en Defensa de la Tierra y el Territorio, pueblo Binniz\u00e1, Oaxaca<\/a><\/li><li><a href='https:\/\/radiozapatista.org\/wp-content\/uploads\/2019\/12\/ForoDT_dia1_05SierraSantaMarta.mp3'>Proceso de Articulaci\u00f3n de la Sierra de Santa Martha. Sur de Veracruz<\/a><\/li><li><a href='https:\/\/radiozapatista.org\/wp-content\/uploads\/2019\/12\/ForoDT_dia1_06NayeriNayarit.mp3'>Pueblo N\u00e1yeri de Nayarit<\/a><\/li><li><a href='https:\/\/radiozapatista.org\/wp-content\/uploads\/2019\/12\/ForoDT_dia1_07Monterrey.mp3'>Junta de Vecinos en Resistencia Tanque y Am\u00e9ricas de Monterrey, Nuevo Le\u00f3n<\/a><\/li><li><a href='https:\/\/radiozapatista.org\/wp-content\/uploads\/2019\/12\/ForoDT_dia1_08SanLorenzoAzquelan.mp3'>Comunidad de San Lorenzo Azqueltan, Jalisco<\/a><\/li>\t<\/ol>\n\t<\/noscript>\n\t<script type=\"application\/json\" class=\"wp-playlist-script\">{\"type\":\"audio\",\"tracklist\":true,\"tracknumbers\":true,\"images\":true,\"artists\":false,\"tracks\":[{\"src\":\"https:\/\/radiozapatista.org\/wp-content\/uploads\/2019\/12\/ForoDT_dia1_01CCRI.mp3\",\"type\":\"audio\/mpeg\",\"title\":\"Inauguraci\\u00f3n CCRI-CG EZLN\",\"caption\":\"Inauguraci\\u00f3n - palabras del CCRI-CG del EZLN\",\"description\":\"Inauguraci\\u00f3n - palabras del CCRI-CG del EZLN\",\"meta\":{\"album\":\"Foro en Defensa del Territorio y la Madre Tierra\",\"length_formatted\":\"1:43\"},\"image\":{\"src\":\"https:\/\/radiozapatista.org\/wp-includes\/images\/media\/audio.svg\",\"width\":48,\"height\":64},\"thumb\":{\"src\":\"https:\/\/radiozapatista.org\/wp-includes\/images\/media\/audio.svg\",\"width\":48,\"height\":64}},{\"src\":\"https:\/\/radiozapatista.org\/wp-content\/uploads\/2019\/12\/ForoDT_dia1_02CIG.mp3\",\"type\":\"audio\/mpeg\",\"title\":\"Inauguraci\\u00f3n - CIG\",\"caption\":\"Inauguraci\\u00f3n - Palabras del CIG\",\"description\":\"Inauguraci\\u00f3n - Palabras del CIG\",\"meta\":{\"album\":\"Foro en Defensa del Territorio y la Madre Tierra\",\"length_formatted\":\"0:25\"},\"image\":{\"src\":\"https:\/\/radiozapatista.org\/wp-includes\/images\/media\/audio.svg\",\"width\":48,\"height\":64},\"thumb\":{\"src\":\"https:\/\/radiozapatista.org\/wp-includes\/images\/media\/audio.svg\",\"width\":48,\"height\":64}},{\"src\":\"https:\/\/radiozapatista.org\/wp-content\/uploads\/2019\/12\/ForoDT_dia1_03TribuYaqui.mp3\",\"type\":\"audio\/mpeg\",\"title\":\"Tribu Yaqui del Pueblo de B\\u00e1cum, Sonora\",\"caption\":\"Tribu Yaqui del Pueblo de B\\u00e1cum, Sonora\",\"description\":\"Tribu Yaqui del Pueblo de B\\u00e1cum, Sonora\",\"meta\":{\"album\":\"Defensa del territorio de la Tribu Yaqui\",\"length_formatted\":\"8:25\"},\"image\":{\"src\":\"https:\/\/radiozapatista.org\/wp-includes\/images\/media\/audio.svg\",\"width\":48,\"height\":64},\"thumb\":{\"src\":\"https:\/\/radiozapatista.org\/wp-includes\/images\/media\/audio.svg\",\"width\":48,\"height\":64}},{\"src\":\"https:\/\/radiozapatista.org\/wp-content\/uploads\/2019\/12\/ForoDT_dia1_04Binniza.mp3\",\"type\":\"audio\/mpeg\",\"title\":\"Asamblea de los Pueblos Ind\\u00edgenas del Istmo de Tehuantepec en Defensa de la Tierra y el Territorio, pueblo Binniz\\u00e1, Oaxaca\",\"caption\":\" Asamblea de los Pueblos Ind\\u00edgenas del Istmo de Tehuantepec en Defensa de la Tierra y el Territorio, pueblo Binniz\\u00e1, Oaxaca\",\"description\":\" Asamblea de los Pueblos Ind\\u00edgenas del Istmo de Tehuantepec en Defensa de la Tierra y el Territorio, pueblo Binniz\\u00e1, Oaxaca\",\"meta\":{\"album\":\"El Istmo en la encrucijada\",\"length_formatted\":\"9:03\"},\"image\":{\"src\":\"https:\/\/radiozapatista.org\/wp-includes\/images\/media\/audio.svg\",\"width\":48,\"height\":64},\"thumb\":{\"src\":\"https:\/\/radiozapatista.org\/wp-includes\/images\/media\/audio.svg\",\"width\":48,\"height\":64}},{\"src\":\"https:\/\/radiozapatista.org\/wp-content\/uploads\/2019\/12\/ForoDT_dia1_05SierraSantaMarta.mp3\",\"type\":\"audio\/mpeg\",\"title\":\"Proceso de Articulaci\\u00f3n de la Sierra de Santa Martha. Sur de Veracruz\",\"caption\":\"Proceso de Articulaci\\u00f3n de la Sierra de Santa Martha. Sur de Veracruz\",\"description\":\"Proceso de Articulaci\\u00f3n de la Sierra de Santa Martha. Sur de Veracruz\",\"meta\":{\"album\":\"Resistencias y rebeld\\u00edas en el territorio ind\\u00edgena nuntaj+yi y nahua de Santa Marta\",\"length_formatted\":\"13:06\"},\"image\":{\"src\":\"https:\/\/radiozapatista.org\/wp-includes\/images\/media\/audio.svg\",\"width\":48,\"height\":64},\"thumb\":{\"src\":\"https:\/\/radiozapatista.org\/wp-includes\/images\/media\/audio.svg\",\"width\":48,\"height\":64}},{\"src\":\"https:\/\/radiozapatista.org\/wp-content\/uploads\/2019\/12\/ForoDT_dia1_06NayeriNayarit.mp3\",\"type\":\"audio\/mpeg\",\"title\":\"Pueblo N\\u00e1yeri de Nayarit\",\"caption\":\"Pueblo N\\u00e1yeri de Nayarit\",\"description\":\"Pueblo N\\u00e1yeri de Nayarit\",\"meta\":{\"album\":\"La forma de resistir del pueblo N\\u00e1yeri en la defensa del Rio\",\"length_formatted\":\"12:38\"},\"image\":{\"src\":\"https:\/\/radiozapatista.org\/wp-includes\/images\/media\/audio.svg\",\"width\":48,\"height\":64},\"thumb\":{\"src\":\"https:\/\/radiozapatista.org\/wp-includes\/images\/media\/audio.svg\",\"width\":48,\"height\":64}},{\"src\":\"https:\/\/radiozapatista.org\/wp-content\/uploads\/2019\/12\/ForoDT_dia1_07Monterrey.mp3\",\"type\":\"audio\/mpeg\",\"title\":\"Junta de Vecinos en Resistencia Tanque y Am\\u00e9ricas de Monterrey, Nuevo Le\\u00f3n\",\"caption\":\"Junta de Vecinos en Resistencia Tanque y Am\\u00e9ricas de Monterrey, Nuevo Le\\u00f3n\",\"description\":\"Junta de Vecinos en Resistencia Tanque y Am\\u00e9ricas de Monterrey, Nuevo Le\\u00f3n\",\"meta\":{\"album\":\"Recorrido hist\\u00f3rico, cultural y gentrificaci\\u00f3n de la Colonia Independencia\",\"length_formatted\":\"18:39\"},\"image\":{\"src\":\"https:\/\/radiozapatista.org\/wp-includes\/images\/media\/audio.svg\",\"width\":48,\"height\":64},\"thumb\":{\"src\":\"https:\/\/radiozapatista.org\/wp-includes\/images\/media\/audio.svg\",\"width\":48,\"height\":64}},{\"src\":\"https:\/\/radiozapatista.org\/wp-content\/uploads\/2019\/12\/ForoDT_dia1_08SanLorenzoAzquelan.mp3\",\"type\":\"audio\/mpeg\",\"title\":\"Comunidad de San Lorenzo Azqueltan, Jalisco\",\"caption\":\"Comunidad de San Lorenzo Azqueltan, Jalisco\",\"description\":\"Comunidad de San Lorenzo Azqueltan, Jalisco\",\"meta\":{\"album\":\"La lucha de la comunidad aut\\u00f3noma tepehuana y wix\\u00e1rika de San Lorenzo de Azqueltan\",\"length_formatted\":\"10:30\"},\"image\":{\"src\":\"https:\/\/radiozapatista.org\/wp-includes\/images\/media\/audio.svg\",\"width\":48,\"height\":64},\"thumb\":{\"src\":\"https:\/\/radiozapatista.org\/wp-includes\/images\/media\/audio.svg\",\"width\":48,\"height\":64}}]}<\/script>\n<\/div>\n\t\n<p>Segundo bloque:<\/p>\n<div class=\"wp-playlist wp-audio-playlist wp-playlist-light\">\n\t\t\t<div class=\"wp-playlist-current-item\"><\/div>\n\t\t<audio controls=\"controls\" preload=\"none\" width=\"640\"\n\t\t\t><\/audio>\n\t<div class=\"wp-playlist-next\"><\/div>\n\t<div class=\"wp-playlist-prev\"><\/div>\n\t<noscript>\n\t<ol>\n\t\t<li><a href='https:\/\/radiozapatista.org\/wp-content\/uploads\/2019\/12\/ForoDT_dia1_09UnSaltoDeVidaJalisco.mp3'>Un Salto de Vida, Jalisco<\/a><\/li><li><a href='https:\/\/radiozapatista.org\/wp-content\/uploads\/2019\/12\/ForoDT_dia1_10ProfectarRaramuri.mp3'>PROFECTAR, Pueblo Rar\u00e1muri de Chihuahua<\/a><\/li><li><a href='https:\/\/radiozapatista.org\/wp-content\/uploads\/2019\/12\/ForoDT_dia1_11OrienteEdoMex.mp3'>Coordinadora De Pueblos y Organizaciones del Oriente del Estado de M\u00e9xico y Ciudad de M\u00e9xico<\/a><\/li><li><a href='https:\/\/radiozapatista.org\/wp-content\/uploads\/2019\/12\/ForoDT_dia1_12TecamacEdoMex.mp3'>Organizaci\u00f3n de los Doce Pueblos de Tec\u00e1mac, Estado de M\u00e9xico<\/a><\/li><li><a href='https:\/\/radiozapatista.org\/wp-content\/uploads\/2019\/12\/ForoDT_dia1_13ZacualpanColima.mp3'>Comunidad ind\u00edgena nahua de Zacualpan, Colima<\/a><\/li><li><a href='https:\/\/radiozapatista.org\/wp-content\/uploads\/2019\/12\/ForoDT_dia1_14CheranMichoacan.mp3'>Cher\u00e1n, Michoac\u00e1n<\/a><\/li>\t<\/ol>\n\t<\/noscript>\n\t<script type=\"application\/json\" class=\"wp-playlist-script\">{\"type\":\"audio\",\"tracklist\":true,\"tracknumbers\":true,\"images\":true,\"artists\":false,\"tracks\":[{\"src\":\"https:\/\/radiozapatista.org\/wp-content\/uploads\/2019\/12\/ForoDT_dia1_09UnSaltoDeVidaJalisco.mp3\",\"type\":\"audio\/mpeg\",\"title\":\"Un Salto de Vida, Jalisco\",\"caption\":\"Un Salto de Vida, Jalisco\",\"description\":\"Un Salto de Vida, Jalisco\",\"meta\":{\"album\":\"Industrializaci\\u00f3n y despojo a los pueblos del R\\u00edo Santiago\",\"length_formatted\":\"19:03\"},\"image\":{\"src\":\"https:\/\/radiozapatista.org\/wp-includes\/images\/media\/audio.svg\",\"width\":48,\"height\":64},\"thumb\":{\"src\":\"https:\/\/radiozapatista.org\/wp-includes\/images\/media\/audio.svg\",\"width\":48,\"height\":64}},{\"src\":\"https:\/\/radiozapatista.org\/wp-content\/uploads\/2019\/12\/ForoDT_dia1_10ProfectarRaramuri.mp3\",\"type\":\"audio\/mpeg\",\"title\":\"PROFECTAR, Pueblo Rar\\u00e1muri de Chihuahua\",\"caption\":\"PROFECTAR, Pueblo Rar\\u00e1muri de Chihuahua\",\"description\":\"PROFECTAR, Pueblo Rar\\u00e1muri de Chihuahua\",\"meta\":{\"album\":\"Contexto de la Tarahumara\",\"length_formatted\":\"15:52\"},\"image\":{\"src\":\"https:\/\/radiozapatista.org\/wp-includes\/images\/media\/audio.svg\",\"width\":48,\"height\":64},\"thumb\":{\"src\":\"https:\/\/radiozapatista.org\/wp-includes\/images\/media\/audio.svg\",\"width\":48,\"height\":64}},{\"src\":\"https:\/\/radiozapatista.org\/wp-content\/uploads\/2019\/12\/ForoDT_dia1_11OrienteEdoMex.mp3\",\"type\":\"audio\/mpeg\",\"title\":\"Coordinadora De Pueblos y Organizaciones del Oriente del Estado de M\\u00e9xico y Ciudad de M\\u00e9xico\",\"caption\":\"Coordinadora De Pueblos y Organizaciones del Oriente del Estado de M\\u00e9xico y Ciudad de M\\u00e9xico\",\"description\":\"Coordinadora De Pueblos y Organizaciones del Oriente del Estado de M\\u00e9xico y Ciudad de M\\u00e9xico\",\"meta\":{\"album\":\"El nuevo aeropuerto, sus obras asociadas e implicaciones regionales, nacionales e internacionales\",\"length_formatted\":\"19:57\"},\"image\":{\"src\":\"https:\/\/radiozapatista.org\/wp-includes\/images\/media\/audio.svg\",\"width\":48,\"height\":64},\"thumb\":{\"src\":\"https:\/\/radiozapatista.org\/wp-includes\/images\/media\/audio.svg\",\"width\":48,\"height\":64}},{\"src\":\"https:\/\/radiozapatista.org\/wp-content\/uploads\/2019\/12\/ForoDT_dia1_12TecamacEdoMex.mp3\",\"type\":\"audio\/mpeg\",\"title\":\"Organizaci\\u00f3n de los Doce Pueblos de Tec\\u00e1mac, Estado de M\\u00e9xico\",\"caption\":\"Organizaci\\u00f3n de los Doce Pueblos de Tec\\u00e1mac, Estado de M\\u00e9xico\",\"description\":\"Organizaci\\u00f3n de los Doce Pueblos de Tec\\u00e1mac, Estado de M\\u00e9xico\",\"meta\":{\"album\":\"La resistencia de los pueblos originarios frente al Aeropuerto Internacional de Santa Luc\\u00eda; un megaproyecto de despojo, destrucci\\u00f3n y muerte\",\"length_formatted\":\"14:24\"},\"image\":{\"src\":\"https:\/\/radiozapatista.org\/wp-includes\/images\/media\/audio.svg\",\"width\":48,\"height\":64},\"thumb\":{\"src\":\"https:\/\/radiozapatista.org\/wp-includes\/images\/media\/audio.svg\",\"width\":48,\"height\":64}},{\"src\":\"https:\/\/radiozapatista.org\/wp-content\/uploads\/2019\/12\/ForoDT_dia1_13ZacualpanColima.mp3\",\"type\":\"audio\/mpeg\",\"title\":\"Comunidad ind\\u00edgena nahua de Zacualpan, Colima\",\"caption\":\"Comunidad ind\\u00edgena nahua de Zacualpan, Colima\",\"description\":\"Comunidad ind\\u00edgena nahua de Zacualpan, Colima\",\"meta\":{\"album\":\"Conservaci\\u00f3n y defensa del territorio comunitario en la comunidad ind\\u00edgena de Zacualpan\",\"length_formatted\":\"26:04\"},\"image\":{\"src\":\"https:\/\/radiozapatista.org\/wp-includes\/images\/media\/audio.svg\",\"width\":48,\"height\":64},\"thumb\":{\"src\":\"https:\/\/radiozapatista.org\/wp-includes\/images\/media\/audio.svg\",\"width\":48,\"height\":64}},{\"src\":\"https:\/\/radiozapatista.org\/wp-content\/uploads\/2019\/12\/ForoDT_dia1_14CheranMichoacan.mp3\",\"type\":\"audio\/mpeg\",\"title\":\"Cher\\u00e1n, Michoac\\u00e1n\",\"caption\":\"Cher\\u00e1n, Michoac\\u00e1n\",\"description\":\"Cher\\u00e1n, Michoac\\u00e1n\",\"meta\":{\"album\":\"La lucha de Cher\\u00e1n\",\"length_formatted\":\"11:30\"},\"image\":{\"src\":\"https:\/\/radiozapatista.org\/wp-includes\/images\/media\/audio.svg\",\"width\":48,\"height\":64},\"thumb\":{\"src\":\"https:\/\/radiozapatista.org\/wp-includes\/images\/media\/audio.svg\",\"width\":48,\"height\":64}}]}<\/script>\n<\/div>\n\t\n<p>Tercer bloque:<\/p>\n<div class=\"wp-playlist wp-audio-playlist wp-playlist-light\">\n\t\t\t<div class=\"wp-playlist-current-item\"><\/div>\n\t\t<audio controls=\"controls\" preload=\"none\" width=\"640\"\n\t\t\t><\/audio>\n\t<div class=\"wp-playlist-next\"><\/div>\n\t<div class=\"wp-playlist-prev\"><\/div>\n\t<noscript>\n\t<ol>\n\t\t<li><a href='https:\/\/radiozapatista.org\/wp-content\/uploads\/2019\/12\/ForoDT_dia1_15PedregalesCoyoacan.mp3'>Asamblea General de los Pueblos, Barrios, Colonias y Pedregales de Coyoac\u00e1n, Ciudad de M\u00e9xico<\/a><\/li><li><a href='https:\/\/radiozapatista.org\/wp-content\/uploads\/2019\/12\/ForoDT_dia1_16XpujilCampeche.mp3'>Consejo Regional Ind\u00edgena y Popular de Xpujil, Campeche<\/a><\/li><li><a href='https:\/\/radiozapatista.org\/wp-content\/uploads\/2019\/12\/ForoDT_dia1_17OpositorasLaParota.mp3'>ForoDT_dia1_17OpositorasLaParota<\/a><\/li><li><a href='https:\/\/radiozapatista.org\/wp-content\/uploads\/2019\/12\/ForoDT_dia1_18MorelosPueblaTlaxcala.mp3'>Frente de Pueblos en Defensa de la Tierra y el Agua de Morelos, Puebla y Tlaxcala<\/a><\/li><li><a href='https:\/\/radiozapatista.org\/wp-content\/uploads\/2019\/12\/ForoDT_dia1_19KaKuxtalMuchMayaj.mp3'>Ka Kuxtal Much Meyaj A.C., Pueblo Maya Peninsular, Campeche<\/a><\/li><li><a href='https:\/\/radiozapatista.org\/wp-content\/uploads\/2019\/12\/ForoDT_dia1_20OtomiesCDMX.mp3'>ForoDT_dia1_20OtomiesCDMX<\/a><\/li><li><a href='https:\/\/radiozapatista.org\/wp-content\/uploads\/2019\/12\/ForoDT_dia1_21FNLPguerrero.mp3'>Frente Nacional por la Liberaci\u00f3n de los Pueblos, Guerrero<\/a><\/li><li><a href='https:\/\/radiozapatista.org\/wp-content\/uploads\/2019\/12\/ForoDT_dia1_22RioMetlapanapaPuebla.mp3'>Defensores del R\u00edo Metlapanapa, Puebla<\/a><\/li><li><a href='https:\/\/radiozapatista.org\/wp-content\/uploads\/2019\/12\/ForoDT_dia1_23CIPOG-EZ.mp3'>Concejo Ind\u00edgena y Popular de Guerrero- Emiliano Zapata (CIPOG-EZ), Guerrero<\/a><\/li><li><a href='https:\/\/radiozapatista.org\/wp-content\/uploads\/2019\/12\/ForoDT_dia1_2CricOnicColombia.mp3'>CRIC y ONIC, Colombia<\/a><\/li>\t<\/ol>\n\t<\/noscript>\n\t<script type=\"application\/json\" class=\"wp-playlist-script\">{\"type\":\"audio\",\"tracklist\":true,\"tracknumbers\":true,\"images\":true,\"artists\":false,\"tracks\":[{\"src\":\"https:\/\/radiozapatista.org\/wp-content\/uploads\/2019\/12\/ForoDT_dia1_15PedregalesCoyoacan.mp3\",\"type\":\"audio\/mpeg\",\"title\":\"Asamblea General de los Pueblos, Barrios, Colonias y Pedregales de Coyoac\\u00e1n, Ciudad de M\\u00e9xico\",\"caption\":\"Asamblea General de los Pueblos, Barrios, Colonias y Pedregales de Coyoac\\u00e1n, Ciudad de M\\u00e9xico\",\"description\":\"Asamblea General de los Pueblos, Barrios, Colonias y Pedregales de Coyoac\\u00e1n, Ciudad de M\\u00e9xico\",\"meta\":{\"album\":\"La lucha en defensa del agua y el territorio en Los Pedregales de Coyoac\\u00e1n\",\"length_formatted\":\"21:48\"},\"image\":{\"src\":\"https:\/\/radiozapatista.org\/wp-includes\/images\/media\/audio.svg\",\"width\":48,\"height\":64},\"thumb\":{\"src\":\"https:\/\/radiozapatista.org\/wp-includes\/images\/media\/audio.svg\",\"width\":48,\"height\":64}},{\"src\":\"https:\/\/radiozapatista.org\/wp-content\/uploads\/2019\/12\/ForoDT_dia1_16XpujilCampeche.mp3\",\"type\":\"audio\/mpeg\",\"title\":\"Consejo Regional Ind\\u00edgena y Popular de Xpujil, Campeche\",\"caption\":\"Consejo Regional Ind\\u00edgena y Popular de Xpujil, Campeche\",\"description\":\"Consejo Regional Ind\\u00edgena y Popular de Xpujil, Campeche\",\"meta\":{\"album\":\"El auto enga\\u00f1o de la consulta\",\"length_formatted\":\"12:01\"},\"image\":{\"src\":\"https:\/\/radiozapatista.org\/wp-includes\/images\/media\/audio.svg\",\"width\":48,\"height\":64},\"thumb\":{\"src\":\"https:\/\/radiozapatista.org\/wp-includes\/images\/media\/audio.svg\",\"width\":48,\"height\":64}},{\"src\":\"https:\/\/radiozapatista.org\/wp-content\/uploads\/2019\/12\/ForoDT_dia1_17OpositorasLaParota.mp3\",\"type\":\"audio\/mpeg\",\"title\":\"ForoDT_dia1_17OpositorasLaParota\",\"caption\":\"Consejo de Ejidos y Comunidades Opositoras a la Presa La Parota, Guerrero\",\"description\":\"Consejo de Ejidos y Comunidades Opositoras a la Presa La Parota, Guerrero\",\"meta\":{\"length_formatted\":\"20:22\"},\"image\":{\"src\":\"https:\/\/radiozapatista.org\/wp-includes\/images\/media\/audio.svg\",\"width\":48,\"height\":64},\"thumb\":{\"src\":\"https:\/\/radiozapatista.org\/wp-includes\/images\/media\/audio.svg\",\"width\":48,\"height\":64}},{\"src\":\"https:\/\/radiozapatista.org\/wp-content\/uploads\/2019\/12\/ForoDT_dia1_18MorelosPueblaTlaxcala.mp3\",\"type\":\"audio\/mpeg\",\"title\":\"Frente de Pueblos en Defensa de la Tierra y el Agua de Morelos, Puebla y Tlaxcala\",\"caption\":\"Frente de Pueblos en Defensa de la Tierra y el Agua de Morelos, Puebla y Tlaxcala\",\"description\":\"Frente de Pueblos en Defensa de la Tierra y el Agua de Morelos, Puebla y Tlaxcala\",\"meta\":{\"album\":\"Defensa del territorio y el proyecto integral Morelos\",\"length_formatted\":\"17:01\"},\"image\":{\"src\":\"https:\/\/radiozapatista.org\/wp-includes\/images\/media\/audio.svg\",\"width\":48,\"height\":64},\"thumb\":{\"src\":\"https:\/\/radiozapatista.org\/wp-includes\/images\/media\/audio.svg\",\"width\":48,\"height\":64}},{\"src\":\"https:\/\/radiozapatista.org\/wp-content\/uploads\/2019\/12\/ForoDT_dia1_19KaKuxtalMuchMayaj.mp3\",\"type\":\"audio\/mpeg\",\"title\":\"Ka Kuxtal Much Meyaj A.C., Pueblo Maya Peninsular, Campeche\",\"caption\":\"Ka Kuxtal Much Meyaj A.C., Pueblo Maya Peninsular, Campeche\",\"description\":\"Ka Kuxtal Much Meyaj A.C., Pueblo Maya Peninsular, Campeche\",\"meta\":{\"album\":\"La resistencia maya a los megaproyectos de muerte desde las semillas de autonom\\u00eda\",\"length_formatted\":\"11:45\"},\"image\":{\"src\":\"https:\/\/radiozapatista.org\/wp-includes\/images\/media\/audio.svg\",\"width\":48,\"height\":64},\"thumb\":{\"src\":\"https:\/\/radiozapatista.org\/wp-includes\/images\/media\/audio.svg\",\"width\":48,\"height\":64}},{\"src\":\"https:\/\/radiozapatista.org\/wp-content\/uploads\/2019\/12\/ForoDT_dia1_20OtomiesCDMX.mp3\",\"type\":\"audio\/mpeg\",\"title\":\"ForoDT_dia1_20OtomiesCDMX\",\"caption\":\"Otom\\u00edes residentes en la Ciudad de M\\u00e9xico\",\"description\":\"Otom\\u00edes residentes en la Ciudad de M\\u00e9xico\",\"meta\":{\"album\":\"Frente al despojo, gentrificaci\\u00f3n y el racismo, la resistencia y la organizaci\\u00f3n otom\\u00ed CDMEX\",\"length_formatted\":\"8:56\"},\"image\":{\"src\":\"https:\/\/radiozapatista.org\/wp-includes\/images\/media\/audio.svg\",\"width\":48,\"height\":64},\"thumb\":{\"src\":\"https:\/\/radiozapatista.org\/wp-includes\/images\/media\/audio.svg\",\"width\":48,\"height\":64}},{\"src\":\"https:\/\/radiozapatista.org\/wp-content\/uploads\/2019\/12\/ForoDT_dia1_21FNLPguerrero.mp3\",\"type\":\"audio\/mpeg\",\"title\":\"Frente Nacional por la Liberaci\\u00f3n de los Pueblos, Guerrero\",\"caption\":\"Frente Nacional por la Liberaci\\u00f3n de los Pueblos, Guerrero\",\"description\":\"Frente Nacional por la Liberaci\\u00f3n de los Pueblos, Guerrero\",\"meta\":{\"album\":\"Desaparici\\u00f3n forzada\",\"length_formatted\":\"4:39\"},\"image\":{\"src\":\"https:\/\/radiozapatista.org\/wp-includes\/images\/media\/audio.svg\",\"width\":48,\"height\":64},\"thumb\":{\"src\":\"https:\/\/radiozapatista.org\/wp-includes\/images\/media\/audio.svg\",\"width\":48,\"height\":64}},{\"src\":\"https:\/\/radiozapatista.org\/wp-content\/uploads\/2019\/12\/ForoDT_dia1_22RioMetlapanapaPuebla.mp3\",\"type\":\"audio\/mpeg\",\"title\":\"Defensores del R\\u00edo Metlapanapa, Puebla\",\"caption\":\"Defensores del R\\u00edo Metlapanapa, Puebla\",\"description\":\"Defensores del R\\u00edo Metlapanapa, Puebla\",\"meta\":{\"album\":\"Defensa del R\\u00edo Metlapanapa\",\"length_formatted\":\"19:10\"},\"image\":{\"src\":\"https:\/\/radiozapatista.org\/wp-includes\/images\/media\/audio.svg\",\"width\":48,\"height\":64},\"thumb\":{\"src\":\"https:\/\/radiozapatista.org\/wp-includes\/images\/media\/audio.svg\",\"width\":48,\"height\":64}},{\"src\":\"https:\/\/radiozapatista.org\/wp-content\/uploads\/2019\/12\/ForoDT_dia1_23CIPOG-EZ.mp3\",\"type\":\"audio\/mpeg\",\"title\":\"Concejo Ind\\u00edgena y Popular de Guerrero- Emiliano Zapata (CIPOG-EZ), Guerrero\",\"caption\":\"Concejo Ind\\u00edgena y Popular de Guerrero- Emiliano Zapata (CIPOG-EZ), Guerrero\",\"description\":\"Concejo Ind\\u00edgena y Popular de Guerrero- Emiliano Zapata (CIPOG-EZ), Guerrero\",\"meta\":{\"album\":\"Territorio, autonom\\u00eda, resistencia colectiva\",\"length_formatted\":\"14:14\"},\"image\":{\"src\":\"https:\/\/radiozapatista.org\/wp-includes\/images\/media\/audio.svg\",\"width\":48,\"height\":64},\"thumb\":{\"src\":\"https:\/\/radiozapatista.org\/wp-includes\/images\/media\/audio.svg\",\"width\":48,\"height\":64}},{\"src\":\"https:\/\/radiozapatista.org\/wp-content\/uploads\/2019\/12\/ForoDT_dia1_2CricOnicColombia.mp3\",\"type\":\"audio\/mpeg\",\"title\":\"CRIC y ONIC, Colombia\",\"caption\":\"CRIC y ONIC, Colombia\",\"description\":\"CRIC y ONIC, Colombia\",\"meta\":{\"album\":\"La lucha de su guardia Ind\\u00edgena y la resistencia de las mujeres\",\"length_formatted\":\"13:50\"},\"image\":{\"src\":\"https:\/\/radiozapatista.org\/wp-includes\/images\/media\/audio.svg\",\"width\":48,\"height\":64},\"thumb\":{\"src\":\"https:\/\/radiozapatista.org\/wp-includes\/images\/media\/audio.svg\",\"width\":48,\"height\":64}}]}<\/script>\n<\/div>\n\t\n<p>Cuarto bloque:<\/p>\n<div class=\"wp-playlist wp-audio-playlist wp-playlist-light\">\n\t\t\t<div class=\"wp-playlist-current-item\"><\/div>\n\t\t<audio controls=\"controls\" preload=\"none\" width=\"640\"\n\t\t\t><\/audio>\n\t<div class=\"wp-playlist-next\"><\/div>\n\t<div class=\"wp-playlist-prev\"><\/div>\n\t<noscript>\n\t<ol>\n\t\t<li><a href='https:\/\/radiozapatista.org\/wp-content\/uploads\/2019\/12\/ForoDT_dia1_MuuchXimbal.mp3'>Asamblea de Defensores del Territorio Maya Muuch Ximbal, Yucat\u00e1n<\/a><\/li><li><a href='https:\/\/radiozapatista.org\/wp-content\/uploads\/2019\/12\/ForoDT_dia1_Ostula.mp3'>Comunidad ind\u00edgena de Santa Mar\u00eda Ostula, Michoac\u00e1n<\/a><\/li><li><a href='https:\/\/radiozapatista.org\/wp-content\/uploads\/2019\/12\/ForoDT_dia1_Tila.mp3'>Ejido Tila, Chiapas<\/a><\/li>\t<\/ol>\n\t<\/noscript>\n\t<script type=\"application\/json\" class=\"wp-playlist-script\">{\"type\":\"audio\",\"tracklist\":true,\"tracknumbers\":true,\"images\":true,\"artists\":true,\"tracks\":[{\"src\":\"https:\/\/radiozapatista.org\/wp-content\/uploads\/2019\/12\/ForoDT_dia1_MuuchXimbal.mp3\",\"type\":\"audio\/mpeg\",\"title\":\"Asamblea de Defensores del Territorio Maya Muuch Ximbal, Yucat\\u00e1n\",\"caption\":\"Asamblea de Defensores del Territorio Maya Muuch Ximbal, Yucat\\u00e1n\",\"description\":\"Asamblea de Defensores del Territorio Maya Muuch Ximbal, Yucat\\u00e1n\",\"meta\":{\"album\":\"La defensa del territorio en la Pen\\u00ednsula\",\"length_formatted\":\"15:45\"},\"image\":{\"src\":\"https:\/\/radiozapatista.org\/wp-includes\/images\/media\/audio.svg\",\"width\":48,\"height\":64},\"thumb\":{\"src\":\"https:\/\/radiozapatista.org\/wp-includes\/images\/media\/audio.svg\",\"width\":48,\"height\":64}},{\"src\":\"https:\/\/radiozapatista.org\/wp-content\/uploads\/2019\/12\/ForoDT_dia1_Ostula.mp3\",\"type\":\"audio\/mpeg\",\"title\":\"Comunidad ind\\u00edgena de Santa Mar\\u00eda Ostula, Michoac\\u00e1n\",\"caption\":\"Comunidad ind\\u00edgena de Santa Mar\\u00eda Ostula, Michoac\\u00e1n\",\"description\":\"Comunidad ind\\u00edgena de Santa Mar\\u00eda Ostula, Michoac\\u00e1n\",\"meta\":{\"album\":\"La lucha por la vida y el territorio de Santa Mar\\u00eda Ostula\",\"length_formatted\":\"25:34\"},\"image\":{\"src\":\"https:\/\/radiozapatista.org\/wp-includes\/images\/media\/audio.svg\",\"width\":48,\"height\":64},\"thumb\":{\"src\":\"https:\/\/radiozapatista.org\/wp-includes\/images\/media\/audio.svg\",\"width\":48,\"height\":64}},{\"src\":\"https:\/\/radiozapatista.org\/wp-content\/uploads\/2019\/12\/ForoDT_dia1_Tila.mp3\",\"type\":\"audio\/mpeg\",\"title\":\"Ejido Tila, Chiapas\",\"caption\":\"Ejido Tila, Chiapas\",\"description\":\"Ejido Tila, Chiapas\",\"meta\":{\"album\":\"La defensa de la tierra y el territorio\",\"length_formatted\":\"26:36\"},\"image\":{\"src\":\"https:\/\/radiozapatista.org\/wp-includes\/images\/media\/audio.svg\",\"width\":48,\"height\":64},\"thumb\":{\"src\":\"https:\/\/radiozapatista.org\/wp-includes\/images\/media\/audio.svg\",\"width\":48,\"height\":64}}]}<\/script>\n<\/div>\n\t\n<h4>22 de diciembre<\/h4>\n<p>Primer bloque:<\/p>\n<div class=\"wp-playlist wp-audio-playlist wp-playlist-light\">\n\t\t\t<div class=\"wp-playlist-current-item\"><\/div>\n\t\t<audio controls=\"controls\" preload=\"none\" width=\"640\"\n\t\t\t><\/audio>\n\t<div class=\"wp-playlist-next\"><\/div>\n\t<div class=\"wp-playlist-prev\"><\/div>\n\t<noscript>\n\t<ol>\n\t\t<li><a href='https:\/\/radiozapatista.org\/wp-content\/uploads\/2019\/12\/ForoDT_dia2_02QuintanaRoo.mp3'>Centro Comunitario Raxalaj Mayab y Colectivo Aut\u00f3nomo de Jos\u00e9 Mar\u00eda Morelos, Quintana Roo<\/a><\/li><li><a href='https:\/\/radiozapatista.org\/wp-content\/uploads\/2019\/12\/ForoDT_dia2_03CuatroVenadosOax.mp3'>Comuneros de Cuatro Venados, Oaxaca<\/a><\/li><li><a href='https:\/\/radiozapatista.org\/wp-content\/uploads\/2019\/12\/ForoDT_dia2_04Zodevite.mp3'>ZODEVITE, Chiapas<\/a><\/li><li><a href='https:\/\/radiozapatista.org\/wp-content\/uploads\/2019\/12\/ForoDT_dia2_05TiyatTlali.mp3'>Consejo Tiyat Tlali de la Sierra Norte de Puebla<\/a><\/li><li><a href='https:\/\/radiozapatista.org\/wp-content\/uploads\/2019\/12\/ForoDT_dia2_06MAIZ.mp3'>Movimiento Agrario Ind\u00edgena Zapatista (MAIZ), Puebla<\/a><\/li><li><a href='https:\/\/radiozapatista.org\/wp-content\/uploads\/2019\/12\/ForoDT_dia2_07UCIZONI.mp3'>Uni\u00f3n de Comunidades Ind\u00edgenas de la Zona Norte del Istmo (UCIZONI), Oaxaca<\/a><\/li><li><a href='https:\/\/radiozapatista.org\/wp-content\/uploads\/2019\/12\/ForoDT_dia2_08LAVIDA.mp3'>LA VIDA de Veracruz<\/a><\/li>\t<\/ol>\n\t<\/noscript>\n\t<script type=\"application\/json\" class=\"wp-playlist-script\">{\"type\":\"audio\",\"tracklist\":true,\"tracknumbers\":true,\"images\":true,\"artists\":false,\"tracks\":[{\"src\":\"https:\/\/radiozapatista.org\/wp-content\/uploads\/2019\/12\/ForoDT_dia2_02QuintanaRoo.mp3\",\"type\":\"audio\/mpeg\",\"title\":\"Centro Comunitario Raxalaj Mayab y Colectivo Aut\\u00f3nomo de Jos\\u00e9 Mar\\u00eda Morelos, Quintana Roo\",\"caption\":\"Centro Comunitario Raxalaj Mayab y Colectivo Aut\\u00f3nomo de Jos\\u00e9 Mar\\u00eda Morelos, Quintana Roo\",\"description\":\"Centro Comunitario Raxalaj Mayab y Colectivo Aut\\u00f3nomo de Jos\\u00e9 Mar\\u00eda Morelos, Quintana Roo\",\"meta\":{\"length_formatted\":\"17:44\"},\"image\":{\"src\":\"https:\/\/radiozapatista.org\/wp-includes\/images\/media\/audio.svg\",\"width\":48,\"height\":64},\"thumb\":{\"src\":\"https:\/\/radiozapatista.org\/wp-includes\/images\/media\/audio.svg\",\"width\":48,\"height\":64}},{\"src\":\"https:\/\/radiozapatista.org\/wp-content\/uploads\/2019\/12\/ForoDT_dia2_03CuatroVenadosOax.mp3\",\"type\":\"audio\/mpeg\",\"title\":\"Comuneros de Cuatro Venados, Oaxaca\",\"caption\":\"Comuneros de Cuatro Venados, Oaxaca\",\"description\":\"Comuneros de Cuatro Venados, Oaxaca\",\"meta\":{\"album\":\"La defensa del Territorio Comunal\",\"length_formatted\":\"14:25\"},\"image\":{\"src\":\"https:\/\/radiozapatista.org\/wp-includes\/images\/media\/audio.svg\",\"width\":48,\"height\":64},\"thumb\":{\"src\":\"https:\/\/radiozapatista.org\/wp-includes\/images\/media\/audio.svg\",\"width\":48,\"height\":64}},{\"src\":\"https:\/\/radiozapatista.org\/wp-content\/uploads\/2019\/12\/ForoDT_dia2_04Zodevite.mp3\",\"type\":\"audio\/mpeg\",\"title\":\"ZODEVITE, Chiapas\",\"caption\":\"ZODEVITE, Chiapas\",\"description\":\"ZODEVITE, Chiapas\",\"meta\":{\"album\":\"En defensa de la madre tierra de los megaproyectos extractivos\",\"length_formatted\":\"7:48\"},\"image\":{\"src\":\"https:\/\/radiozapatista.org\/wp-includes\/images\/media\/audio.svg\",\"width\":48,\"height\":64},\"thumb\":{\"src\":\"https:\/\/radiozapatista.org\/wp-includes\/images\/media\/audio.svg\",\"width\":48,\"height\":64}},{\"src\":\"https:\/\/radiozapatista.org\/wp-content\/uploads\/2019\/12\/ForoDT_dia2_05TiyatTlali.mp3\",\"type\":\"audio\/mpeg\",\"title\":\"Consejo Tiyat Tlali de la Sierra Norte de Puebla\",\"caption\":\"Consejo Tiyat Tlali de la Sierra Norte de Puebla\",\"description\":\"Consejo Tiyat Tlali de la Sierra Norte de Puebla\",\"meta\":{\"album\":\"La memoria en los pueblos masehual-totonaku en la sierra norte de Puebla\",\"length_formatted\":\"9:30\"},\"image\":{\"src\":\"https:\/\/radiozapatista.org\/wp-includes\/images\/media\/audio.svg\",\"width\":48,\"height\":64},\"thumb\":{\"src\":\"https:\/\/radiozapatista.org\/wp-includes\/images\/media\/audio.svg\",\"width\":48,\"height\":64}},{\"src\":\"https:\/\/radiozapatista.org\/wp-content\/uploads\/2019\/12\/ForoDT_dia2_06MAIZ.mp3\",\"type\":\"audio\/mpeg\",\"title\":\"Movimiento Agrario Ind\\u00edgena Zapatista (MAIZ), Puebla\",\"caption\":\"Movimiento Agrario Ind\\u00edgena Zapatista (MAIZ), Puebla\",\"description\":\"Movimiento Agrario Ind\\u00edgena Zapatista (MAIZ), Puebla\",\"meta\":{\"length_formatted\":\"15:32\"},\"image\":{\"src\":\"https:\/\/radiozapatista.org\/wp-includes\/images\/media\/audio.svg\",\"width\":48,\"height\":64},\"thumb\":{\"src\":\"https:\/\/radiozapatista.org\/wp-includes\/images\/media\/audio.svg\",\"width\":48,\"height\":64}},{\"src\":\"https:\/\/radiozapatista.org\/wp-content\/uploads\/2019\/12\/ForoDT_dia2_07UCIZONI.mp3\",\"type\":\"audio\/mpeg\",\"title\":\"Uni\\u00f3n de Comunidades Ind\\u00edgenas de la Zona Norte del Istmo (UCIZONI), Oaxaca\",\"caption\":\"Uni\\u00f3n de Comunidades Ind\\u00edgenas de la Zona Norte del Istmo (UCIZONI), Oaxaca\",\"description\":\"Uni\\u00f3n de Comunidades Ind\\u00edgenas de la Zona Norte del Istmo (UCIZONI), Oaxaca\",\"meta\":{\"album\":\"Corredor trans\\u00edstmico. Un megaproyecto neoliberal\",\"length_formatted\":\"11:27\"},\"image\":{\"src\":\"https:\/\/radiozapatista.org\/wp-includes\/images\/media\/audio.svg\",\"width\":48,\"height\":64},\"thumb\":{\"src\":\"https:\/\/radiozapatista.org\/wp-includes\/images\/media\/audio.svg\",\"width\":48,\"height\":64}},{\"src\":\"https:\/\/radiozapatista.org\/wp-content\/uploads\/2019\/12\/ForoDT_dia2_08LAVIDA.mp3\",\"type\":\"audio\/mpeg\",\"title\":\"LA VIDA de Veracruz\",\"caption\":\"LA VIDA de Veracruz\",\"description\":\"LA VIDA de Veracruz\",\"meta\":{\"album\":\"Re-existencia socioambiental en Veracruz\",\"length_formatted\":\"28:28\"},\"image\":{\"src\":\"https:\/\/radiozapatista.org\/wp-includes\/images\/media\/audio.svg\",\"width\":48,\"height\":64},\"thumb\":{\"src\":\"https:\/\/radiozapatista.org\/wp-includes\/images\/media\/audio.svg\",\"width\":48,\"height\":64}}]}<\/script>\n<\/div>\n\t\n<p>Segundo bloque &#8211; Palabras de bases de apoyo del EZLN:<\/p>\n<div class=\"wp-playlist wp-audio-playlist wp-playlist-light\">\n\t\t\t<div class=\"wp-playlist-current-item\"><\/div>\n\t\t<audio controls=\"controls\" preload=\"none\" width=\"640\"\n\t\t\t><\/audio>\n\t<div class=\"wp-playlist-next\"><\/div>\n\t<div class=\"wp-playlist-prev\"><\/div>\n\t<noscript>\n\t<ol>\n\t\t<li><a href='https:\/\/radiozapatista.org\/wp-content\/uploads\/2019\/12\/ForoDT_dia2_09EZ_Garrucha.mp3'>Construcci\u00f3n de la Autonom\u00eda<\/a><\/li><li><a href='https:\/\/radiozapatista.org\/wp-content\/uploads\/2019\/12\/ForoDT_dia2_10EZ_Garrucha.mp3'>Libertad en la autonom\u00eda<\/a><\/li><li><a href='https:\/\/radiozapatista.org\/wp-content\/uploads\/2019\/12\/ForoDT_dia2_11EZ_Garrucha.mp3'>Democracia<\/a><\/li><li><a href='https:\/\/radiozapatista.org\/wp-content\/uploads\/2019\/12\/ForoDT_dia2_12EZ_Garrucha.mp3'>Salud y educaci\u00f3n<\/a><\/li><li><a href='https:\/\/radiozapatista.org\/wp-content\/uploads\/2019\/12\/ForoDT_dia2_13EZ_JacintoCanek.mp3'>Participaci\u00f3n de las mujeres en la autonom\u00eda<\/a><\/li><li><a href='https:\/\/radiozapatista.org\/wp-content\/uploads\/2019\/12\/ForoDT_dia2_14EZ_Oventic.mp3'>Participaci\u00f3n de las mujeres en el gobierno<\/a><\/li><li><a href='https:\/\/radiozapatista.org\/wp-content\/uploads\/2019\/12\/ForoDT_dia2_15EZ_Oventic.mp3'>Participaci\u00f3n de lxs j\u00f3venes en la autonom\u00eda<\/a><\/li><li><a href='https:\/\/radiozapatista.org\/wp-content\/uploads\/2019\/12\/ForoDT_dia2_16EZ_JacintoCanek.mp3'>Participaci\u00f3n de los j\u00f3venes en la autonom\u00eda y el gobierno<\/a><\/li><li><a href='https:\/\/radiozapatista.org\/wp-content\/uploads\/2019\/12\/ForoDT_dia2_17EZ_SupMoi.mp3'>Aclaraci\u00f3n del Subcomandante Insurgente Mois\u00e9s<\/a><\/li><li><a href='https:\/\/radiozapatista.org\/wp-content\/uploads\/2019\/12\/ForoDT_dia2_18EZ_Morelia.mp3'>Resistenci<\/a><\/li><li><a href='https:\/\/radiozapatista.org\/wp-content\/uploads\/2019\/12\/ForoDT_dia2_19EZ_Morelia.mp3'>Resistencia<\/a><\/li><li><a href='https:\/\/radiozapatista.org\/wp-content\/uploads\/2019\/12\/ForoDT_dia2_20EZ_Morelia.mp3'>Resistencia<\/a><\/li><li><a href='https:\/\/radiozapatista.org\/wp-content\/uploads\/2019\/12\/ForoDT_dia2_21EZ_Morelia.mp3'>Resistencia y rebeld\u00eda<\/a><\/li><li><a href='https:\/\/radiozapatista.org\/wp-content\/uploads\/2019\/12\/ForoDT_dia2_22EZ_Realidad.mp3'>Trabajo colectivo<\/a><\/li><li><a href='https:\/\/radiozapatista.org\/wp-content\/uploads\/2019\/12\/ForoDT_dia2_23EZ_Realidad.mp3'>Trabajo colectivo<\/a><\/li><li><a href='https:\/\/radiozapatista.org\/wp-content\/uploads\/2019\/12\/ForoDT_dia2_24EZ_Realidad.mp3'>Trabajo colectivo desde la familia<\/a><\/li><li><a href='https:\/\/radiozapatista.org\/wp-content\/uploads\/2019\/12\/ForoDT_dia2_25EZ_Realidad.mp3'>Trabajo colectivo de mujeres<\/a><\/li><li><a href='https:\/\/radiozapatista.org\/wp-content\/uploads\/2019\/12\/ForoDT_dia2_26EZ_RobertoBarrios.mp3'>Trabajo pol\u00edtico con hermanxs no zapatistas<\/a><\/li><li><a href='https:\/\/radiozapatista.org\/wp-content\/uploads\/2019\/12\/ForoDT_dia2_27EZ_RobertoBarrios.mp3'>Trabajo pol\u00edtico con hermanxs no zapatistas<\/a><\/li><li><a href='https:\/\/radiozapatista.org\/wp-content\/uploads\/2019\/12\/ForoDT_dia2_28EZ_RobertoBarrios.mp3'>Trabajo pol\u00edtico con hermanxs no zapatistas<\/a><\/li><li><a href='https:\/\/radiozapatista.org\/wp-content\/uploads\/2019\/12\/ForoDT_dia2_29EZ_RobertoBarrios.mp3'>Trabajo pol\u00edtico con hermanxs no zapatistas<\/a><\/li><li><a href='https:\/\/radiozapatista.org\/wp-content\/uploads\/2019\/12\/ForoDT_dia2_30EZ_SupMoi.mp3'>Palabras del Subcomandante Insurgente Mois\u00e9s<\/a><\/li>\t<\/ol>\n\t<\/noscript>\n\t<script type=\"application\/json\" class=\"wp-playlist-script\">{\"type\":\"audio\",\"tracklist\":true,\"tracknumbers\":true,\"images\":true,\"artists\":false,\"tracks\":[{\"src\":\"https:\/\/radiozapatista.org\/wp-content\/uploads\/2019\/12\/ForoDT_dia2_09EZ_Garrucha.mp3\",\"type\":\"audio\/mpeg\",\"title\":\"Construcci\\u00f3n de la Autonom\\u00eda\",\"caption\":\"Construcci\\u00f3n de la Autonom\\u00eda\",\"description\":\"\\\"ForoDT_dia2_09EZ_Garrucha\\\".\",\"meta\":{\"album\":\"Caracol de La Garrucha\",\"length_formatted\":\"11:22\"},\"image\":{\"src\":\"https:\/\/radiozapatista.org\/wp-includes\/images\/media\/audio.svg\",\"width\":48,\"height\":64},\"thumb\":{\"src\":\"https:\/\/radiozapatista.org\/wp-includes\/images\/media\/audio.svg\",\"width\":48,\"height\":64}},{\"src\":\"https:\/\/radiozapatista.org\/wp-content\/uploads\/2019\/12\/ForoDT_dia2_10EZ_Garrucha.mp3\",\"type\":\"audio\/mpeg\",\"title\":\"Libertad en la autonom\\u00eda\",\"caption\":\"Libertad en la autonom\\u00eda\",\"description\":\"\\\"ForoDT_dia2_10EZ_Garrucha\\\".\",\"meta\":{\"album\":\"Caracol de La Garrucha\",\"length_formatted\":\"7:51\"},\"image\":{\"src\":\"https:\/\/radiozapatista.org\/wp-includes\/images\/media\/audio.svg\",\"width\":48,\"height\":64},\"thumb\":{\"src\":\"https:\/\/radiozapatista.org\/wp-includes\/images\/media\/audio.svg\",\"width\":48,\"height\":64}},{\"src\":\"https:\/\/radiozapatista.org\/wp-content\/uploads\/2019\/12\/ForoDT_dia2_11EZ_Garrucha.mp3\",\"type\":\"audio\/mpeg\",\"title\":\"Democracia\",\"caption\":\"Democracia\",\"description\":\"\\\"ForoDT_dia2_11EZ_Garrucha\\\".\",\"meta\":{\"album\":\"Caracol de La Garrucha\",\"length_formatted\":\"2:36\"},\"image\":{\"src\":\"https:\/\/radiozapatista.org\/wp-includes\/images\/media\/audio.svg\",\"width\":48,\"height\":64},\"thumb\":{\"src\":\"https:\/\/radiozapatista.org\/wp-includes\/images\/media\/audio.svg\",\"width\":48,\"height\":64}},{\"src\":\"https:\/\/radiozapatista.org\/wp-content\/uploads\/2019\/12\/ForoDT_dia2_12EZ_Garrucha.mp3\",\"type\":\"audio\/mpeg\",\"title\":\"Salud y educaci\\u00f3n\",\"caption\":\"Libertad en la autonom\\u00eda\",\"description\":\"\\\"ForoDT_dia2_12EZ_Garrucha\\\".\",\"meta\":{\"album\":\"Caracol de La Garrucha\",\"length_formatted\":\"7:26\"},\"image\":{\"src\":\"https:\/\/radiozapatista.org\/wp-includes\/images\/media\/audio.svg\",\"width\":48,\"height\":64},\"thumb\":{\"src\":\"https:\/\/radiozapatista.org\/wp-includes\/images\/media\/audio.svg\",\"width\":48,\"height\":64}},{\"src\":\"https:\/\/radiozapatista.org\/wp-content\/uploads\/2019\/12\/ForoDT_dia2_13EZ_JacintoCanek.mp3\",\"type\":\"audio\/mpeg\",\"title\":\"Participaci\\u00f3n de las mujeres en la autonom\\u00eda\",\"caption\":\"Participaci\\u00f3n de las mujeres en la autonom\\u00eda\",\"description\":\"\\\"ForoDT_dia2_13EZ_JacintoCanek\\\".\",\"meta\":{\"album\":\"Caracol Jacinto Canek\",\"length_formatted\":\"8:38\"},\"image\":{\"src\":\"https:\/\/radiozapatista.org\/wp-includes\/images\/media\/audio.svg\",\"width\":48,\"height\":64},\"thumb\":{\"src\":\"https:\/\/radiozapatista.org\/wp-includes\/images\/media\/audio.svg\",\"width\":48,\"height\":64}},{\"src\":\"https:\/\/radiozapatista.org\/wp-content\/uploads\/2019\/12\/ForoDT_dia2_14EZ_Oventic.mp3\",\"type\":\"audio\/mpeg\",\"title\":\"Participaci\\u00f3n de las mujeres en el gobierno\",\"caption\":\"Participaci\\u00f3n de las mujeres en el gobierno\",\"description\":\"\\\"ForoDT_dia2_14EZ_Oventic\\\".\",\"meta\":{\"album\":\"Caracol de Oventic\",\"length_formatted\":\"7:51\"},\"image\":{\"src\":\"https:\/\/radiozapatista.org\/wp-includes\/images\/media\/audio.svg\",\"width\":48,\"height\":64},\"thumb\":{\"src\":\"https:\/\/radiozapatista.org\/wp-includes\/images\/media\/audio.svg\",\"width\":48,\"height\":64}},{\"src\":\"https:\/\/radiozapatista.org\/wp-content\/uploads\/2019\/12\/ForoDT_dia2_15EZ_Oventic.mp3\",\"type\":\"audio\/mpeg\",\"title\":\"Participaci\\u00f3n de lxs j\\u00f3venes en la autonom\\u00eda\",\"caption\":\"Participaci\\u00f3n de lxs j\\u00f3venes en la autonom\\u00eda\",\"description\":\"\\\"ForoDT_dia2_15EZ_Oventic\\\".\",\"meta\":{\"album\":\"Caracol de Oventic\",\"length_formatted\":\"7:48\"},\"image\":{\"src\":\"https:\/\/radiozapatista.org\/wp-includes\/images\/media\/audio.svg\",\"width\":48,\"height\":64},\"thumb\":{\"src\":\"https:\/\/radiozapatista.org\/wp-includes\/images\/media\/audio.svg\",\"width\":48,\"height\":64}},{\"src\":\"https:\/\/radiozapatista.org\/wp-content\/uploads\/2019\/12\/ForoDT_dia2_16EZ_JacintoCanek.mp3\",\"type\":\"audio\/mpeg\",\"title\":\"Participaci\\u00f3n de los j\\u00f3venes en la autonom\\u00eda y el gobierno\",\"caption\":\"Participaci\\u00f3n de los j\\u00f3venes en la autonom\\u00eda y el gobierno\",\"description\":\"\\\"ForoDT_dia2_16EZ_JacintoCanek\\\".\",\"meta\":{\"album\":\"Caracol Jacinto Canek\",\"length_formatted\":\"6:02\"},\"image\":{\"src\":\"https:\/\/radiozapatista.org\/wp-includes\/images\/media\/audio.svg\",\"width\":48,\"height\":64},\"thumb\":{\"src\":\"https:\/\/radiozapatista.org\/wp-includes\/images\/media\/audio.svg\",\"width\":48,\"height\":64}},{\"src\":\"https:\/\/radiozapatista.org\/wp-content\/uploads\/2019\/12\/ForoDT_dia2_17EZ_SupMoi.mp3\",\"type\":\"audio\/mpeg\",\"title\":\"Aclaraci\\u00f3n del Subcomandante Insurgente Mois\\u00e9s\",\"caption\":\"Aclaraci\\u00f3n del Subcomandante Insurgente Mois\\u00e9s\",\"description\":\"\\\"ForoDT_dia2_17EZ_SupMoi\\\".\",\"meta\":{\"length_formatted\":\"13:10\"},\"image\":{\"src\":\"https:\/\/radiozapatista.org\/wp-includes\/images\/media\/audio.svg\",\"width\":48,\"height\":64},\"thumb\":{\"src\":\"https:\/\/radiozapatista.org\/wp-includes\/images\/media\/audio.svg\",\"width\":48,\"height\":64}},{\"src\":\"https:\/\/radiozapatista.org\/wp-content\/uploads\/2019\/12\/ForoDT_dia2_18EZ_Morelia.mp3\",\"type\":\"audio\/mpeg\",\"title\":\"Resistenci\",\"caption\":\"Resistencia\",\"description\":\"\\\"ForoDT_dia2_18EZ_Morelia\\\".\",\"meta\":{\"album\":\"Caracol de Morelia\",\"length_formatted\":\"8:15\"},\"image\":{\"src\":\"https:\/\/radiozapatista.org\/wp-includes\/images\/media\/audio.svg\",\"width\":48,\"height\":64},\"thumb\":{\"src\":\"https:\/\/radiozapatista.org\/wp-includes\/images\/media\/audio.svg\",\"width\":48,\"height\":64}},{\"src\":\"https:\/\/radiozapatista.org\/wp-content\/uploads\/2019\/12\/ForoDT_dia2_19EZ_Morelia.mp3\",\"type\":\"audio\/mpeg\",\"title\":\"Resistencia\",\"caption\":\"Resistencia\",\"description\":\"\\\"ForoDT_dia2_19EZ_Morelia\\\".\",\"meta\":{\"album\":\"Caracol de Morelia\",\"length_formatted\":\"3:20\"},\"image\":{\"src\":\"https:\/\/radiozapatista.org\/wp-includes\/images\/media\/audio.svg\",\"width\":48,\"height\":64},\"thumb\":{\"src\":\"https:\/\/radiozapatista.org\/wp-includes\/images\/media\/audio.svg\",\"width\":48,\"height\":64}},{\"src\":\"https:\/\/radiozapatista.org\/wp-content\/uploads\/2019\/12\/ForoDT_dia2_20EZ_Morelia.mp3\",\"type\":\"audio\/mpeg\",\"title\":\"Resistencia\",\"caption\":\"Resistencia\",\"description\":\"\\\"ForoDT_dia2_20EZ_Morelia\\\".\",\"meta\":{\"album\":\"Caracol de Morelia\",\"length_formatted\":\"5:06\"},\"image\":{\"src\":\"https:\/\/radiozapatista.org\/wp-includes\/images\/media\/audio.svg\",\"width\":48,\"height\":64},\"thumb\":{\"src\":\"https:\/\/radiozapatista.org\/wp-includes\/images\/media\/audio.svg\",\"width\":48,\"height\":64}},{\"src\":\"https:\/\/radiozapatista.org\/wp-content\/uploads\/2019\/12\/ForoDT_dia2_21EZ_Morelia.mp3\",\"type\":\"audio\/mpeg\",\"title\":\"Resistencia y rebeld\\u00eda\",\"caption\":\"Resistencia y rebeld\\u00eda\",\"description\":\"\\\"ForoDT_dia2_21EZ_Morelia\\\".\",\"meta\":{\"album\":\"Caracol de Morelia\",\"length_formatted\":\"7:36\"},\"image\":{\"src\":\"https:\/\/radiozapatista.org\/wp-includes\/images\/media\/audio.svg\",\"width\":48,\"height\":64},\"thumb\":{\"src\":\"https:\/\/radiozapatista.org\/wp-includes\/images\/media\/audio.svg\",\"width\":48,\"height\":64}},{\"src\":\"https:\/\/radiozapatista.org\/wp-content\/uploads\/2019\/12\/ForoDT_dia2_22EZ_Realidad.mp3\",\"type\":\"audio\/mpeg\",\"title\":\"Trabajo colectivo\",\"caption\":\"Trabajo colectivo\",\"description\":\"\\\"ForoDT_dia2_22EZ_Realidad\\\".\",\"meta\":{\"album\":\"Caracol de La Realidad\",\"length_formatted\":\"11:25\"},\"image\":{\"src\":\"https:\/\/radiozapatista.org\/wp-includes\/images\/media\/audio.svg\",\"width\":48,\"height\":64},\"thumb\":{\"src\":\"https:\/\/radiozapatista.org\/wp-includes\/images\/media\/audio.svg\",\"width\":48,\"height\":64}},{\"src\":\"https:\/\/radiozapatista.org\/wp-content\/uploads\/2019\/12\/ForoDT_dia2_23EZ_Realidad.mp3\",\"type\":\"audio\/mpeg\",\"title\":\"Trabajo colectivo\",\"caption\":\"Trabajo colectivo\",\"description\":\"\\\"ForoDT_dia2_23EZ_Realidad\\\".\",\"meta\":{\"album\":\"Caracol de La Realidad\",\"length_formatted\":\"8:58\"},\"image\":{\"src\":\"https:\/\/radiozapatista.org\/wp-includes\/images\/media\/audio.svg\",\"width\":48,\"height\":64},\"thumb\":{\"src\":\"https:\/\/radiozapatista.org\/wp-includes\/images\/media\/audio.svg\",\"width\":48,\"height\":64}},{\"src\":\"https:\/\/radiozapatista.org\/wp-content\/uploads\/2019\/12\/ForoDT_dia2_24EZ_Realidad.mp3\",\"type\":\"audio\/mpeg\",\"title\":\"Trabajo colectivo desde la familia\",\"caption\":\"Trabajo colectivo desde la familia\",\"description\":\"\\\"ForoDT_dia2_24EZ_Realidad\\\".\",\"meta\":{\"album\":\"Caracol de La Realidad\",\"length_formatted\":\"6:16\"},\"image\":{\"src\":\"https:\/\/radiozapatista.org\/wp-includes\/images\/media\/audio.svg\",\"width\":48,\"height\":64},\"thumb\":{\"src\":\"https:\/\/radiozapatista.org\/wp-includes\/images\/media\/audio.svg\",\"width\":48,\"height\":64}},{\"src\":\"https:\/\/radiozapatista.org\/wp-content\/uploads\/2019\/12\/ForoDT_dia2_25EZ_Realidad.mp3\",\"type\":\"audio\/mpeg\",\"title\":\"Trabajo colectivo de mujeres\",\"caption\":\"Trabajo colectivo de mujeres\",\"description\":\"\\\"ForoDT_dia2_25EZ_Realidad\\\".\",\"meta\":{\"album\":\"Caracol de La Realidad\",\"length_formatted\":\"6:13\"},\"image\":{\"src\":\"https:\/\/radiozapatista.org\/wp-includes\/images\/media\/audio.svg\",\"width\":48,\"height\":64},\"thumb\":{\"src\":\"https:\/\/radiozapatista.org\/wp-includes\/images\/media\/audio.svg\",\"width\":48,\"height\":64}},{\"src\":\"https:\/\/radiozapatista.org\/wp-content\/uploads\/2019\/12\/ForoDT_dia2_26EZ_RobertoBarrios.mp3\",\"type\":\"audio\/mpeg\",\"title\":\"Trabajo pol\\u00edtico con hermanxs no zapatistas\",\"caption\":\"Trabajo pol\\u00edtico con hermanxs no zapatistas\",\"description\":\"\\\"ForoDT_dia2_26EZ_RobertoBarrios\\\".\",\"meta\":{\"album\":\"Caracol de Roberto Barrios\",\"length_formatted\":\"9:26\"},\"image\":{\"src\":\"https:\/\/radiozapatista.org\/wp-includes\/images\/media\/audio.svg\",\"width\":48,\"height\":64},\"thumb\":{\"src\":\"https:\/\/radiozapatista.org\/wp-includes\/images\/media\/audio.svg\",\"width\":48,\"height\":64}},{\"src\":\"https:\/\/radiozapatista.org\/wp-content\/uploads\/2019\/12\/ForoDT_dia2_27EZ_RobertoBarrios.mp3\",\"type\":\"audio\/mpeg\",\"title\":\"Trabajo pol\\u00edtico con hermanxs no zapatistas\",\"caption\":\"Trabajo pol\\u00edtico con hermanxs no zapatistas\",\"description\":\"\\\"ForoDT_dia2_27EZ_RobertoBarrios\\\".\",\"meta\":{\"album\":\"Caracol de Roberto Barrios\",\"length_formatted\":\"5:19\"},\"image\":{\"src\":\"https:\/\/radiozapatista.org\/wp-includes\/images\/media\/audio.svg\",\"width\":48,\"height\":64},\"thumb\":{\"src\":\"https:\/\/radiozapatista.org\/wp-includes\/images\/media\/audio.svg\",\"width\":48,\"height\":64}},{\"src\":\"https:\/\/radiozapatista.org\/wp-content\/uploads\/2019\/12\/ForoDT_dia2_28EZ_RobertoBarrios.mp3\",\"type\":\"audio\/mpeg\",\"title\":\"Trabajo pol\\u00edtico con hermanxs no zapatistas\",\"caption\":\"Trabajo pol\\u00edtico con hermanxs no zapatistas\",\"description\":\"\\\"ForoDT_dia2_28EZ_RobertoBarrios\\\".\",\"meta\":{\"album\":\"Caracol de Roberto Barrios\",\"length_formatted\":\"7:23\"},\"image\":{\"src\":\"https:\/\/radiozapatista.org\/wp-includes\/images\/media\/audio.svg\",\"width\":48,\"height\":64},\"thumb\":{\"src\":\"https:\/\/radiozapatista.org\/wp-includes\/images\/media\/audio.svg\",\"width\":48,\"height\":64}},{\"src\":\"https:\/\/radiozapatista.org\/wp-content\/uploads\/2019\/12\/ForoDT_dia2_29EZ_RobertoBarrios.mp3\",\"type\":\"audio\/mpeg\",\"title\":\"Trabajo pol\\u00edtico con hermanxs no zapatistas\",\"caption\":\"Trabajo pol\\u00edtico con hermanxs no zapatistas\",\"description\":\"\\\"ForoDT_dia2_29EZ_RobertoBarrios\\\".\",\"meta\":{\"album\":\"Caracol de Roberto Barrios\",\"length_formatted\":\"3:18\"},\"image\":{\"src\":\"https:\/\/radiozapatista.org\/wp-includes\/images\/media\/audio.svg\",\"width\":48,\"height\":64},\"thumb\":{\"src\":\"https:\/\/radiozapatista.org\/wp-includes\/images\/media\/audio.svg\",\"width\":48,\"height\":64}},{\"src\":\"https:\/\/radiozapatista.org\/wp-content\/uploads\/2019\/12\/ForoDT_dia2_30EZ_SupMoi.mp3\",\"type\":\"audio\/mpeg\",\"title\":\"Palabras del Subcomandante Insurgente Mois\\u00e9s\",\"caption\":\"Palabras del Subcomandante Insurgente Mois\\u00e9s\",\"description\":\"\\\"ForoDT_dia2_30EZ_SupMoi\\\".\",\"meta\":{\"album\":\"Sobre el trabajo pol\\u00edtico con no zapatistas\",\"length_formatted\":\"16:11\"},\"image\":{\"src\":\"https:\/\/radiozapatista.org\/wp-includes\/images\/media\/audio.svg\",\"width\":48,\"height\":64},\"thumb\":{\"src\":\"https:\/\/radiozapatista.org\/wp-includes\/images\/media\/audio.svg\",\"width\":48,\"height\":64}}]}<\/script>\n<\/div>\n\t\n<p>Tercer bloque:<\/p>\n<div class=\"wp-playlist wp-audio-playlist wp-playlist-light\">\n\t\t\t<div class=\"wp-playlist-current-item\"><\/div>\n\t\t<audio controls=\"controls\" preload=\"none\" width=\"640\"\n\t\t\t><\/audio>\n\t<div class=\"wp-playlist-next\"><\/div>\n\t<div class=\"wp-playlist-prev\"><\/div>\n\t<noscript>\n\t<ol>\n\t\t<li><a href='https:\/\/radiozapatista.org\/wp-content\/uploads\/2019\/12\/ForoDT_dia2_31PuebloChontal.mp3'>Asamblea del pueblo chontal, Oaxaca<\/a><\/li><li><a href='https:\/\/radiozapatista.org\/wp-content\/uploads\/2019\/12\/ForoDT_dia2_32aConsejoAutonomoCosta.mp3'>Concejo Aut\u00f3nomo De La Costa de Chiapas, Chiapas<\/a><\/li><li><a href='https:\/\/radiozapatista.org\/wp-content\/uploads\/2019\/12\/ForoDT_dia2_32MexicaliResiste.mp3'>Mexicali Resiste, Baja California<\/a><\/li><li><a href='https:\/\/radiozapatista.org\/wp-content\/uploads\/2019\/12\/ForoDT_dia2_33BinnizaUnionHidalgo.mp3'>Comunidad Binniz\u00e1 de Uni\u00f3n Hidalgo, Oaxaca<\/a><\/li><li><a href='https:\/\/radiozapatista.org\/wp-content\/uploads\/2019\/12\/ForoDT_dia2_34UNOSJO.mp3'>Uni\u00f3n de Organizaciones de la Sierra Ju\u00e1rez (UNOSJO), Oaxaca<\/a><\/li><li><a href='https:\/\/radiozapatista.org\/wp-content\/uploads\/2019\/12\/ForoDT_dia2_35Mapuches.mp3'>Comunidad de Historia Mapuche, Chile<\/a><\/li><li><a href='https:\/\/radiozapatista.org\/wp-content\/uploads\/2019\/12\/ForoDT_dia2_36KurdasPresent.mp3'>Mujeres del Pueblo Kurdo<\/a><\/li><li><a href='https:\/\/radiozapatista.org\/wp-content\/uploads\/2019\/12\/ForoDT_dia2_36KurdasVideo.mp3'>Mujeres del Pueblo Kurdo<\/a><\/li><li><a href='https:\/\/radiozapatista.org\/wp-content\/uploads\/2019\/12\/ForoDT_dia2_36KurdasSaludos.mp3'>Mujeres del Pueblo Kurdo<\/a><\/li><li><a href='https:\/\/radiozapatista.org\/wp-content\/uploads\/2019\/12\/ForoDT_dia2_37GeocomunesMexico.mp3'>Geocomunes, M\u00e9xico<\/a><\/li><li><a href='https:\/\/radiozapatista.org\/wp-content\/uploads\/2019\/12\/ForoDT_dia2_38MujeresMapuches.mp3'>Mujeres mapuche, Chile<\/a><\/li><li><a href='https:\/\/radiozapatista.org\/wp-content\/uploads\/2019\/12\/ForoDT_dia2_39SanJuanDeLaLaguna.mp3'>San Juan de la Laguna<\/a><\/li><li><a href='https:\/\/radiozapatista.org\/wp-content\/uploads\/2019\/12\/ForoDT_dia2_40TribuMayo.mp3'>Tribu Mayo<\/a><\/li><li><a href='https:\/\/radiozapatista.org\/wp-content\/uploads\/2019\/12\/ForoDT_dia2_41Ayotzinapa.mp3'>Madres y padres de normalistas de Ayotzinapa<\/a><\/li><li><a href='https:\/\/radiozapatista.org\/wp-content\/uploads\/2019\/12\/ForoDT_dia2_42CCRI.mp3'>Comandante Tacho por el CCRI-CG del EZLN<\/a><\/li>\t<\/ol>\n\t<\/noscript>\n\t<script type=\"application\/json\" class=\"wp-playlist-script\">{\"type\":\"audio\",\"tracklist\":true,\"tracknumbers\":true,\"images\":true,\"artists\":false,\"tracks\":[{\"src\":\"https:\/\/radiozapatista.org\/wp-content\/uploads\/2019\/12\/ForoDT_dia2_31PuebloChontal.mp3\",\"type\":\"audio\/mpeg\",\"title\":\"Asamblea del pueblo chontal, Oaxaca\",\"caption\":\"Asamblea del pueblo chontal, Oaxaca\",\"description\":\"\\\"ForoDT_dia2_31PuebloChontal\\\".\",\"meta\":{\"album\":\"Amparo contra la miner\\u00eda\",\"length_formatted\":\"27:25\"},\"image\":{\"src\":\"https:\/\/radiozapatista.org\/wp-includes\/images\/media\/audio.svg\",\"width\":48,\"height\":64},\"thumb\":{\"src\":\"https:\/\/radiozapatista.org\/wp-includes\/images\/media\/audio.svg\",\"width\":48,\"height\":64}},{\"src\":\"https:\/\/radiozapatista.org\/wp-content\/uploads\/2019\/12\/ForoDT_dia2_32aConsejoAutonomoCosta.mp3\",\"type\":\"audio\/mpeg\",\"title\":\"Concejo Aut\\u00f3nomo De La Costa de Chiapas, Chiapas\",\"caption\":\"Concejo Aut\\u00f3nomo De La Costa de Chiapas, Chiapas\",\"description\":\"\\\"ForoDT_dia2_32aConsejoAutonomoCosta\\\".\",\"meta\":{\"album\":\"Megaproyectos en la costa de Chiapas y la defensa de los pueblos\",\"length_formatted\":\"11:00\"},\"image\":{\"src\":\"https:\/\/radiozapatista.org\/wp-includes\/images\/media\/audio.svg\",\"width\":48,\"height\":64},\"thumb\":{\"src\":\"https:\/\/radiozapatista.org\/wp-includes\/images\/media\/audio.svg\",\"width\":48,\"height\":64}},{\"src\":\"https:\/\/radiozapatista.org\/wp-content\/uploads\/2019\/12\/ForoDT_dia2_32MexicaliResiste.mp3\",\"type\":\"audio\/mpeg\",\"title\":\"Mexicali Resiste, Baja California\",\"caption\":\"Mexicali Resiste, Baja California\",\"description\":\"\\\"ForoDT_dia2_32MexicaliResiste\\\".\",\"meta\":{\"album\":\"Para los capitalistas y su gobierno el agua tiene el color verde del d\\u00f3lar\",\"length_formatted\":\"28:05\"},\"image\":{\"src\":\"https:\/\/radiozapatista.org\/wp-includes\/images\/media\/audio.svg\",\"width\":48,\"height\":64},\"thumb\":{\"src\":\"https:\/\/radiozapatista.org\/wp-includes\/images\/media\/audio.svg\",\"width\":48,\"height\":64}},{\"src\":\"https:\/\/radiozapatista.org\/wp-content\/uploads\/2019\/12\/ForoDT_dia2_33BinnizaUnionHidalgo.mp3\",\"type\":\"audio\/mpeg\",\"title\":\"Comunidad Binniz\\u00e1 de Uni\\u00f3n Hidalgo, Oaxaca\",\"caption\":\"Comunidad Binniz\\u00e1 de Uni\\u00f3n Hidalgo, Oaxaca\",\"description\":\"\\\"ForoDT_dia2_33BinnizaUnionHidalgo\\\".\",\"meta\":{\"album\":\"Mujeres en defensa de la vida\",\"length_formatted\":\"20:48\"},\"image\":{\"src\":\"https:\/\/radiozapatista.org\/wp-includes\/images\/media\/audio.svg\",\"width\":48,\"height\":64},\"thumb\":{\"src\":\"https:\/\/radiozapatista.org\/wp-includes\/images\/media\/audio.svg\",\"width\":48,\"height\":64}},{\"src\":\"https:\/\/radiozapatista.org\/wp-content\/uploads\/2019\/12\/ForoDT_dia2_34UNOSJO.mp3\",\"type\":\"audio\/mpeg\",\"title\":\"Uni\\u00f3n de Organizaciones de la Sierra Ju\\u00e1rez (UNOSJO), Oaxaca\",\"caption\":\"Uni\\u00f3n de Organizaciones de la Sierra Ju\\u00e1rez (UNOSJO), Oaxaca\",\"description\":\"\\\"ForoDT_dia2_34UNOSJO\\\".\",\"meta\":{\"length_formatted\":\"13:24\"},\"image\":{\"src\":\"https:\/\/radiozapatista.org\/wp-includes\/images\/media\/audio.svg\",\"width\":48,\"height\":64},\"thumb\":{\"src\":\"https:\/\/radiozapatista.org\/wp-includes\/images\/media\/audio.svg\",\"width\":48,\"height\":64}},{\"src\":\"https:\/\/radiozapatista.org\/wp-content\/uploads\/2019\/12\/ForoDT_dia2_35Mapuches.mp3\",\"type\":\"audio\/mpeg\",\"title\":\"Comunidad de Historia Mapuche, Chile\",\"caption\":\"Comunidad de Historia Mapuche, Chile\",\"description\":\"\\\"ForoDT_dia2_35Mapuches\\\".\",\"meta\":{\"album\":\"Historia y presente del colonialismo en Wallmapu (Pa\\u00eds Mapuche) y lucha por la recuperaci\\u00f3n y defensa del territorio\",\"length_formatted\":\"8:09\"},\"image\":{\"src\":\"https:\/\/radiozapatista.org\/wp-includes\/images\/media\/audio.svg\",\"width\":48,\"height\":64},\"thumb\":{\"src\":\"https:\/\/radiozapatista.org\/wp-includes\/images\/media\/audio.svg\",\"width\":48,\"height\":64}},{\"src\":\"https:\/\/radiozapatista.org\/wp-content\/uploads\/2019\/12\/ForoDT_dia2_36KurdasPresent.mp3\",\"type\":\"audio\/mpeg\",\"title\":\"Mujeres del Pueblo Kurdo\",\"caption\":\"Mujeres del Pueblo Kurdo\",\"description\":\"\\\"ForoDT_dia2_36KurdasPresent\\\".\",\"meta\":{\"album\":\"Presentaci\\u00f3n\",\"length_formatted\":\"14:21\"},\"image\":{\"src\":\"https:\/\/radiozapatista.org\/wp-includes\/images\/media\/audio.svg\",\"width\":48,\"height\":64},\"thumb\":{\"src\":\"https:\/\/radiozapatista.org\/wp-includes\/images\/media\/audio.svg\",\"width\":48,\"height\":64}},{\"src\":\"https:\/\/radiozapatista.org\/wp-content\/uploads\/2019\/12\/ForoDT_dia2_36KurdasVideo.mp3\",\"type\":\"audio\/mpeg\",\"title\":\"Mujeres del Pueblo Kurdo\",\"caption\":\"Mujeres del Pueblo Kurdo\",\"description\":\"\\\"ForoDT_dia2_36KurdasVideo\\\".\",\"meta\":{\"album\":\"Articulaci\\u00f3n de las luchas, crear una lucha en com\\u00fan, experiencias de las mujeres kurdas dentro de la sociedad contra la mentalidad patriarcal\",\"length_formatted\":\"7:33\"},\"image\":{\"src\":\"https:\/\/radiozapatista.org\/wp-includes\/images\/media\/audio.svg\",\"width\":48,\"height\":64},\"thumb\":{\"src\":\"https:\/\/radiozapatista.org\/wp-includes\/images\/media\/audio.svg\",\"width\":48,\"height\":64}},{\"src\":\"https:\/\/radiozapatista.org\/wp-content\/uploads\/2019\/12\/ForoDT_dia2_36KurdasSaludos.mp3\",\"type\":\"audio\/mpeg\",\"title\":\"Mujeres del Pueblo Kurdo\",\"caption\":\"Mujeres del Pueblo Kurdo\",\"description\":\"\\\"ForoDT_dia2_36KurdasSaludos\\\".\",\"meta\":{\"album\":\"Saludos\",\"length_formatted\":\"1:03\"},\"image\":{\"src\":\"https:\/\/radiozapatista.org\/wp-includes\/images\/media\/audio.svg\",\"width\":48,\"height\":64},\"thumb\":{\"src\":\"https:\/\/radiozapatista.org\/wp-includes\/images\/media\/audio.svg\",\"width\":48,\"height\":64}},{\"src\":\"https:\/\/radiozapatista.org\/wp-content\/uploads\/2019\/12\/ForoDT_dia2_37GeocomunesMexico.mp3\",\"type\":\"audio\/mpeg\",\"title\":\"Geocomunes, M\\u00e9xico\",\"caption\":\"Geocomunes, M\\u00e9xico\",\"description\":\"\\\"ForoDT_dia2_37GeocomunesMexico\\\".\",\"meta\":{\"album\":\"Video\",\"length_formatted\":\"10:27\"},\"image\":{\"src\":\"https:\/\/radiozapatista.org\/wp-includes\/images\/media\/audio.svg\",\"width\":48,\"height\":64},\"thumb\":{\"src\":\"https:\/\/radiozapatista.org\/wp-includes\/images\/media\/audio.svg\",\"width\":48,\"height\":64}},{\"src\":\"https:\/\/radiozapatista.org\/wp-content\/uploads\/2019\/12\/ForoDT_dia2_38MujeresMapuches.mp3\",\"type\":\"audio\/mpeg\",\"title\":\"Mujeres mapuche, Chile\",\"caption\":\"Mujeres mapuche, Chile\",\"description\":\"\\\"ForoDT_dia2_38MujeresMapuches\\\".\",\"meta\":{\"album\":\"Video\",\"length_formatted\":\"3:22\"},\"image\":{\"src\":\"https:\/\/radiozapatista.org\/wp-includes\/images\/media\/audio.svg\",\"width\":48,\"height\":64},\"thumb\":{\"src\":\"https:\/\/radiozapatista.org\/wp-includes\/images\/media\/audio.svg\",\"width\":48,\"height\":64}},{\"src\":\"https:\/\/radiozapatista.org\/wp-content\/uploads\/2019\/12\/ForoDT_dia2_39SanJuanDeLaLaguna.mp3\",\"type\":\"audio\/mpeg\",\"title\":\"San Juan de la Laguna\",\"caption\":\"San Juan de la Laguna\",\"description\":\"\\\"ForoDT_dia2_39SanJuanDeLaLaguna\\\".\",\"meta\":{\"length_formatted\":\"3:29\"},\"image\":{\"src\":\"https:\/\/radiozapatista.org\/wp-includes\/images\/media\/audio.svg\",\"width\":48,\"height\":64},\"thumb\":{\"src\":\"https:\/\/radiozapatista.org\/wp-includes\/images\/media\/audio.svg\",\"width\":48,\"height\":64}},{\"src\":\"https:\/\/radiozapatista.org\/wp-content\/uploads\/2019\/12\/ForoDT_dia2_40TribuMayo.mp3\",\"type\":\"audio\/mpeg\",\"title\":\"Tribu Mayo\",\"caption\":\"Tribu Mayo\",\"description\":\"\\\"ForoDT_dia2_40TribuMayo\\\".\",\"meta\":{\"length_formatted\":\"4:35\"},\"image\":{\"src\":\"https:\/\/radiozapatista.org\/wp-includes\/images\/media\/audio.svg\",\"width\":48,\"height\":64},\"thumb\":{\"src\":\"https:\/\/radiozapatista.org\/wp-includes\/images\/media\/audio.svg\",\"width\":48,\"height\":64}},{\"src\":\"https:\/\/radiozapatista.org\/wp-content\/uploads\/2019\/12\/ForoDT_dia2_41Ayotzinapa.mp3\",\"type\":\"audio\/mpeg\",\"title\":\"Madres y padres de normalistas de Ayotzinapa\",\"caption\":\"Madres y padres de normalistas de Ayotzinapa\",\"description\":\"\\\"ForoDT_dia2_41Ayotzinapa\\\".\",\"meta\":{\"length_formatted\":\"3:06\"},\"image\":{\"src\":\"https:\/\/radiozapatista.org\/wp-includes\/images\/media\/audio.svg\",\"width\":48,\"height\":64},\"thumb\":{\"src\":\"https:\/\/radiozapatista.org\/wp-includes\/images\/media\/audio.svg\",\"width\":48,\"height\":64}},{\"src\":\"https:\/\/radiozapatista.org\/wp-content\/uploads\/2019\/12\/ForoDT_dia2_42CCRI.mp3\",\"type\":\"audio\/mpeg\",\"title\":\"Comandante Tacho por el CCRI-CG del EZLN\",\"caption\":\"Comandante Tacho por el CCRI-CG del EZLN\",\"description\":\"\\\"ForoDT_dia2_42CCRI\\\".\",\"meta\":{\"album\":\"Palabras de clausura\",\"length_formatted\":\"2:37\"},\"image\":{\"src\":\"https:\/\/radiozapatista.org\/wp-includes\/images\/media\/audio.svg\",\"width\":48,\"height\":64},\"thumb\":{\"src\":\"https:\/\/radiozapatista.org\/wp-includes\/images\/media\/audio.svg\",\"width\":48,\"height\":64}}]}<\/script>\n<\/div>\n\t\n<p>&nbsp;<\/p>\n\n\t\t<style type=\"text\/css\">\n\t\t\t#gallery-1 {\n\t\t\t\tmargin: auto;\n\t\t\t}\n\t\t\t#gallery-1 .gallery-item {\n\t\t\t\tfloat: left;\n\t\t\t\tmargin-top: 10px;\n\t\t\t\ttext-align: center;\n\t\t\t\twidth: 33%;\n\t\t\t}\n\t\t\t#gallery-1 img {\n\t\t\t\tborder: 2px solid #cfcfcf;\n\t\t\t}\n\t\t\t#gallery-1 .gallery-caption {\n\t\t\t\tmargin-left: 0;\n\t\t\t}\n\t\t\t\/* see gallery_shortcode() in wp-includes\/media.php *\/\n\t\t<\/style>\n\t\t<div id='gallery-1' class='gallery galleryid-33085 gallery-columns-3 gallery-size-medium'><dl class='gallery-item'>\n\t\t\t<dt class='gallery-icon landscape'>\n\t\t\t\t<a href='https:\/\/radiozapatista.org\/wp-content\/uploads\/2019\/12\/IMG_8583.jpg'><img loading=\"lazy\" decoding=\"async\" width=\"350\" height=\"233\" src=\"https:\/\/radiozapatista.org\/wp-content\/uploads\/2019\/12\/IMG_8583-350x233.jpg\" class=\"attachment-medium size-medium\" alt=\"\" srcset=\"https:\/\/radiozapatista.org\/wp-content\/uploads\/2019\/12\/IMG_8583-350x233.jpg 350w, https:\/\/radiozapatista.org\/wp-content\/uploads\/2019\/12\/IMG_8583-768x512.jpg 768w, https:\/\/radiozapatista.org\/wp-content\/uploads\/2019\/12\/IMG_8583-1024x683.jpg 1024w, https:\/\/radiozapatista.org\/wp-content\/uploads\/2019\/12\/IMG_8583-700x466.jpg 700w, https:\/\/radiozapatista.org\/wp-content\/uploads\/2019\/12\/IMG_8583.jpg 1200w\" sizes=\"auto, (max-width: 350px) 100vw, 350px\" \/><\/a>\n\t\t\t<\/dt><\/dl><dl class='gallery-item'>\n\t\t\t<dt class='gallery-icon landscape'>\n\t\t\t\t<a href='https:\/\/radiozapatista.org\/wp-content\/uploads\/2019\/12\/IMG_8585.jpg'><img loading=\"lazy\" decoding=\"async\" width=\"350\" height=\"233\" src=\"https:\/\/radiozapatista.org\/wp-content\/uploads\/2019\/12\/IMG_8585-350x233.jpg\" class=\"attachment-medium size-medium\" alt=\"\" srcset=\"https:\/\/radiozapatista.org\/wp-content\/uploads\/2019\/12\/IMG_8585-350x233.jpg 350w, https:\/\/radiozapatista.org\/wp-content\/uploads\/2019\/12\/IMG_8585-768x512.jpg 768w, https:\/\/radiozapatista.org\/wp-content\/uploads\/2019\/12\/IMG_8585-1024x683.jpg 1024w, https:\/\/radiozapatista.org\/wp-content\/uploads\/2019\/12\/IMG_8585-700x466.jpg 700w, https:\/\/radiozapatista.org\/wp-content\/uploads\/2019\/12\/IMG_8585.jpg 1200w\" sizes=\"auto, (max-width: 350px) 100vw, 350px\" \/><\/a>\n\t\t\t<\/dt><\/dl><dl class='gallery-item'>\n\t\t\t<dt class='gallery-icon landscape'>\n\t\t\t\t<a href='https:\/\/radiozapatista.org\/wp-content\/uploads\/2019\/12\/IMG_8588.jpg'><img loading=\"lazy\" decoding=\"async\" width=\"350\" height=\"233\" src=\"https:\/\/radiozapatista.org\/wp-content\/uploads\/2019\/12\/IMG_8588-350x233.jpg\" class=\"attachment-medium size-medium\" alt=\"\" srcset=\"https:\/\/radiozapatista.org\/wp-content\/uploads\/2019\/12\/IMG_8588-350x233.jpg 350w, https:\/\/radiozapatista.org\/wp-content\/uploads\/2019\/12\/IMG_8588-768x512.jpg 768w, https:\/\/radiozapatista.org\/wp-content\/uploads\/2019\/12\/IMG_8588-1024x683.jpg 1024w, https:\/\/radiozapatista.org\/wp-content\/uploads\/2019\/12\/IMG_8588-700x466.jpg 700w, https:\/\/radiozapatista.org\/wp-content\/uploads\/2019\/12\/IMG_8588.jpg 1200w\" sizes=\"auto, (max-width: 350px) 100vw, 350px\" \/><\/a>\n\t\t\t<\/dt><\/dl><br style=\"clear: both\" \/><dl class='gallery-item'>\n\t\t\t<dt class='gallery-icon landscape'>\n\t\t\t\t<a href='https:\/\/radiozapatista.org\/wp-content\/uploads\/2019\/12\/IMG_8596.jpg'><img loading=\"lazy\" decoding=\"async\" width=\"350\" height=\"233\" src=\"https:\/\/radiozapatista.org\/wp-content\/uploads\/2019\/12\/IMG_8596-350x233.jpg\" class=\"attachment-medium size-medium\" alt=\"\" srcset=\"https:\/\/radiozapatista.org\/wp-content\/uploads\/2019\/12\/IMG_8596-350x233.jpg 350w, https:\/\/radiozapatista.org\/wp-content\/uploads\/2019\/12\/IMG_8596-768x512.jpg 768w, https:\/\/radiozapatista.org\/wp-content\/uploads\/2019\/12\/IMG_8596-1024x683.jpg 1024w, https:\/\/radiozapatista.org\/wp-content\/uploads\/2019\/12\/IMG_8596-700x466.jpg 700w, https:\/\/radiozapatista.org\/wp-content\/uploads\/2019\/12\/IMG_8596.jpg 1200w\" sizes=\"auto, (max-width: 350px) 100vw, 350px\" \/><\/a>\n\t\t\t<\/dt><\/dl><dl class='gallery-item'>\n\t\t\t<dt class='gallery-icon landscape'>\n\t\t\t\t<a href='https:\/\/radiozapatista.org\/wp-content\/uploads\/2019\/12\/IMG_8603.jpg'><img loading=\"lazy\" decoding=\"async\" width=\"350\" height=\"233\" src=\"https:\/\/radiozapatista.org\/wp-content\/uploads\/2019\/12\/IMG_8603-350x233.jpg\" class=\"attachment-medium size-medium\" alt=\"\" srcset=\"https:\/\/radiozapatista.org\/wp-content\/uploads\/2019\/12\/IMG_8603-350x233.jpg 350w, https:\/\/radiozapatista.org\/wp-content\/uploads\/2019\/12\/IMG_8603-768x512.jpg 768w, https:\/\/radiozapatista.org\/wp-content\/uploads\/2019\/12\/IMG_8603-1024x683.jpg 1024w, https:\/\/radiozapatista.org\/wp-content\/uploads\/2019\/12\/IMG_8603-700x466.jpg 700w, https:\/\/radiozapatista.org\/wp-content\/uploads\/2019\/12\/IMG_8603.jpg 1200w\" sizes=\"auto, (max-width: 350px) 100vw, 350px\" \/><\/a>\n\t\t\t<\/dt><\/dl><dl class='gallery-item'>\n\t\t\t<dt class='gallery-icon landscape'>\n\t\t\t\t<a href='https:\/\/radiozapatista.org\/wp-content\/uploads\/2019\/12\/IMG_8608.jpg'><img loading=\"lazy\" decoding=\"async\" width=\"350\" height=\"233\" src=\"https:\/\/radiozapatista.org\/wp-content\/uploads\/2019\/12\/IMG_8608-350x233.jpg\" class=\"attachment-medium size-medium\" alt=\"\" srcset=\"https:\/\/radiozapatista.org\/wp-content\/uploads\/2019\/12\/IMG_8608-350x233.jpg 350w, https:\/\/radiozapatista.org\/wp-content\/uploads\/2019\/12\/IMG_8608-768x512.jpg 768w, https:\/\/radiozapatista.org\/wp-content\/uploads\/2019\/12\/IMG_8608-1024x683.jpg 1024w, https:\/\/radiozapatista.org\/wp-content\/uploads\/2019\/12\/IMG_8608-700x466.jpg 700w, https:\/\/radiozapatista.org\/wp-content\/uploads\/2019\/12\/IMG_8608.jpg 1200w\" sizes=\"auto, (max-width: 350px) 100vw, 350px\" \/><\/a>\n\t\t\t<\/dt><\/dl><br style=\"clear: both\" \/><dl class='gallery-item'>\n\t\t\t<dt class='gallery-icon landscape'>\n\t\t\t\t<a href='https:\/\/radiozapatista.org\/wp-content\/uploads\/2019\/12\/IMG_8609.jpg'><img loading=\"lazy\" decoding=\"async\" width=\"350\" height=\"233\" src=\"https:\/\/radiozapatista.org\/wp-content\/uploads\/2019\/12\/IMG_8609-350x233.jpg\" class=\"attachment-medium size-medium\" alt=\"\" srcset=\"https:\/\/radiozapatista.org\/wp-content\/uploads\/2019\/12\/IMG_8609-350x233.jpg 350w, https:\/\/radiozapatista.org\/wp-content\/uploads\/2019\/12\/IMG_8609-768x512.jpg 768w, https:\/\/radiozapatista.org\/wp-content\/uploads\/2019\/12\/IMG_8609-1024x683.jpg 1024w, https:\/\/radiozapatista.org\/wp-content\/uploads\/2019\/12\/IMG_8609-700x466.jpg 700w, https:\/\/radiozapatista.org\/wp-content\/uploads\/2019\/12\/IMG_8609.jpg 1200w\" sizes=\"auto, (max-width: 350px) 100vw, 350px\" \/><\/a>\n\t\t\t<\/dt><\/dl><dl class='gallery-item'>\n\t\t\t<dt class='gallery-icon landscape'>\n\t\t\t\t<a href='https:\/\/radiozapatista.org\/wp-content\/uploads\/2019\/12\/IMG_8611.jpg'><img loading=\"lazy\" decoding=\"async\" width=\"350\" height=\"233\" src=\"https:\/\/radiozapatista.org\/wp-content\/uploads\/2019\/12\/IMG_8611-350x233.jpg\" class=\"attachment-medium size-medium\" alt=\"\" srcset=\"https:\/\/radiozapatista.org\/wp-content\/uploads\/2019\/12\/IMG_8611-350x233.jpg 350w, https:\/\/radiozapatista.org\/wp-content\/uploads\/2019\/12\/IMG_8611-768x512.jpg 768w, https:\/\/radiozapatista.org\/wp-content\/uploads\/2019\/12\/IMG_8611-1024x683.jpg 1024w, https:\/\/radiozapatista.org\/wp-content\/uploads\/2019\/12\/IMG_8611-700x466.jpg 700w, https:\/\/radiozapatista.org\/wp-content\/uploads\/2019\/12\/IMG_8611.jpg 1200w\" sizes=\"auto, (max-width: 350px) 100vw, 350px\" \/><\/a>\n\t\t\t<\/dt><\/dl><dl class='gallery-item'>\n\t\t\t<dt class='gallery-icon landscape'>\n\t\t\t\t<a href='https:\/\/radiozapatista.org\/wp-content\/uploads\/2019\/12\/IMG_8613.jpg'><img loading=\"lazy\" decoding=\"async\" width=\"350\" height=\"233\" src=\"https:\/\/radiozapatista.org\/wp-content\/uploads\/2019\/12\/IMG_8613-350x233.jpg\" class=\"attachment-medium size-medium\" alt=\"\" srcset=\"https:\/\/radiozapatista.org\/wp-content\/uploads\/2019\/12\/IMG_8613-350x233.jpg 350w, https:\/\/radiozapatista.org\/wp-content\/uploads\/2019\/12\/IMG_8613-768x512.jpg 768w, https:\/\/radiozapatista.org\/wp-content\/uploads\/2019\/12\/IMG_8613-1024x683.jpg 1024w, https:\/\/radiozapatista.org\/wp-content\/uploads\/2019\/12\/IMG_8613-700x466.jpg 700w, https:\/\/radiozapatista.org\/wp-content\/uploads\/2019\/12\/IMG_8613.jpg 1200w\" sizes=\"auto, (max-width: 350px) 100vw, 350px\" \/><\/a>\n\t\t\t<\/dt><\/dl><br style=\"clear: both\" \/><dl class='gallery-item'>\n\t\t\t<dt class='gallery-icon landscape'>\n\t\t\t\t<a href='https:\/\/radiozapatista.org\/wp-content\/uploads\/2019\/12\/IMG_8618.jpg'><img loading=\"lazy\" decoding=\"async\" width=\"350\" height=\"233\" src=\"https:\/\/radiozapatista.org\/wp-content\/uploads\/2019\/12\/IMG_8618-350x233.jpg\" class=\"attachment-medium size-medium\" alt=\"\" srcset=\"https:\/\/radiozapatista.org\/wp-content\/uploads\/2019\/12\/IMG_8618-350x233.jpg 350w, https:\/\/radiozapatista.org\/wp-content\/uploads\/2019\/12\/IMG_8618-768x512.jpg 768w, https:\/\/radiozapatista.org\/wp-content\/uploads\/2019\/12\/IMG_8618-1024x683.jpg 1024w, https:\/\/radiozapatista.org\/wp-content\/uploads\/2019\/12\/IMG_8618-700x466.jpg 700w, https:\/\/radiozapatista.org\/wp-content\/uploads\/2019\/12\/IMG_8618.jpg 1200w\" sizes=\"auto, (max-width: 350px) 100vw, 350px\" \/><\/a>\n\t\t\t<\/dt><\/dl><dl class='gallery-item'>\n\t\t\t<dt class='gallery-icon landscape'>\n\t\t\t\t<a href='https:\/\/radiozapatista.org\/wp-content\/uploads\/2019\/12\/IMG_8623.jpg'><img loading=\"lazy\" decoding=\"async\" width=\"350\" height=\"233\" src=\"https:\/\/radiozapatista.org\/wp-content\/uploads\/2019\/12\/IMG_8623-350x233.jpg\" class=\"attachment-medium size-medium\" alt=\"\" srcset=\"https:\/\/radiozapatista.org\/wp-content\/uploads\/2019\/12\/IMG_8623-350x233.jpg 350w, https:\/\/radiozapatista.org\/wp-content\/uploads\/2019\/12\/IMG_8623-768x512.jpg 768w, https:\/\/radiozapatista.org\/wp-content\/uploads\/2019\/12\/IMG_8623-1024x683.jpg 1024w, https:\/\/radiozapatista.org\/wp-content\/uploads\/2019\/12\/IMG_8623-700x466.jpg 700w, https:\/\/radiozapatista.org\/wp-content\/uploads\/2019\/12\/IMG_8623.jpg 1200w\" sizes=\"auto, (max-width: 350px) 100vw, 350px\" \/><\/a>\n\t\t\t<\/dt><\/dl><dl class='gallery-item'>\n\t\t\t<dt class='gallery-icon landscape'>\n\t\t\t\t<a href='https:\/\/radiozapatista.org\/wp-content\/uploads\/2019\/12\/IMG_8625.jpg'><img loading=\"lazy\" decoding=\"async\" width=\"350\" height=\"233\" src=\"https:\/\/radiozapatista.org\/wp-content\/uploads\/2019\/12\/IMG_8625-350x233.jpg\" class=\"attachment-medium size-medium\" alt=\"\" srcset=\"https:\/\/radiozapatista.org\/wp-content\/uploads\/2019\/12\/IMG_8625-350x233.jpg 350w, https:\/\/radiozapatista.org\/wp-content\/uploads\/2019\/12\/IMG_8625-768x512.jpg 768w, https:\/\/radiozapatista.org\/wp-content\/uploads\/2019\/12\/IMG_8625-1024x683.jpg 1024w, https:\/\/radiozapatista.org\/wp-content\/uploads\/2019\/12\/IMG_8625-700x466.jpg 700w, https:\/\/radiozapatista.org\/wp-content\/uploads\/2019\/12\/IMG_8625.jpg 1200w\" sizes=\"auto, (max-width: 350px) 100vw, 350px\" \/><\/a>\n\t\t\t<\/dt><\/dl><br style=\"clear: both\" \/><dl class='gallery-item'>\n\t\t\t<dt class='gallery-icon landscape'>\n\t\t\t\t<a href='https:\/\/radiozapatista.org\/wp-content\/uploads\/2019\/12\/IMG_8628.jpg'><img loading=\"lazy\" decoding=\"async\" width=\"350\" height=\"233\" src=\"https:\/\/radiozapatista.org\/wp-content\/uploads\/2019\/12\/IMG_8628-350x233.jpg\" class=\"attachment-medium size-medium\" alt=\"\" srcset=\"https:\/\/radiozapatista.org\/wp-content\/uploads\/2019\/12\/IMG_8628-350x233.jpg 350w, https:\/\/radiozapatista.org\/wp-content\/uploads\/2019\/12\/IMG_8628-768x512.jpg 768w, https:\/\/radiozapatista.org\/wp-content\/uploads\/2019\/12\/IMG_8628-1024x683.jpg 1024w, https:\/\/radiozapatista.org\/wp-content\/uploads\/2019\/12\/IMG_8628-700x466.jpg 700w, https:\/\/radiozapatista.org\/wp-content\/uploads\/2019\/12\/IMG_8628.jpg 1200w\" sizes=\"auto, (max-width: 350px) 100vw, 350px\" \/><\/a>\n\t\t\t<\/dt><\/dl><dl class='gallery-item'>\n\t\t\t<dt class='gallery-icon landscape'>\n\t\t\t\t<a href='https:\/\/radiozapatista.org\/wp-content\/uploads\/2019\/12\/IMG_8516.jpg'><img loading=\"lazy\" decoding=\"async\" width=\"350\" height=\"233\" src=\"https:\/\/radiozapatista.org\/wp-content\/uploads\/2019\/12\/IMG_8516-350x233.jpg\" class=\"attachment-medium size-medium\" alt=\"\" srcset=\"https:\/\/radiozapatista.org\/wp-content\/uploads\/2019\/12\/IMG_8516-350x233.jpg 350w, https:\/\/radiozapatista.org\/wp-content\/uploads\/2019\/12\/IMG_8516-768x512.jpg 768w, https:\/\/radiozapatista.org\/wp-content\/uploads\/2019\/12\/IMG_8516-1024x683.jpg 1024w, https:\/\/radiozapatista.org\/wp-content\/uploads\/2019\/12\/IMG_8516-700x466.jpg 700w, https:\/\/radiozapatista.org\/wp-content\/uploads\/2019\/12\/IMG_8516.jpg 1200w\" sizes=\"auto, (max-width: 350px) 100vw, 350px\" \/><\/a>\n\t\t\t<\/dt><\/dl><dl class='gallery-item'>\n\t\t\t<dt class='gallery-icon landscape'>\n\t\t\t\t<a href='https:\/\/radiozapatista.org\/wp-content\/uploads\/2019\/12\/IMG_8536.jpg'><img loading=\"lazy\" decoding=\"async\" width=\"350\" height=\"233\" src=\"https:\/\/radiozapatista.org\/wp-content\/uploads\/2019\/12\/IMG_8536-350x233.jpg\" class=\"attachment-medium size-medium\" alt=\"\" srcset=\"https:\/\/radiozapatista.org\/wp-content\/uploads\/2019\/12\/IMG_8536-350x233.jpg 350w, https:\/\/radiozapatista.org\/wp-content\/uploads\/2019\/12\/IMG_8536-768x512.jpg 768w, https:\/\/radiozapatista.org\/wp-content\/uploads\/2019\/12\/IMG_8536-1024x683.jpg 1024w, https:\/\/radiozapatista.org\/wp-content\/uploads\/2019\/12\/IMG_8536-700x466.jpg 700w, https:\/\/radiozapatista.org\/wp-content\/uploads\/2019\/12\/IMG_8536.jpg 1200w\" sizes=\"auto, (max-width: 350px) 100vw, 350px\" \/><\/a>\n\t\t\t<\/dt><\/dl><br style=\"clear: both\" \/><dl class='gallery-item'>\n\t\t\t<dt class='gallery-icon landscape'>\n\t\t\t\t<a href='https:\/\/radiozapatista.org\/wp-content\/uploads\/2019\/12\/IMG_8542.jpg'><img loading=\"lazy\" decoding=\"async\" width=\"350\" height=\"233\" src=\"https:\/\/radiozapatista.org\/wp-content\/uploads\/2019\/12\/IMG_8542-350x233.jpg\" class=\"attachment-medium size-medium\" alt=\"\" srcset=\"https:\/\/radiozapatista.org\/wp-content\/uploads\/2019\/12\/IMG_8542-350x233.jpg 350w, https:\/\/radiozapatista.org\/wp-content\/uploads\/2019\/12\/IMG_8542-768x512.jpg 768w, https:\/\/radiozapatista.org\/wp-content\/uploads\/2019\/12\/IMG_8542-1024x683.jpg 1024w, https:\/\/radiozapatista.org\/wp-content\/uploads\/2019\/12\/IMG_8542-700x466.jpg 700w, https:\/\/radiozapatista.org\/wp-content\/uploads\/2019\/12\/IMG_8542.jpg 1200w\" sizes=\"auto, (max-width: 350px) 100vw, 350px\" \/><\/a>\n\t\t\t<\/dt><\/dl><dl class='gallery-item'>\n\t\t\t<dt class='gallery-icon landscape'>\n\t\t\t\t<a href='https:\/\/radiozapatista.org\/wp-content\/uploads\/2019\/12\/IMG_8545.jpg'><img loading=\"lazy\" decoding=\"async\" width=\"350\" height=\"233\" src=\"https:\/\/radiozapatista.org\/wp-content\/uploads\/2019\/12\/IMG_8545-350x233.jpg\" class=\"attachment-medium size-medium\" alt=\"\" srcset=\"https:\/\/radiozapatista.org\/wp-content\/uploads\/2019\/12\/IMG_8545-350x233.jpg 350w, https:\/\/radiozapatista.org\/wp-content\/uploads\/2019\/12\/IMG_8545-768x512.jpg 768w, https:\/\/radiozapatista.org\/wp-content\/uploads\/2019\/12\/IMG_8545-1024x683.jpg 1024w, https:\/\/radiozapatista.org\/wp-content\/uploads\/2019\/12\/IMG_8545-700x466.jpg 700w, https:\/\/radiozapatista.org\/wp-content\/uploads\/2019\/12\/IMG_8545.jpg 1200w\" sizes=\"auto, (max-width: 350px) 100vw, 350px\" \/><\/a>\n\t\t\t<\/dt><\/dl><dl class='gallery-item'>\n\t\t\t<dt class='gallery-icon landscape'>\n\t\t\t\t<a href='https:\/\/radiozapatista.org\/wp-content\/uploads\/2019\/12\/IMG_8547.jpg'><img loading=\"lazy\" decoding=\"async\" width=\"350\" height=\"233\" src=\"https:\/\/radiozapatista.org\/wp-content\/uploads\/2019\/12\/IMG_8547-350x233.jpg\" class=\"attachment-medium size-medium\" alt=\"\" srcset=\"https:\/\/radiozapatista.org\/wp-content\/uploads\/2019\/12\/IMG_8547-350x233.jpg 350w, https:\/\/radiozapatista.org\/wp-content\/uploads\/2019\/12\/IMG_8547-768x512.jpg 768w, https:\/\/radiozapatista.org\/wp-content\/uploads\/2019\/12\/IMG_8547-1024x683.jpg 1024w, https:\/\/radiozapatista.org\/wp-content\/uploads\/2019\/12\/IMG_8547-700x466.jpg 700w, https:\/\/radiozapatista.org\/wp-content\/uploads\/2019\/12\/IMG_8547.jpg 1200w\" sizes=\"auto, (max-width: 350px) 100vw, 350px\" \/><\/a>\n\t\t\t<\/dt><\/dl><br style=\"clear: both\" \/><dl class='gallery-item'>\n\t\t\t<dt class='gallery-icon landscape'>\n\t\t\t\t<a href='https:\/\/radiozapatista.org\/wp-content\/uploads\/2019\/12\/IMG_8553.jpg'><img loading=\"lazy\" decoding=\"async\" width=\"350\" height=\"233\" src=\"https:\/\/radiozapatista.org\/wp-content\/uploads\/2019\/12\/IMG_8553-350x233.jpg\" class=\"attachment-medium size-medium\" alt=\"\" srcset=\"https:\/\/radiozapatista.org\/wp-content\/uploads\/2019\/12\/IMG_8553-350x233.jpg 350w, https:\/\/radiozapatista.org\/wp-content\/uploads\/2019\/12\/IMG_8553-768x512.jpg 768w, https:\/\/radiozapatista.org\/wp-content\/uploads\/2019\/12\/IMG_8553-1024x683.jpg 1024w, https:\/\/radiozapatista.org\/wp-content\/uploads\/2019\/12\/IMG_8553-700x466.jpg 700w, https:\/\/radiozapatista.org\/wp-content\/uploads\/2019\/12\/IMG_8553.jpg 1200w\" sizes=\"auto, (max-width: 350px) 100vw, 350px\" \/><\/a>\n\t\t\t<\/dt><\/dl><dl class='gallery-item'>\n\t\t\t<dt class='gallery-icon landscape'>\n\t\t\t\t<a href='https:\/\/radiozapatista.org\/wp-content\/uploads\/2019\/12\/IMG_8558.jpg'><img loading=\"lazy\" decoding=\"async\" width=\"350\" height=\"233\" src=\"https:\/\/radiozapatista.org\/wp-content\/uploads\/2019\/12\/IMG_8558-350x233.jpg\" class=\"attachment-medium size-medium\" alt=\"\" srcset=\"https:\/\/radiozapatista.org\/wp-content\/uploads\/2019\/12\/IMG_8558-350x233.jpg 350w, https:\/\/radiozapatista.org\/wp-content\/uploads\/2019\/12\/IMG_8558-768x512.jpg 768w, https:\/\/radiozapatista.org\/wp-content\/uploads\/2019\/12\/IMG_8558-1024x683.jpg 1024w, https:\/\/radiozapatista.org\/wp-content\/uploads\/2019\/12\/IMG_8558-700x466.jpg 700w, https:\/\/radiozapatista.org\/wp-content\/uploads\/2019\/12\/IMG_8558.jpg 1200w\" sizes=\"auto, (max-width: 350px) 100vw, 350px\" \/><\/a>\n\t\t\t<\/dt><\/dl><dl class='gallery-item'>\n\t\t\t<dt class='gallery-icon landscape'>\n\t\t\t\t<a href='https:\/\/radiozapatista.org\/wp-content\/uploads\/2019\/12\/IMG_8564.jpg'><img loading=\"lazy\" decoding=\"async\" width=\"350\" height=\"233\" src=\"https:\/\/radiozapatista.org\/wp-content\/uploads\/2019\/12\/IMG_8564-350x233.jpg\" class=\"attachment-medium size-medium\" alt=\"\" srcset=\"https:\/\/radiozapatista.org\/wp-content\/uploads\/2019\/12\/IMG_8564-350x233.jpg 350w, https:\/\/radiozapatista.org\/wp-content\/uploads\/2019\/12\/IMG_8564-768x512.jpg 768w, https:\/\/radiozapatista.org\/wp-content\/uploads\/2019\/12\/IMG_8564-1024x683.jpg 1024w, https:\/\/radiozapatista.org\/wp-content\/uploads\/2019\/12\/IMG_8564-700x466.jpg 700w, https:\/\/radiozapatista.org\/wp-content\/uploads\/2019\/12\/IMG_8564.jpg 1200w\" sizes=\"auto, (max-width: 350px) 100vw, 350px\" \/><\/a>\n\t\t\t<\/dt><\/dl><br style=\"clear: both\" \/><dl class='gallery-item'>\n\t\t\t<dt class='gallery-icon landscape'>\n\t\t\t\t<a href='https:\/\/radiozapatista.org\/wp-content\/uploads\/2019\/12\/IMG_8565.jpg'><img loading=\"lazy\" decoding=\"async\" width=\"350\" height=\"233\" src=\"https:\/\/radiozapatista.org\/wp-content\/uploads\/2019\/12\/IMG_8565-350x233.jpg\" class=\"attachment-medium size-medium\" alt=\"\" srcset=\"https:\/\/radiozapatista.org\/wp-content\/uploads\/2019\/12\/IMG_8565-350x233.jpg 350w, https:\/\/radiozapatista.org\/wp-content\/uploads\/2019\/12\/IMG_8565-768x512.jpg 768w, https:\/\/radiozapatista.org\/wp-content\/uploads\/2019\/12\/IMG_8565-1024x683.jpg 1024w, https:\/\/radiozapatista.org\/wp-content\/uploads\/2019\/12\/IMG_8565-700x466.jpg 700w, https:\/\/radiozapatista.org\/wp-content\/uploads\/2019\/12\/IMG_8565.jpg 1200w\" sizes=\"auto, (max-width: 350px) 100vw, 350px\" \/><\/a>\n\t\t\t<\/dt><\/dl><dl class='gallery-item'>\n\t\t\t<dt class='gallery-icon landscape'>\n\t\t\t\t<a href='https:\/\/radiozapatista.org\/wp-content\/uploads\/2019\/12\/IMG_8573.jpg'><img loading=\"lazy\" decoding=\"async\" width=\"350\" height=\"233\" src=\"https:\/\/radiozapatista.org\/wp-content\/uploads\/2019\/12\/IMG_8573-350x233.jpg\" class=\"attachment-medium size-medium\" alt=\"\" srcset=\"https:\/\/radiozapatista.org\/wp-content\/uploads\/2019\/12\/IMG_8573-350x233.jpg 350w, https:\/\/radiozapatista.org\/wp-content\/uploads\/2019\/12\/IMG_8573-768x512.jpg 768w, https:\/\/radiozapatista.org\/wp-content\/uploads\/2019\/12\/IMG_8573-1024x683.jpg 1024w, https:\/\/radiozapatista.org\/wp-content\/uploads\/2019\/12\/IMG_8573-700x466.jpg 700w, https:\/\/radiozapatista.org\/wp-content\/uploads\/2019\/12\/IMG_8573.jpg 1200w\" sizes=\"auto, (max-width: 350px) 100vw, 350px\" \/><\/a>\n\t\t\t<\/dt><\/dl><dl class='gallery-item'>\n\t\t\t<dt class='gallery-icon landscape'>\n\t\t\t\t<a href='https:\/\/radiozapatista.org\/wp-content\/uploads\/2019\/12\/IMG_8575.jpg'><img loading=\"lazy\" decoding=\"async\" width=\"350\" height=\"233\" src=\"https:\/\/radiozapatista.org\/wp-content\/uploads\/2019\/12\/IMG_8575-350x233.jpg\" class=\"attachment-medium size-medium\" alt=\"\" srcset=\"https:\/\/radiozapatista.org\/wp-content\/uploads\/2019\/12\/IMG_8575-350x233.jpg 350w, https:\/\/radiozapatista.org\/wp-content\/uploads\/2019\/12\/IMG_8575-768x512.jpg 768w, https:\/\/radiozapatista.org\/wp-content\/uploads\/2019\/12\/IMG_8575-1024x683.jpg 1024w, https:\/\/radiozapatista.org\/wp-content\/uploads\/2019\/12\/IMG_8575-700x466.jpg 700w, https:\/\/radiozapatista.org\/wp-content\/uploads\/2019\/12\/IMG_8575.jpg 1200w\" sizes=\"auto, (max-width: 350px) 100vw, 350px\" \/><\/a>\n\t\t\t<\/dt><\/dl><br style=\"clear: both\" \/><dl class='gallery-item'>\n\t\t\t<dt class='gallery-icon landscape'>\n\t\t\t\t<a href='https:\/\/radiozapatista.org\/wp-content\/uploads\/2019\/12\/IMG_8579.jpg'><img loading=\"lazy\" decoding=\"async\" width=\"350\" height=\"233\" src=\"https:\/\/radiozapatista.org\/wp-content\/uploads\/2019\/12\/IMG_8579-350x233.jpg\" class=\"attachment-medium size-medium\" alt=\"\" srcset=\"https:\/\/radiozapatista.org\/wp-content\/uploads\/2019\/12\/IMG_8579-350x233.jpg 350w, https:\/\/radiozapatista.org\/wp-content\/uploads\/2019\/12\/IMG_8579-768x512.jpg 768w, https:\/\/radiozapatista.org\/wp-content\/uploads\/2019\/12\/IMG_8579-1024x683.jpg 1024w, https:\/\/radiozapatista.org\/wp-content\/uploads\/2019\/12\/IMG_8579-700x466.jpg 700w, https:\/\/radiozapatista.org\/wp-content\/uploads\/2019\/12\/IMG_8579.jpg 1200w\" sizes=\"auto, (max-width: 350px) 100vw, 350px\" \/><\/a>\n\t\t\t<\/dt><\/dl><dl class='gallery-item'>\n\t\t\t<dt class='gallery-icon landscape'>\n\t\t\t\t<a href='https:\/\/radiozapatista.org\/wp-content\/uploads\/2019\/12\/IMG_8635.jpg'><img loading=\"lazy\" decoding=\"async\" width=\"350\" height=\"233\" src=\"https:\/\/radiozapatista.org\/wp-content\/uploads\/2019\/12\/IMG_8635-350x233.jpg\" class=\"attachment-medium size-medium\" alt=\"\" srcset=\"https:\/\/radiozapatista.org\/wp-content\/uploads\/2019\/12\/IMG_8635-350x233.jpg 350w, https:\/\/radiozapatista.org\/wp-content\/uploads\/2019\/12\/IMG_8635-768x512.jpg 768w, https:\/\/radiozapatista.org\/wp-content\/uploads\/2019\/12\/IMG_8635-1024x683.jpg 1024w, https:\/\/radiozapatista.org\/wp-content\/uploads\/2019\/12\/IMG_8635-700x466.jpg 700w, https:\/\/radiozapatista.org\/wp-content\/uploads\/2019\/12\/IMG_8635.jpg 1200w\" sizes=\"auto, (max-width: 350px) 100vw, 350px\" \/><\/a>\n\t\t\t<\/dt><\/dl><dl class='gallery-item'>\n\t\t\t<dt class='gallery-icon landscape'>\n\t\t\t\t<a href='https:\/\/radiozapatista.org\/wp-content\/uploads\/2019\/12\/IMG_8637.jpg'><img loading=\"lazy\" decoding=\"async\" width=\"350\" height=\"233\" src=\"https:\/\/radiozapatista.org\/wp-content\/uploads\/2019\/12\/IMG_8637-350x233.jpg\" class=\"attachment-medium size-medium\" alt=\"\" srcset=\"https:\/\/radiozapatista.org\/wp-content\/uploads\/2019\/12\/IMG_8637-350x233.jpg 350w, https:\/\/radiozapatista.org\/wp-content\/uploads\/2019\/12\/IMG_8637-768x512.jpg 768w, https:\/\/radiozapatista.org\/wp-content\/uploads\/2019\/12\/IMG_8637-1024x683.jpg 1024w, https:\/\/radiozapatista.org\/wp-content\/uploads\/2019\/12\/IMG_8637-700x466.jpg 700w, https:\/\/radiozapatista.org\/wp-content\/uploads\/2019\/12\/IMG_8637.jpg 1200w\" sizes=\"auto, (max-width: 350px) 100vw, 350px\" \/><\/a>\n\t\t\t<\/dt><\/dl><br style=\"clear: both\" \/>\n\t\t<\/div>\n\n<p>&nbsp;<\/p>","protected":false},"excerpt":{"rendered":"<p>El 21 y 22 de diciembre de 2019, en el nuevo caracol Jacinto Canek, en las instalaciones del Cideci\/UniTierra, San Crist\u00f3bal de Las Casas, Chiapas, se realiz\u00f3 el Foro en Defensa del Territorio y la Madre Tierra, convocado por el Congreso Nacional Ind\u00edgena, el Concejo Ind\u00edgena de Gobierno y el Ej\u00e9rcito Zapatista de Liberaci\u00f3n Nacional. [&hellip;]<\/p>\n","protected":false},"author":1,"featured_media":33197,"comment_status":"open","ping_status":"closed","sticky":false,"template":"","format":"standard","meta":{"footnotes":""},"categories":[1,957,6,1024,1095,955,949,1284,958,954,961,953,190],"tags":[79,1151,63,978,56,926,1287,545,483],"class_list":["post-33085","post","type-post","status-publish","format-standard","has-post-thumbnail","hentry","category-audio","category-autonomia","category-chiapas","category-cni-temas","category-concejo-indigena-de-gobierno","category-ezln-temas","category-fotorreportaje","category-latinoamerica","category-megaproyectos","category-mexico","category-mujeres","category-mundo","category-radiozapatista","tag-autonomia","tag-cig","tag-cni","tag-defensa-del-medioambiente","tag-encuentros","tag-ezln","tag-foro-en-defensa-del-territorio","tag-pueblos-indigenas","tag-tierra-y-territorio"],"_links":{"self":[{"href":"https:\/\/radiozapatista.org\/index.php?rest_route=\/wp\/v2\/posts\/33085","targetHints":{"allow":["GET"]}}],"collection":[{"href":"https:\/\/radiozapatista.org\/index.php?rest_route=\/wp\/v2\/posts"}],"about":[{"href":"https:\/\/radiozapatista.org\/index.php?rest_route=\/wp\/v2\/types\/post"}],"author":[{"embeddable":true,"href":"https:\/\/radiozapatista.org\/index.php?rest_route=\/wp\/v2\/users\/1"}],"replies":[{"embeddable":true,"href":"https:\/\/radiozapatista.org\/index.php?rest_route=%2Fwp%2Fv2%2Fcomments&post=33085"}],"version-history":[{"count":16,"href":"https:\/\/radiozapatista.org\/index.php?rest_route=\/wp\/v2\/posts\/33085\/revisions"}],"predecessor-version":[{"id":33203,"href":"https:\/\/radiozapatista.org\/index.php?rest_route=\/wp\/v2\/posts\/33085\/revisions\/33203"}],"wp:featuredmedia":[{"embeddable":true,"href":"https:\/\/radiozapatista.org\/index.php?rest_route=\/wp\/v2\/media\/33197"}],"wp:attachment":[{"href":"https:\/\/radiozapatista.org\/index.php?rest_route=%2Fwp%2Fv2%2Fmedia&parent=33085"}],"wp:term":[{"taxonomy":"category","embeddable":true,"href":"https:\/\/radiozapatista.org\/index.php?rest_route=%2Fwp%2Fv2%2Fcategories&post=33085"},{"taxonomy":"post_tag","embeddable":true,"href":"https:\/\/radiozapatista.org\/index.php?rest_route=%2Fwp%2Fv2%2Ftags&post=33085"}],"curies":[{"name":"wp","href":"https:\/\/api.w.org\/{rel}","templated":true}]}}