{"id":33075,"date":"2019-12-23T10:25:28","date_gmt":"2019-12-23T16:25:28","guid":{"rendered":"https:\/\/radiozapatista.org\/?p=33075"},"modified":"2019-12-23T10:25:28","modified_gmt":"2019-12-23T16:25:28","slug":"ezln-no-tuvimos-ningun-manual-para-lograr-la-autonomia","status":"publish","type":"post","link":"https:\/\/radiozapatista.org\/?p=33075","title":{"rendered":"EZLN: \u201cNo tuvimos ning\u00fan manual para lograr la autonom\u00eda\u201d"},"content":{"rendered":"<p>Chiapas, M\u00e9xico. 22 de diciembre. \u201cNos cost\u00f3 entender qu\u00e9 es autonom\u00eda. Al principio nos pregunt\u00e1bamos c\u00f3mo caminar la autonom\u00eda. No tuvimos ning\u00fan manual para lograrla. El \u00fanico manual fueron los problemas que fuimos enfrentando\u201d, compartieron las Bases de Apoyo del EZLN (BAEZLN), a sus compa\u00f1eros del Congreso Nacional Ind\u00edgena (CNI), durante el segundo d\u00eda del foro \u201cen Defensa del Territorio y la Madre Tierra\u201d, en el caracol zapatista de Jacinto Canek, en san Crist\u00f3bal de las Casas. \u201cNos llev\u00f3 26 a\u00f1os formar nuestra propia autonom\u00eda; con ley o sin ley la formamos\u201d, agregaron las y los zapatistas del caracol de \u201cLa Garrucha\u201d.<\/p>\n<p>El base de apoyo Nico, tambi\u00e9n de La Garrucha, expuso que tuvieron que pensarle mucho y formular muchas ideas, para posteriormente esa organizaci\u00f3n asumirla en la pr\u00e1ctica. Para lograr la autonom\u00eda rompimos con el poder pol\u00edtico, record\u00f3 el BAEZLN, \u201cahora el pueblo manda y el gobierno obedece\u201d, asegur\u00f3.<\/p>\n<p>Lidia, mujer zapatista tambi\u00e9n de la Garrucha, evidenci\u00f3 que el capitalismo enga\u00f1a diciendo que democracia es una credencial para votar. \u201cNosotros los zapatistas no ocupamos dinero ni credenciales para elegir nuestro gobierno aut\u00f3nomo, nos reunimos en asambleas y elegimos la opci\u00f3n m\u00e1s buena y la mandamos a los pueblos para ser analizadas. Todos opinamos y nos regimos por los 7 principios del mandar obedeciendo\u201d, afirm\u00f3 Lidia.<\/p>\n<p><!--more-->La BAEZLN, Marlene tambi\u00e9n del caracol III, indic\u00f3 que les fue necesario fortalecer la atenci\u00f3n de la salud con apoyo de plantas medicinales, al igual que contar con una educaci\u00f3n que respete la lengua materna. \u201cNadie nos ense\u00f1\u00f3, tuvimos que pensar c\u00f3mo le vamos a hacer\u201d. Marlene tambi\u00e9n explico que el equipo de comunicaci\u00f3n de los \u201cTercios compas\u201d, tienen el cargo de sacar a la luz la historia de la organizaci\u00f3n. De igual importancia son las radios comunitarias, las cuales son para que \u201cel pueblo escuche y ya no est\u00e9 enga\u00f1ado\u201d, abund\u00f3.<\/p>\n<p>Albertina del caracol anfitri\u00f3n Jacinto Canek, indic\u00f3 que \u201ccomo mujeres zapatistas nos cost\u00f3, pues no nos hab\u00edan ense\u00f1ado a participar en la asamblea o a ocupar cargos. Empezamos a participar en nuestros pueblos primero y poco a poco en las comisiones\u201d. Gabriela del caracol de Oventic, habl\u00f3 sobre c\u00f3mo se ha dado la participaci\u00f3n de las mujeres en las tres estancias de gobierno: \u201cPrimero empezamos a participar en los pueblos, despu\u00e9s en los municipios y ahora formamos parte de Juntas de Buen Gobierno. Estamos participando en las diferentes \u00e1reas de la autonom\u00eda, hay compa\u00f1eras promotoras, tercios compas y coordinadoras\u201d, fue su palabra.<\/p>\n<p>El Base de Apoyo Jorge, del caracol de Oventic, expuso que no es cosa f\u00e1cil preparar a una nueva generaci\u00f3n en la organizaci\u00f3n y en la autonom\u00eda. \u201cHacemos todo el esfuerzo para preparar a la nueva generaci\u00f3n porque sabemos que los nietos o bisnietos de los finqueros que violentaban, violaban, despojaban a nuestros abuelos y abuelas podr\u00edan regresar. Es una equivocaci\u00f3n lo que piensa el sistema capitalista al decir que nosotros los pueblos estamos atrasados. Por eso es importante trabajar con los y las j\u00f3venes\u201d, agreg\u00f3 Jorge.<\/p>\n<p>Andrea, del Caracol \u201cMorelia\u201d, asegur\u00f3 que \u201cla resistencia no es de ahora sino desde nuestros antepasados, desde la llegada de los espa\u00f1oles que impusieron una religi\u00f3n, una cultura ajena. A lo largo del tiempo seguimos siendo explotados, esclavizados, humillados por lo que salimos a la luz el 1 de enero de 1994 porque no quer\u00edamos seguir siendo explotados. El mal gobierno ha intentado muchas formas de acabar con nuestra organizaci\u00f3n pero aqu\u00ed seguimos resistiendo\u201d, destac\u00f3 la BAEZLN.<\/p>\n<p>Allison, tambi\u00e9n del caracol de \u201cMorelia\u201d, indic\u00f3 que como zapatistas resisten a las migajas del mal gobierno. \u201cResistimos las pol\u00edticas econ\u00f3micas, psicol\u00f3gicas, ideol\u00f3gicas; resistimos cr\u00edticas y burlas de hermanos partidistas. Resistir no depende de estudios porque aqu\u00ed estamos haciendo la autonom\u00eda\u201d, fue su palabra.<\/p>\n<p>Homero, tambi\u00e9n del caracol IV, hizo referencia igualmente sobre la gran tarea que es orientar a los j\u00f3venes en la organizaci\u00f3n. \u201cVendr\u00e1n nuevos tiempos y nuevos modos de resistencia. Es necesario pensar en una organizaci\u00f3n verdadera\u201d, enfatiz\u00f3 Homero. \u201cEn un principio no entend\u00edamos pero ya comprendimos que es importante caminar con las compa\u00f1eras para que la organizaci\u00f3n sea completa\u201d, fue su reflexi\u00f3n.<\/p>\n<p>Alejandro, del caracol I de \u201cLa Realidad\u201d, subray\u00f3 que \u201cNo todo es color de rosa y menos cuando se trata de organizar a muchos compa\u00f1eros\u201d. \u201cLos primeros 10 a\u00f1os fueron muy duros en cuanto a la preparaci\u00f3n y realizaci\u00f3n de los trabajos en la clandestinidad. Despu\u00e9s de 1994 comienza una serie de trabajos que tiene que ver con econom\u00eda, pues las consultas, las convenciones y actividades pol\u00edticas lo demandan\u201d, concientiz\u00f3 el BAEZLN.<\/p>\n<p>Abenamar, del caracol I, record\u00f3 que \u201cdesde el rompimiento de los di\u00e1logos con el mal gobierno dijimos que con ley o sin ley vamos a ejercer la autonom\u00eda. Para poder hacerlo se necesitan dos cosas: econom\u00eda y organizaci\u00f3n, entender que tenemos que trabajar en colectivo pues depender de los malos gobiernos es esclavizarse\u201d. Abenamar tambi\u00e9n inform\u00f3 que para la creaci\u00f3n de los nuevos caracoles zapatistas se utilizaron nueve millones de pesos, \u201chemos hecho grandes cosas con la unidad y el colectivismo\u201d, destac\u00f3.<\/p>\n<p>Yurem, del caracol la \u201cRealidad\u201d, dio su testimonio sobre el trabajo colectivo: \u201ccomo compa\u00f1eras, tenemos diferentes trabajos de apoyo como granjas de pollos, ganader\u00eda o de puercos, o la milpa. No se puede decir no s\u00e9 o no puedo, porque todo se debe poder cuando se trabaja en colectivo\u201d, fue su consejo. Su compa\u00f1era Elsi, agreg\u00f3 que se han organizado en colectivo \u201cporque vemos la necesidad y el trabajo colectivo es el \u00fanico camino que vemos para vivir en nuestra resistencia; porque all\u00ed sacamos la econom\u00eda en nuestra lucha en la que vamos, lo hemos practicado desde nuestros pueblos y nuestros municipios\u201d, extern\u00f3.<\/p>\n<p>Del caracol de Roberto Barrios, la reflexi\u00f3n fue que \u201clos pueblos se encuentran muy divididos, ya que los caporales y capataces los han dividido. Nuestro trabajo pol\u00edtico es ir y platicarle a nuestra familia los problemas que vemos y explicar c\u00f3mo est\u00e1 la situaci\u00f3n en el pa\u00eds, sobre los asesinatos, secuestros, violaciones, el despojo, violencia y quien es el que lo est\u00e1 causando, que es el capitalismo\u201d, se\u00f1al\u00f3 la representante del caracol V.<\/p>\n<p>\u201cEl capitalismo est\u00e1 por desaparecer, pero nuestra madre naturaleza no se va a poder recuperar de la contaminaci\u00f3n de r\u00edos, aguas y mares; la contaminaci\u00f3n provoca que la tierra no produzca. El capitalismo buscar\u00e1 refugio en los cerros o monta\u00f1as, donde nos mandaron cuando no nos quer\u00edan en sus ciudades, entonces tenemos que prepararnos, defender y luchar por nuestra madre tierra\u201d, fue el mensaje de otro integrante del caracol de Roberto Barrios.<\/p>\n<p>\u201cEn nuestro trabajo pol\u00edtico con nuestros compa\u00f1eros no zapatistas, les dijimos c\u00f3mo estamos viviendo hoy en M\u00e9xico, darles de entender la situaci\u00f3n pero ellos est\u00e1n acostumbrados con sus partidos pol\u00edticos. La \u201ccuarta aniquilaci\u00f3n\u201d va a destruir, va a ver mucha tristeza; pero a nosotros nos da coraje y rabia ver c\u00f3mo siguen enga\u00f1ando a nuestros hermanos, la situaci\u00f3n que viene con el nuevo gobierno que es de despojo, el sembrando vida en realidad es sembrando muerte, nos despojar\u00e1 de lo que a\u00fan nos queda, hay quienes a\u00fan creen que de arriba va a venir el cambio\u201d, continuaron reflexionando las BAEZLN.<\/p>\n<p>\u201cPara luchar y organizarse no se necesita ser zapatista, lo importante es luchar y enfrentarse al mal sistema, llevemos una gran tarea y llevemos a trabajar con otros compa\u00f1eros, esa es la \u00fanica forma para defender lo que tenemos en nuestros territorios, solo organizados el mal gobierno no nos podr\u00e1 destruir\u201d, enfatizaron las y los zapatistas desde el caracol Jacinto Canek.<\/p>\n<p>FOTO E INFORMACI\u00d3N: CNI<\/p>","protected":false},"excerpt":{"rendered":"<p>Chiapas, M\u00e9xico. 22 de diciembre. \u201cNos cost\u00f3 entender qu\u00e9 es autonom\u00eda. Al principio nos pregunt\u00e1bamos c\u00f3mo caminar la autonom\u00eda. No tuvimos ning\u00fan manual para lograrla. El \u00fanico manual fueron los problemas que fuimos enfrentando\u201d, compartieron las Bases de Apoyo del EZLN (BAEZLN), a sus compa\u00f1eros del Congreso Nacional Ind\u00edgena (CNI), durante el segundo d\u00eda del [&hellip;]<\/p>\n","protected":false},"author":1,"featured_media":33076,"comment_status":"open","ping_status":"closed","sticky":false,"template":"","format":"standard","meta":{"footnotes":""},"categories":[957,6,1024,1095,955,196],"tags":[79,917,1151,63,978,56,926,1287,545,483],"class_list":["post-33075","post","type-post","status-publish","format-standard","has-post-thumbnail","hentry","category-autonomia","category-chiapas","category-cni-temas","category-concejo-indigena-de-gobierno","category-ezln-temas","category-radio-pozol","tag-autonomia","tag-chiapas","tag-cig","tag-cni","tag-defensa-del-medioambiente","tag-encuentros","tag-ezln","tag-foro-en-defensa-del-territorio","tag-pueblos-indigenas","tag-tierra-y-territorio"],"_links":{"self":[{"href":"https:\/\/radiozapatista.org\/index.php?rest_route=\/wp\/v2\/posts\/33075","targetHints":{"allow":["GET"]}}],"collection":[{"href":"https:\/\/radiozapatista.org\/index.php?rest_route=\/wp\/v2\/posts"}],"about":[{"href":"https:\/\/radiozapatista.org\/index.php?rest_route=\/wp\/v2\/types\/post"}],"author":[{"embeddable":true,"href":"https:\/\/radiozapatista.org\/index.php?rest_route=\/wp\/v2\/users\/1"}],"replies":[{"embeddable":true,"href":"https:\/\/radiozapatista.org\/index.php?rest_route=%2Fwp%2Fv2%2Fcomments&post=33075"}],"version-history":[{"count":1,"href":"https:\/\/radiozapatista.org\/index.php?rest_route=\/wp\/v2\/posts\/33075\/revisions"}],"predecessor-version":[{"id":33077,"href":"https:\/\/radiozapatista.org\/index.php?rest_route=\/wp\/v2\/posts\/33075\/revisions\/33077"}],"wp:featuredmedia":[{"embeddable":true,"href":"https:\/\/radiozapatista.org\/index.php?rest_route=\/wp\/v2\/media\/33076"}],"wp:attachment":[{"href":"https:\/\/radiozapatista.org\/index.php?rest_route=%2Fwp%2Fv2%2Fmedia&parent=33075"}],"wp:term":[{"taxonomy":"category","embeddable":true,"href":"https:\/\/radiozapatista.org\/index.php?rest_route=%2Fwp%2Fv2%2Fcategories&post=33075"},{"taxonomy":"post_tag","embeddable":true,"href":"https:\/\/radiozapatista.org\/index.php?rest_route=%2Fwp%2Fv2%2Ftags&post=33075"}],"curies":[{"name":"wp","href":"https:\/\/api.w.org\/{rel}","templated":true}]}}