{"id":3284,"date":"2011-06-11T11:47:59","date_gmt":"2011-06-11T16:47:59","guid":{"rendered":"https:\/\/radiozapatista.org\/?p=3284"},"modified":"2011-06-11T11:47:59","modified_gmt":"2011-06-11T16:47:59","slug":"manifestacion-frente-a-la-embajada-mexicana-en-berlin-alemania-por-la-liberacion-de-los-presos-de-san-sebastian-bachajon-y-el-zapatista-patricio-dominguez-vazquez","status":"publish","type":"post","link":"https:\/\/radiozapatista.org\/?p=3284","title":{"rendered":"<!--:es-->Manifestaci\u00f3n frente a la embajada Mexicana en Berl\u00edn, Alemania por la liberaci\u00f3n de los presos de San Sebast\u00edan Bachaj\u00f3n y el zapatista Patricio Dom\u00ednguez V\u00e1zquez<!--:--><!--:en-->Manifestaci\u00f3n frente a la embajada Mexicana en Berl\u00edn, Alemania por la liberaci\u00f3n de los presos de San Sebast\u00edan Bachaj\u00f3n y el zapatista Patricio Dom\u00ednguez V\u00e1zquez<!--:-->"},"content":{"rendered":"<p><!--:es--><strong>Berlin, Alemania 7 de Junio.  <\/strong><\/p>\n<p>Alemanes, mexicanos y personas de otras nacionalidades se manifestaron frente a la embajada mexicana en  Berl\u00edn para exigir la inmediata liberaci\u00f3n de los 5 presos de San Sebasti\u00e1n Bachaj\u00f3n y de Patricio  Dom\u00ednguez  V\u00e1zquez base de apoyo zapatista del ejido Mesa Redondo. La  manifestaci\u00f3n fue organizada por la  Red Ya-Basta-Netz y Movimiento por Justicia del Barrio.<\/p>\n<p>Un integrante del Movimiento por  Justicia del Barrio de Nueva York que son adherentes a la otra campa\u00f1a que estaba presente habl\u00f3 sobre la situaci\u00f3n  y la lucha del pueblo de Bachaj\u00f3n, se leyeron 3 cartas enviadas especialmente para esta accion una de los presos, otra de las mujeres familiares de estos y la ultima del pueblo de San Sebasti\u00e1n Bachaj\u00f3n, las tres cartas fueron le\u00eddas en espa\u00f1ol y en alem\u00e1n en las cuales hablan del despojo, la represi\u00f3n y la militarizaci\u00f3n que sufren por parte de Juan Sabines, gobernador de Chiapas y por el Gobierno Federal, los cuales favorecen a la inversi\u00f3n nacional y extranjera para despojarlos de su territorio y sus recursos naturales que han heredado de sus abuelos de tiempos ancestrales, y no contentos con ello, reprimen y encarcelan injustamente a los que luchan contra el despojo neoliberal.  <\/p>\n<p>Los manifestantes a trav\u00e9s de pancartas exigieron la inmediata liberaci\u00f3n de los presos y expresaron su solidaridad a los zapatistas pero no solo, pues tambi\u00e9n a trav\u00e9s de estas  manifestaron su profundo rechazo a la guerra de Calder\u00f3n y a la reforma a la ley de seguridad, pod\u00edan leerse tambi\u00e9n textos como, No a la militarizaci\u00f3n del pa\u00eds, No m\u00e1s sangre y No a la presa el zapotillo. Nunca faltaron consignas  de apoyo por la libertad de los presos y de apoyo a los zapatistas y a la otra campa\u00f1a, entre otras.<\/p>\n<p>Participantes al acto tambi\u00e9n hablaron sobre los problemas que se viven en Berl\u00edn, de las altas rentas, del despojo de los espacios autogestionados, de la gentrificaci\u00f3n, manifestaron que se sienten identificados con las luchas que dan los pueblos en Chiapas porque que la problem\u00e1tica de despojo es la misma  aqu\u00ed y all\u00e1 y por eso, aqu\u00ed y all\u00e1 la lucha seguir\u00e1.<!--:--><\/p>\n","protected":false},"excerpt":{"rendered":"<p>Berlin, Alemania 7 de Junio. Alemanes, mexicanos y personas de otras nacionalidades se manifestaron frente a la embajada mexicana en Berl\u00edn para exigir la inmediata liberaci\u00f3n de los 5 presos de San Sebasti\u00e1n Bachaj\u00f3n y de Patricio Dom\u00ednguez V\u00e1zquez base de apoyo zapatista del ejido Mesa Redondo. La manifestaci\u00f3n fue organizada por la Red Ya-Basta-Netz [&hellip;]<\/p>\n","protected":false},"author":1,"featured_media":0,"comment_status":"open","ping_status":"open","sticky":false,"template":"","format":"standard","meta":{"footnotes":""},"categories":[183],"tags":[61,920,37,253],"class_list":["post-3284","post","type-post","status-publish","format-standard","hentry","category-blog","tag-bachajon","tag-europa","tag-presos-politicos","tag-zapatistas"],"_links":{"self":[{"href":"https:\/\/radiozapatista.org\/index.php?rest_route=\/wp\/v2\/posts\/3284","targetHints":{"allow":["GET"]}}],"collection":[{"href":"https:\/\/radiozapatista.org\/index.php?rest_route=\/wp\/v2\/posts"}],"about":[{"href":"https:\/\/radiozapatista.org\/index.php?rest_route=\/wp\/v2\/types\/post"}],"author":[{"embeddable":true,"href":"https:\/\/radiozapatista.org\/index.php?rest_route=\/wp\/v2\/users\/1"}],"replies":[{"embeddable":true,"href":"https:\/\/radiozapatista.org\/index.php?rest_route=%2Fwp%2Fv2%2Fcomments&post=3284"}],"version-history":[{"count":0,"href":"https:\/\/radiozapatista.org\/index.php?rest_route=\/wp\/v2\/posts\/3284\/revisions"}],"wp:attachment":[{"href":"https:\/\/radiozapatista.org\/index.php?rest_route=%2Fwp%2Fv2%2Fmedia&parent=3284"}],"wp:term":[{"taxonomy":"category","embeddable":true,"href":"https:\/\/radiozapatista.org\/index.php?rest_route=%2Fwp%2Fv2%2Fcategories&post=3284"},{"taxonomy":"post_tag","embeddable":true,"href":"https:\/\/radiozapatista.org\/index.php?rest_route=%2Fwp%2Fv2%2Ftags&post=3284"}],"curies":[{"name":"wp","href":"https:\/\/api.w.org\/{rel}","templated":true}]}}