{"id":32716,"date":"2019-12-15T11:15:26","date_gmt":"2019-12-15T17:15:26","guid":{"rendered":"https:\/\/radiozapatista.org\/?p=32716"},"modified":"2019-12-15T14:17:43","modified_gmt":"2019-12-15T20:17:43","slug":"ezln-son-las-artes-la-semilla-en-la-que-la-humanidad-renacera","status":"publish","type":"post","link":"https:\/\/radiozapatista.org\/?p=32716","title":{"rendered":"[:es]EZLN: \u201cSon las artes la semilla en la que la humanidad renacer\u00e1\u201d[:]"},"content":{"rendered":"<p>[:es]<a href=\"#audios\">(Audios abajo)<\/a><\/p>\n<p>Amatenango del Valle, Chiapas. 14 de diciembre. \u201cEn las monta\u00f1as del sureste mexicano se les toma en cuenta y se valora su trabajo \u201c, fue el mensaje del EZLN, a los participantes en el segundo festival Puy Ta Cuxlejaltic, en el caracol Tulan Ka\u2019u, en los altos de Chiapas. Durante la \u201cMESA REDONDA DE TAN RECTANGULAR: CINE: CREADOR@S Y CREATURAS\u201d, el subcomandante Galeano, enfatiz\u00f3 que la relevancia y el aprecio que tienen las Bases Zapatistas, por el s\u00e9ptimo arte y que ante el nuevo mundo que es necesario construir consideran al cine como algo \u201cdigno de salvar\u201d.<\/p>\n<p style=\"text-align: center;\"><a href=\"https:\/\/radiozapatista.org\/wp-content\/uploads\/2019\/12\/poz1.jpg\"><img loading=\"lazy\" decoding=\"async\" class=\"aligncenter size-large wp-image-32717\" src=\"https:\/\/radiozapatista.org\/wp-content\/uploads\/2019\/12\/poz1-1024x656.jpg\" alt=\"\" width=\"1024\" height=\"656\" srcset=\"https:\/\/radiozapatista.org\/wp-content\/uploads\/2019\/12\/poz1.jpg 1024w, https:\/\/radiozapatista.org\/wp-content\/uploads\/2019\/12\/poz1-350x224.jpg 350w, https:\/\/radiozapatista.org\/wp-content\/uploads\/2019\/12\/poz1-768x492.jpg 768w\" sizes=\"auto, (max-width: 1024px) 100vw, 1024px\" \/><\/a><\/p>\n<p>El insurgente zapatista comunic\u00f3 que tanto el primer festival Puy Ta Cuxlejaltic, como esta segunda edici\u00f3n, \u201ces una forma de darles un abrazo\u201d, a los trabajadorxs del cine. El vocero del EZLN, recalc\u00f3 que no esperan que los cineastas hagan marchas o difusi\u00f3n en apoyo al movimiento, lo que les piden es que contin\u00faen haciendo cine, \u201cque sigan creando comunidad \u201c. Son las artes la semilla en la que la humanidad renacer\u00e1, externo el otrora Sub Marcos.<\/p>\n<p style=\"text-align: center;\"><a href=\"https:\/\/radiozapatista.org\/wp-content\/uploads\/2019\/12\/poz2.jpg\"><img loading=\"lazy\" decoding=\"async\" class=\"aligncenter size-large wp-image-32718\" src=\"https:\/\/radiozapatista.org\/wp-content\/uploads\/2019\/12\/poz2-1024x768.jpg\" alt=\"\" width=\"1024\" height=\"768\" srcset=\"https:\/\/radiozapatista.org\/wp-content\/uploads\/2019\/12\/poz2-1024x768.jpg 1024w, https:\/\/radiozapatista.org\/wp-content\/uploads\/2019\/12\/poz2-350x263.jpg 350w, https:\/\/radiozapatista.org\/wp-content\/uploads\/2019\/12\/poz2-768x576.jpg 768w, https:\/\/radiozapatista.org\/wp-content\/uploads\/2019\/12\/poz2.jpg 2000w\" sizes=\"auto, (max-width: 1024px) 100vw, 1024px\" \/><\/a><\/p>\n<p>En la mesa \u201credonda de tan cuadrangular\u201d, se dialog\u00f3 sobre temas como el trabajo de lxs actores para representar sus personajes, a lo que el actor Joaqu\u00edn Cos\u00edo, argument\u00f3 que \u201ctodos los personajes est\u00e1n dentro de nosotros. Lo que hacemos es despertar eso que requiere el personaje\u201d. La actriz Dolores Heredia, resalt\u00f3 que la preparaci\u00f3n no es s\u00f3lo para el personaje sino \u201cpara la vida misma. La directora Berta Navarro, tambi\u00e9n convid\u00f3 a que la creaci\u00f3n nunca debe de parar, y a seguir luchando todos los d\u00edas por hacer cine. \u201cEl cine sirve para vernos reflejados y preguntarnos qui\u00e9nes somos. Para ver las decisiones que se han tomado y ver que si se puede cambiar de rumbo\u201d, abund\u00f3 el actor Jos\u00e9 Mar\u00eda Yazpik. Sobre el movimiento feminista, la actr\u00edz Marina de Tavira, llam\u00f3 a empatizar las luchas y no aislarlas, para crear \u201cesos otros mundos posibles\u201d.<\/p>\n<p><a href=\"https:\/\/radiozapatista.org\/wp-content\/uploads\/2019\/12\/poz3.jpg\"><img loading=\"lazy\" decoding=\"async\" class=\"aligncenter size-large wp-image-32719\" src=\"https:\/\/radiozapatista.org\/wp-content\/uploads\/2019\/12\/poz3-1024x874.jpg\" alt=\"\" width=\"1024\" height=\"874\" srcset=\"https:\/\/radiozapatista.org\/wp-content\/uploads\/2019\/12\/poz3-1024x874.jpg 1024w, https:\/\/radiozapatista.org\/wp-content\/uploads\/2019\/12\/poz3-350x300.jpg 350w, https:\/\/radiozapatista.org\/wp-content\/uploads\/2019\/12\/poz3-768x655.jpg 768w, https:\/\/radiozapatista.org\/wp-content\/uploads\/2019\/12\/poz3.jpg 1280w\" sizes=\"auto, (max-width: 1024px) 100vw, 1024px\" \/><\/a><\/p>\n<p>Por su parte el Base de Apoyo Zapatista conocido como \u201cRubio\u201d, dio un informe detallado sobre el pr\u00f3ximo auditorio que quiere construir en el Caracol de Tulan Ka\u2019u. En tseltal y traducido por el Subcomandante Mois\u00e9s, el tambi\u00e9n constructor mencion\u00f3 que espera que se puedan lograr tener los recursos para que un d\u00eda puedan tener dicha construcci\u00f3n, para eventos como un pr\u00f3ximo festival de teatro.<\/p>\n<p><a href=\"https:\/\/radiozapatista.org\/wp-content\/uploads\/2019\/12\/poz4.jpg\"><img loading=\"lazy\" decoding=\"async\" class=\"aligncenter size-large wp-image-32720\" src=\"https:\/\/radiozapatista.org\/wp-content\/uploads\/2019\/12\/poz4-715x1024.jpg\" alt=\"\" width=\"715\" height=\"1024\" srcset=\"https:\/\/radiozapatista.org\/wp-content\/uploads\/2019\/12\/poz4.jpg 715w, https:\/\/radiozapatista.org\/wp-content\/uploads\/2019\/12\/poz4-209x300.jpg 209w\" sizes=\"auto, (max-width: 715px) 100vw, 715px\" \/><\/a><\/p>\n<p>De igual forma la organizaci\u00f3n ecuatoriana Guardianes del Agua, denunci\u00f3 esta noche en el festival de cine \u201cPuy ta Cuxlejaltic \u201c, que a dos de sus integrantes, Mam\u00e1 Zoila V\u00e1squez y Mar\u00eda Zumba, se les impidi\u00f3 ingresar a M\u00e9xico para participar en el Segundo Encuentro Internacional de Mujeres que Luchan, que se llevar\u00e1 a cabo en Chiapas del 26 al 29 de diciembre pr\u00f3ximos en territorio rebelde zapatista.<\/p>\n<p>Fotos: Rub\u00e9n Moreno<\/p>\n<h4><a id=\"audios\"><\/a>Escucha los audios:<\/h4>\n<div class=\"wp-playlist wp-audio-playlist wp-playlist-light\">\n\t\t\t<div class=\"wp-playlist-current-item\"><\/div>\n\t\t<audio controls=\"controls\" preload=\"none\" width=\"640\"\n\t\t\t><\/audio>\n\t<div class=\"wp-playlist-next\"><\/div>\n\t<div class=\"wp-playlist-prev\"><\/div>\n\t<noscript>\n\t<ol>\n\t\t<li><a href='https:\/\/radiozapatista.org\/wp-content\/uploads\/2019\/12\/DR0000_1011.mp3'>Guardianes del Agua (Ecuador)<\/a><\/li><li><a href='https:\/\/radiozapatista.org\/wp-content\/uploads\/2019\/12\/DR0000_1012.mp3'>Arquitecto Rubio<\/a><\/li><li><a href='https:\/\/radiozapatista.org\/wp-content\/uploads\/2019\/12\/DR0000_1014.mp3'>Subcomandante Galeano (resumen del festival) \/ Joaqu\u00edn Cos\u00edo y Dolores Heredia<\/a><\/li><li><a href='https:\/\/radiozapatista.org\/wp-content\/uploads\/2019\/12\/DR0000_1017.mp3'>Mesa Cuadrada I<\/a><\/li><li><a href='https:\/\/radiozapatista.org\/wp-content\/uploads\/2019\/12\/DR0000_1018.mp3'>Mesa Cuadrada II<\/a><\/li><li><a href='https:\/\/radiozapatista.org\/wp-content\/uploads\/2019\/12\/DR0000_1019.mp3'>Mesa Cuadrada III (Mujeres)<\/a><\/li><li><a href='https:\/\/radiozapatista.org\/wp-content\/uploads\/2019\/12\/DR0000_1020.mp3'>Mesa Cuadrada IV<\/a><\/li>\t<\/ol>\n\t<\/noscript>\n\t<script type=\"application\/json\" class=\"wp-playlist-script\">{\"type\":\"audio\",\"tracklist\":true,\"tracknumbers\":true,\"images\":true,\"artists\":false,\"tracks\":[{\"src\":\"https:\/\/radiozapatista.org\/wp-content\/uploads\/2019\/12\/DR0000_1011.mp3\",\"type\":\"audio\/mpeg\",\"title\":\"Guardianes del Agua (Ecuador)\",\"caption\":\"Guardianes del Agua (Ecuador)\",\"description\":\"Guardianes del Agua (Ecuador)\",\"meta\":{\"album\":\"Festival Puy ta Cuxlejaltic\",\"length_formatted\":\"3:31\"},\"image\":{\"src\":\"https:\/\/radiozapatista.org\/wp-includes\/images\/media\/audio.svg\",\"width\":48,\"height\":64},\"thumb\":{\"src\":\"https:\/\/radiozapatista.org\/wp-includes\/images\/media\/audio.svg\",\"width\":48,\"height\":64}},{\"src\":\"https:\/\/radiozapatista.org\/wp-content\/uploads\/2019\/12\/DR0000_1012.mp3\",\"type\":\"audio\/mpeg\",\"title\":\"Arquitecto Rubio\",\"caption\":\"Arquitecto Rubio\",\"description\":\"Arquitecto Rubio\",\"meta\":{\"album\":\"Festival Puy ta Cuxlejaltic\",\"length_formatted\":\"13:36\"},\"image\":{\"src\":\"https:\/\/radiozapatista.org\/wp-includes\/images\/media\/audio.svg\",\"width\":48,\"height\":64},\"thumb\":{\"src\":\"https:\/\/radiozapatista.org\/wp-includes\/images\/media\/audio.svg\",\"width\":48,\"height\":64}},{\"src\":\"https:\/\/radiozapatista.org\/wp-content\/uploads\/2019\/12\/DR0000_1014.mp3\",\"type\":\"audio\/mpeg\",\"title\":\"Subcomandante Galeano (resumen del festival) \/ Joaqu\\u00edn Cos\\u00edo y Dolores Heredia\",\"caption\":\"Subcomandante Galeano (resumen del festival) \/ Joaqu\\u00edn Cos\\u00edo y Dolores Heredia\",\"description\":\"Subcomandante Galeano (resumen del festival) \/ Joaqu\\u00edn Cos\\u00edo y Dolores Heredia\",\"meta\":{\"album\":\"Festival Puy ta Cuxlejaltic\",\"length_formatted\":\"41:09\"},\"image\":{\"src\":\"https:\/\/radiozapatista.org\/wp-includes\/images\/media\/audio.svg\",\"width\":48,\"height\":64},\"thumb\":{\"src\":\"https:\/\/radiozapatista.org\/wp-includes\/images\/media\/audio.svg\",\"width\":48,\"height\":64}},{\"src\":\"https:\/\/radiozapatista.org\/wp-content\/uploads\/2019\/12\/DR0000_1017.mp3\",\"type\":\"audio\/mpeg\",\"title\":\"Mesa Cuadrada I\",\"caption\":\"Mesa Cuadrada I\",\"description\":\"Mesa Cuadrada I\",\"meta\":{\"album\":\"Festival Puy ta Cuxlejaltic\",\"length_formatted\":\"40:38\"},\"image\":{\"src\":\"https:\/\/radiozapatista.org\/wp-includes\/images\/media\/audio.svg\",\"width\":48,\"height\":64},\"thumb\":{\"src\":\"https:\/\/radiozapatista.org\/wp-includes\/images\/media\/audio.svg\",\"width\":48,\"height\":64}},{\"src\":\"https:\/\/radiozapatista.org\/wp-content\/uploads\/2019\/12\/DR0000_1018.mp3\",\"type\":\"audio\/mpeg\",\"title\":\"Mesa Cuadrada II\",\"caption\":\"Mesa Cuadrada II\",\"description\":\"Mesa Cuadrada II\",\"meta\":{\"album\":\"Festival Puy ta Cuxlejaltic\",\"length_formatted\":\"8:19\"},\"image\":{\"src\":\"https:\/\/radiozapatista.org\/wp-includes\/images\/media\/audio.svg\",\"width\":48,\"height\":64},\"thumb\":{\"src\":\"https:\/\/radiozapatista.org\/wp-includes\/images\/media\/audio.svg\",\"width\":48,\"height\":64}},{\"src\":\"https:\/\/radiozapatista.org\/wp-content\/uploads\/2019\/12\/DR0000_1019.mp3\",\"type\":\"audio\/mpeg\",\"title\":\"Mesa Cuadrada III (Mujeres)\",\"caption\":\"Mesa Cuadrada III (Mujeres)\",\"description\":\"Mesa Cuadrada III (Mujeres)\",\"meta\":{\"album\":\"Festival Puy ta Cuxlejaltic\",\"length_formatted\":\"32:34\"},\"image\":{\"src\":\"https:\/\/radiozapatista.org\/wp-includes\/images\/media\/audio.svg\",\"width\":48,\"height\":64},\"thumb\":{\"src\":\"https:\/\/radiozapatista.org\/wp-includes\/images\/media\/audio.svg\",\"width\":48,\"height\":64}},{\"src\":\"https:\/\/radiozapatista.org\/wp-content\/uploads\/2019\/12\/DR0000_1020.mp3\",\"type\":\"audio\/mpeg\",\"title\":\"Mesa Cuadrada IV\",\"caption\":\"Mesa Cuadrada IV\",\"description\":\"Mesa Cuadrada IV\",\"meta\":{\"album\":\"Festival Puy ta Cuxlejaltic\",\"length_formatted\":\"38:25\"},\"image\":{\"src\":\"https:\/\/radiozapatista.org\/wp-includes\/images\/media\/audio.svg\",\"width\":48,\"height\":64},\"thumb\":{\"src\":\"https:\/\/radiozapatista.org\/wp-includes\/images\/media\/audio.svg\",\"width\":48,\"height\":64}}]}<\/script>\n<\/div>\n\t\n<p>&nbsp;[:]<\/p>\n","protected":false},"excerpt":{"rendered":"<p>[:es](Audios abajo) Amatenango del Valle, Chiapas. 14 de diciembre. \u201cEn las monta\u00f1as del sureste mexicano se les toma en cuenta y se valora su trabajo \u201c, fue el mensaje del EZLN, a los participantes en el segundo festival Puy Ta Cuxlejaltic, en el caracol Tulan Ka\u2019u, en los altos de Chiapas. Durante la \u201cMESA REDONDA [&hellip;]<\/p>\n","protected":false},"author":1,"featured_media":32721,"comment_status":"open","ping_status":"closed","sticky":false,"template":"","format":"standard","meta":{"footnotes":""},"categories":[957,6,955,196],"tags":[1139,917,1231,56,926,1236],"class_list":["post-32716","post","type-post","status-publish","format-standard","has-post-thumbnail","hentry","category-autonomia","category-chiapas","category-ezln-temas","category-radio-pozol","tag-artes","tag-chiapas","tag-cine","tag-encuentros","tag-ezln","tag-festival-puy-ta-cuxlejaltic"],"_links":{"self":[{"href":"https:\/\/radiozapatista.org\/index.php?rest_route=\/wp\/v2\/posts\/32716","targetHints":{"allow":["GET"]}}],"collection":[{"href":"https:\/\/radiozapatista.org\/index.php?rest_route=\/wp\/v2\/posts"}],"about":[{"href":"https:\/\/radiozapatista.org\/index.php?rest_route=\/wp\/v2\/types\/post"}],"author":[{"embeddable":true,"href":"https:\/\/radiozapatista.org\/index.php?rest_route=\/wp\/v2\/users\/1"}],"replies":[{"embeddable":true,"href":"https:\/\/radiozapatista.org\/index.php?rest_route=%2Fwp%2Fv2%2Fcomments&post=32716"}],"version-history":[{"count":2,"href":"https:\/\/radiozapatista.org\/index.php?rest_route=\/wp\/v2\/posts\/32716\/revisions"}],"predecessor-version":[{"id":32730,"href":"https:\/\/radiozapatista.org\/index.php?rest_route=\/wp\/v2\/posts\/32716\/revisions\/32730"}],"wp:featuredmedia":[{"embeddable":true,"href":"https:\/\/radiozapatista.org\/index.php?rest_route=\/wp\/v2\/media\/32721"}],"wp:attachment":[{"href":"https:\/\/radiozapatista.org\/index.php?rest_route=%2Fwp%2Fv2%2Fmedia&parent=32716"}],"wp:term":[{"taxonomy":"category","embeddable":true,"href":"https:\/\/radiozapatista.org\/index.php?rest_route=%2Fwp%2Fv2%2Fcategories&post=32716"},{"taxonomy":"post_tag","embeddable":true,"href":"https:\/\/radiozapatista.org\/index.php?rest_route=%2Fwp%2Fv2%2Ftags&post=32716"}],"curies":[{"name":"wp","href":"https:\/\/api.w.org\/{rel}","templated":true}]}}