{"id":32632,"date":"2019-12-10T13:03:21","date_gmt":"2019-12-10T19:03:21","guid":{"rendered":"https:\/\/radiozapatista.org\/?p=32632"},"modified":"2019-12-10T13:03:58","modified_gmt":"2019-12-10T19:03:58","slug":"amenazas-de-muerte-a-defensora-y-al-frayba","status":"publish","type":"post","link":"https:\/\/radiozapatista.org\/?p=32632","title":{"rendered":"Amenazas de muerte a defensora y al Frayba"},"content":{"rendered":"<p><\/p>\n<ul>\n<li style=\"list-style-type: none;\">\n<ul>\n<li>Gobierno de Rutilio Escand\u00f3n omiso ante situaci\u00f3n de riesgo a quienes defienden derechos humanos en Chiapas.<\/li>\n<\/ul>\n<\/li>\n<\/ul>\n<p>El Centro de Derechos Humanos Fray Bartolom\u00e9 de Las Casas, A.C. (Frayba) manifiesta su preocupaci\u00f3n por el alto riesgo a la vida, la integridad y seguridad personal de quienes conforman el Colectivo de Familiares de Presos en Lucha1 y el equipo Frayba; quienes hemos recibido en noviembre y lo que va de diciembre amenazas de muerte, vigilancia, hostigamiento e intimidaci\u00f3n, en el contexto de la lucha por la libertad de presos de pueblos originarios, en particular de Juan de la Cruz Ruiz.<\/p>\n<p>Las amenazas comenzaron el 12 de noviembre de 2019, cuando aproximadamente a las 22:00 horas, un coche negro con los vidrios polarizados dej\u00f3 un sobre al interior del domicilio de una defensora del Colectivo de Familiares de Presos en Lucha. El sobre conten\u00eda un mensaje con recortes de peri\u00f3dico que dec\u00eda: Faro: catastr\u00f3fico aviso, clama por ayuda (por seguridad se omite el nombre de la defensora) est\u00e1 en peligro de muerte, la vida es muy corta la muerte es inevitable, una m\u00e1s, noviembre, cu\u00eddala trata de salvar su vida. Cabe mencionar que Faro es el apellido del Director del Frayba.<\/p>\n<p>Posteriormente el 19 de noviembre, a las 8:25 horas, se descubri\u00f3 en el domicilio de la defensora un nuevo mensaje en donde escribieron su nombre al parecer con sangre. Esa misma noche, a las 21:00 horas, se encontr\u00f3 una publicidad relacionada con una funeraria, en la casa de un integrante del Frayba. Cabe decir que en ninguna de las casas vecinas dejaron este anuncio. A ra\u00edz de estas amenazas hemos documentado una mayor vigilancia y hostigamiento tanto a las familias de los presos como a las organizaciones y colectivos que los acompa\u00f1an. A la fecha, no se ha obtenido una respuesta adecuada de protecci\u00f3n por parte de los mecanismos del Estado mexicano.<\/p>\n<p><!--more-->La defensora interpuso una denuncia ante la Fiscal\u00eda General del Estado de Chiapas por las amenazas y Frayba hemos realizamos diversas intervenciones escritas ante autoridades estatales y federales. Sin embargo, la garant\u00eda y protecci\u00f3n no sea hecho efectiva de parte del Estado mexicano, minimizado la situaci\u00f3n de riesgo que por las circunstancias valoramos que vienen de agentes del propio Estado.<\/p>\n<p>A un a\u00f1o de gobierno de Rutilio Escand\u00f3n persiste la omisi\u00f3n, la indiferencia y la nula respuesta hacia la situaci\u00f3n de los derechos humanos; resultando la obstrucci\u00f3n hacia la reivindicaci\u00f3n de justicia y discriminaci\u00f3n para las personas de pueblos originarios.<\/p>\n<p>Es por ello que exigimos a los gobiernos federal y estatal:<\/p>\n<p>Cesar las amenazas de muerte, vigilancia, intimidaci\u00f3n y hostigamiento hacia quienes integran el Colectivo de Familiares de Presos en Lucha y del Frayba, as\u00ed como de sus redes de solidaridad.<\/p>\n<p>Garantizar la vida, seguridad e integridad personal de las defensoras y defensores mencionados, as\u00ed como de los presos que se organizan en La Voz de Ind\u00edgenas en Resistencia, La Verdadera Voz del Amate y Viniketik en Resistencia.<\/p>\n<p>Implementar las medidas inmediatas para obtener la libertad de Juan de la Cruz Ruiz, Adri\u00e1n G\u00f3mez Jim\u00e9nez, Abraham L\u00f3pez Montejo, Germ\u00e1n L\u00f3pez Montejo y Marcelino Ruiz G\u00f3mez quienes se encuentran privados arbitrariamente de su libertad y a quienes el Estado mexicano les ha violado sus derechos humanos.<\/p>\n<p>En v\u00edsperas del D\u00eda Internacional de los Derechos Humanos, el Frayba hace un llamado a las redes de solidaridad nacional e internacional para instar al Estado mexicano a cumplir su obligaci\u00f3n de proteger a quienes defienden derechos humanos.<\/p>\n<p><a href=\"https:\/\/frayba.org.mx\/amenazas-de-muerte-a-defensora-y-al-frayba\/\" target=\"_blank\" rel=\"noopener\"><strong>Firma esta acci\u00f3n urgente<\/strong><\/a>.<\/p>\n<p>&nbsp;<\/p>","protected":false},"excerpt":{"rendered":"<p>Gobierno de Rutilio Escand\u00f3n omiso ante situaci\u00f3n de riesgo a quienes defienden derechos humanos en Chiapas. El Centro de Derechos Humanos Fray Bartolom\u00e9 de Las Casas, A.C. (Frayba) manifiesta su preocupaci\u00f3n por el alto riesgo a la vida, la integridad y seguridad personal de quienes conforman el Colectivo de Familiares de Presos en Lucha1 y [&hellip;]<\/p>\n","protected":false},"author":1,"featured_media":32633,"comment_status":"open","ping_status":"closed","sticky":false,"template":"","format":"standard","meta":{"footnotes":""},"categories":[6,55,962],"tags":[539,917,925,948],"class_list":["post-32632","post","type-post","status-publish","format-standard","has-post-thumbnail","hentry","category-chiapas","category-frayba","category-presos","tag-amenazas","tag-chiapas","tag-frayba","tag-presos"],"_links":{"self":[{"href":"https:\/\/radiozapatista.org\/index.php?rest_route=\/wp\/v2\/posts\/32632","targetHints":{"allow":["GET"]}}],"collection":[{"href":"https:\/\/radiozapatista.org\/index.php?rest_route=\/wp\/v2\/posts"}],"about":[{"href":"https:\/\/radiozapatista.org\/index.php?rest_route=\/wp\/v2\/types\/post"}],"author":[{"embeddable":true,"href":"https:\/\/radiozapatista.org\/index.php?rest_route=\/wp\/v2\/users\/1"}],"replies":[{"embeddable":true,"href":"https:\/\/radiozapatista.org\/index.php?rest_route=%2Fwp%2Fv2%2Fcomments&post=32632"}],"version-history":[{"count":2,"href":"https:\/\/radiozapatista.org\/index.php?rest_route=\/wp\/v2\/posts\/32632\/revisions"}],"predecessor-version":[{"id":32635,"href":"https:\/\/radiozapatista.org\/index.php?rest_route=\/wp\/v2\/posts\/32632\/revisions\/32635"}],"wp:featuredmedia":[{"embeddable":true,"href":"https:\/\/radiozapatista.org\/index.php?rest_route=\/wp\/v2\/media\/32633"}],"wp:attachment":[{"href":"https:\/\/radiozapatista.org\/index.php?rest_route=%2Fwp%2Fv2%2Fmedia&parent=32632"}],"wp:term":[{"taxonomy":"category","embeddable":true,"href":"https:\/\/radiozapatista.org\/index.php?rest_route=%2Fwp%2Fv2%2Fcategories&post=32632"},{"taxonomy":"post_tag","embeddable":true,"href":"https:\/\/radiozapatista.org\/index.php?rest_route=%2Fwp%2Fv2%2Ftags&post=32632"}],"curies":[{"name":"wp","href":"https:\/\/api.w.org\/{rel}","templated":true}]}}