{"id":32392,"date":"2019-10-14T23:02:48","date_gmt":"2019-10-15T04:02:48","guid":{"rendered":"https:\/\/radiozapatista.org\/?p=32392"},"modified":"2019-10-14T23:04:02","modified_gmt":"2019-10-15T04:04:02","slug":"entrega-recepcion-de-la-solidaridad-nacional-e-internacional-de-las-redes-de-apoyo-al-cni-cig-a-los-pueblos-en-resistencia-del-cipog-ez","status":"publish","type":"post","link":"https:\/\/radiozapatista.org\/?p=32392","title":{"rendered":"ENTREGA-RECEPCION DE LA SOLIDARIDAD NACIONAL E INTERNACIONAL DE LAS REDES DE APOYO AL CNI-CIG A LOS PUEBLOS EN RESISTENCIA DEL CIPOG-EZ."},"content":{"rendered":"<p><\/p>\n<div class=\"post-content-container\">\n<div class=\"post-content entry-content cf\">\n<p>Comunidad de Xolotepec, Chilapa de \u00c1lvarez, Gro. 24 de Agosto del 2019.<\/p>\n<p>ASUNTO: ENTREGA-RECEPCION DE LA SOLIDARIDAD NACIONAL E INTERNACIONAL DE LAS REDES DE APOYO AL CNI-CIG A LOS PUEBLOS EN RESISTENCIA DEL CIPOG-EZ.<\/p>\n<p>REDES DE APOYO AL CNI-CIG, SEXTA NACIONAL E INTERNACIONAL, PUEBLOS DEL CNI-CIG, HERMANOS ZAPATISTAS DEL EZLN.<\/p>\n<p>PRESENTES.<\/p>\n<p>Reciban un abrazo de los hombres, mujeres, ni\u00f1os y abuelitos de los pueblos Nahua de la monta\u00f1a baja de Guerrero, que conformamos el Concejo Ind\u00edgena y Popular de Guerrero Emiliano \u2013 Zapata. Desde el coraz\u00f3n de la resistencia les damos las gracias por el apoyo solidario que hoy llega a nuestras comunidades y pueblos que contin\u00faan asediados por los grupos narco-paramilitares, que tantas vidas ya nos han arrebatado.<\/p>\n<p>A la cuenta p\u00fablica que el CNI-CIG abri\u00f3, llego la solidaridad nacional e internacional que vendiendo tamales, haciendo fiestas, con m\u00fasica, con artes y sobre todo con el coraz\u00f3n hiso llegar la cantidad de $ 283,336.10. Con lo cual se logr\u00f3 materializar una de nuestras demandas que desde hace cinco a\u00f1os hemos exigido al gobierno estatal de Guerrero y siempre nos neg\u00f3. Ahora es una realidad el sistema de comunicaci\u00f3n comunitaria que se ha instalado en nuestro territorio y que consta en este momento de la torre, las celdas solares, la repetidora y las radios port\u00e1tiles que en este momento est\u00e1n beneficiando a las 22 comunidades que continuamos en el CIPOG-EZ<\/p>\n<p>Sabemos que sus corazones est\u00e1n resistiendo con los nuestros, y que lamentablemente no se pudo hacer esa caravana para abrazar nuestras resistencias, sabemos tambi\u00e9n que los malos gobiernos est\u00e1n mintiendo a los organismos nacionales e internacionales de derechos humanos, les dicen que ellos est\u00e1n garantizando nuestra seguridad y es mentira, tan solo basta ver cuantos asesinatos y secuestros contin\u00faan en nuestro municipio y nuestro territorio.<\/p>\n<p>La justicia no llegara de arriba, ni mucho menos de los guardianes de los intereses de los poderosos, por eso agradecemos que los nombres, rostros e historias de nuestros hermanos ca\u00eddos los han dado a conocer alrededor del mundo. No los dejemos morir en el olvido, sigamos haciendo la justicia de los pueblos y que la lucha de nuestro concejal Lucio Bartolo y nuestros hermanos ca\u00eddos retumbe en todos los rincones del mundo.<\/p>\n<p>Desde el coraz\u00f3n de la resistencia de los pueblos Nahua de la regi\u00f3n Monta\u00f1a-Baja reiteramos nuestro agradecimiento a la solidaridad que hoy recibimos, y les reiteramos que nosotros no nos vendemos, no nos rendimos y no vamos a dejar de luchar. Respetamos y saludamos sus luchas, resistencias y rebeld\u00edas en nuestro territorio seguiremos defendiendo la vida y sabemos bien, que m\u00e1s temprano que tarde podremos encontrarnos y que no habr\u00e1 barrera de miedo que pueda vencernos. Tambi\u00e9n les pedimos que para comunicarse con nosotros y evitar malos entendidos lo hagan a trav\u00e9s de nuestros medios de comunicaci\u00f3n que junto con nuestra Radio Zapata, van avanzando poco a poco: territorio.cipog.ez@gmail.com y www.cipogez.wordpres.com.<\/p>\n<p>\u00a1Justicia para Jos\u00e9 Lucio Bartolo\u00a0 Faustino, Modesto Verales Sebasti\u00e1n, Bartolo Hilario Morales, Isa\u00edas Xanteco Ahuejote, David Domingo Alonso, Marcelino Pedro Rojas, Juana Hern\u00e1ndez Ambrosio y Alberta Mat\u00edas Tend\u00f3n, integrantes del CIPOG-EZ y el CNI-CIG!<\/p>\n<\/div>\n<\/div>\n<p><!--more--><\/p>\n<div class=\"post-content-container\">\n<div class=\"post-content entry-content cf\">\n<p style=\"text-align: center;\">\u00a1Justicia para Samir Flores Soberanes!<\/p>\n<p style=\"text-align: center;\">\u00a1Alto a la guerra contrainsurgente en contra del EZLN!<\/p>\n<p style=\"text-align: center;\">\u00a1Nunca m\u00e1s un M\u00e9xico sin nosotros!<\/p>\n<p style=\"text-align: center;\">Consejo Ind\u00edgena y Popular de Guerrero \u2013 Emiliano Zapata (CIPOG-EZ)<\/p>\n<p style=\"text-align: center;\">Regiones: Costa Chica, Costa Monta\u00f1a, Monta\u00f1a Alta y Monta\u00f1a Baja de Guerrero<\/p>\n<p style=\"text-align: center;\">Lorenzo Ram\u00edrez Rodr\u00edguez<br \/>\nComunidad Zacapexco<\/p>\n<p style=\"text-align: center;\">Marcos Hilario Rosario<br \/>\nComunidad de Tula Guerrero<\/p>\n<p style=\"text-align: center;\">Asunci\u00f3n Tolentino Jer\u00f3nimo<br \/>\nComunidad de Xolotepec<\/p>\n<p style=\"text-align: center;\">Victorio Vidal Gatica<br \/>\nComunidad de Acahuehuetlan<\/p>\n<p style=\"text-align: center;\">Eugenio Rita Patricio<br \/>\nComunidad de Xicotlan<\/p>\n<p style=\"text-align: center;\">Crescenciano Luna Mart\u00ednez<br \/>\nComunidad Rinc\u00f3n de Chautla<\/p>\n<p style=\"text-align: center;\">Jos\u00e9 Agust\u00edn Gaspar Ayatle<br \/>\nComunidad de Alcozacan<\/p>\n<p style=\"text-align: center;\">Silvino de Jes\u00fas Garc\u00eda<br \/>\nComunidad Tepozonalco<\/p>\n<p style=\"text-align: center;\">Pedro Santos Santiago<br \/>\nTerrero I<\/p>\n<p style=\"text-align: center;\">Santos Humberto Rosendo Ju\u00e1rez<br \/>\nComunidad Amatitl\u00e1n<\/p>\n<p style=\"text-align: center;\">Teofilo Tapia Bola\u00f1os<br \/>\nComunidad de Ayahualtempa<\/p>\n<p style=\"text-align: center;\">Jacinto Jim\u00e9nez D\u00edaz<br \/>\nPromotor Regional del CIPOG-EZ<\/p>\n<p style=\"text-align: center;\">Jes\u00fas Placido Galindo<br \/>\nPromotor Estatal del CIPOG-EZ<\/p>\n<\/div>\n<\/div>\n<p>&nbsp;<\/p>","protected":false},"excerpt":{"rendered":"<p>Comunidad de Xolotepec, Chilapa de \u00c1lvarez, Gro. 24 de Agosto del 2019. ASUNTO: ENTREGA-RECEPCION DE LA SOLIDARIDAD NACIONAL E INTERNACIONAL DE LAS REDES DE APOYO AL CNI-CIG A LOS PUEBLOS EN RESISTENCIA DEL CIPOG-EZ. REDES DE APOYO AL CNI-CIG, SEXTA NACIONAL E INTERNACIONAL, PUEBLOS DEL CNI-CIG, HERMANOS ZAPATISTAS DEL EZLN. PRESENTES. Reciban un abrazo de [&hellip;]<\/p>\n","protected":false},"author":15,"featured_media":0,"comment_status":"open","ping_status":"closed","sticky":false,"template":"","format":"standard","meta":{"footnotes":""},"categories":[943],"tags":[1151,63,644,58,782,37,87,483],"class_list":["post-32392","post","type-post","status-publish","format-standard","hentry","category-cni","tag-cig","tag-cni","tag-comunicados-ezln","tag-derechos-humanos","tag-desplazamiento-forzado","tag-presos-politicos","tag-represion","tag-tierra-y-territorio"],"_links":{"self":[{"href":"https:\/\/radiozapatista.org\/index.php?rest_route=\/wp\/v2\/posts\/32392","targetHints":{"allow":["GET"]}}],"collection":[{"href":"https:\/\/radiozapatista.org\/index.php?rest_route=\/wp\/v2\/posts"}],"about":[{"href":"https:\/\/radiozapatista.org\/index.php?rest_route=\/wp\/v2\/types\/post"}],"author":[{"embeddable":true,"href":"https:\/\/radiozapatista.org\/index.php?rest_route=\/wp\/v2\/users\/15"}],"replies":[{"embeddable":true,"href":"https:\/\/radiozapatista.org\/index.php?rest_route=%2Fwp%2Fv2%2Fcomments&post=32392"}],"version-history":[{"count":2,"href":"https:\/\/radiozapatista.org\/index.php?rest_route=\/wp\/v2\/posts\/32392\/revisions"}],"predecessor-version":[{"id":32394,"href":"https:\/\/radiozapatista.org\/index.php?rest_route=\/wp\/v2\/posts\/32392\/revisions\/32394"}],"wp:attachment":[{"href":"https:\/\/radiozapatista.org\/index.php?rest_route=%2Fwp%2Fv2%2Fmedia&parent=32392"}],"wp:term":[{"taxonomy":"category","embeddable":true,"href":"https:\/\/radiozapatista.org\/index.php?rest_route=%2Fwp%2Fv2%2Fcategories&post=32392"},{"taxonomy":"post_tag","embeddable":true,"href":"https:\/\/radiozapatista.org\/index.php?rest_route=%2Fwp%2Fv2%2Ftags&post=32392"}],"curies":[{"name":"wp","href":"https:\/\/api.w.org\/{rel}","templated":true}]}}