{"id":32278,"date":"2019-10-02T18:44:55","date_gmt":"2019-10-02T23:44:55","guid":{"rendered":"https:\/\/radiozapatista.org\/?p=32278"},"modified":"2019-10-02T18:49:36","modified_gmt":"2019-10-02T23:49:36","slug":"sistema-de-informacion-de-la-resistencia-11","status":"publish","type":"post","link":"https:\/\/radiozapatista.org\/?p=32278","title":{"rendered":"Sistema de Informaci\u00f3n de la Resistencia-11"},"content":{"rendered":"<p><\/p>\n<div class=\"crayon article-texte-6463 texte surlignable\">\n<p>Emisi\u00f3n del 8 de septiembre de 2019. Con informaci\u00f3n sobre la resistencia al Tren Maya, los incendios en varias partes del mundo y la situaci\u00f3n de Amazonia, as\u00ed como algunas ideas para hacerle frente a la cat\u00e1strofe en curso<\/p>\n<audio class=\"wp-audio-shortcode\" id=\"audio-32278-1\" preload=\"none\" style=\"width: 100%;\" controls=\"controls\"><source type=\"audio\/ogg\" src=\"https:\/\/kehuelga.net\/programas\/sir\/sir-2019-09-08.ogg?_=1\" \/><a href=\"https:\/\/kehuelga.net\/programas\/sir\/sir-2019-09-08.ogg\">https:\/\/kehuelga.net\/programas\/sir\/sir-2019-09-08.ogg<\/a><\/audio>\n<hr class=\"spip\" \/>\n<p><strong>Contra el Tren Maya<\/strong><\/p>\n<p><a class=\"spip_url spip_out auto\" href=\"http:\/\/lectormx.com\/2019\/09\/03\/tren-maya-responde-a-intereses-del-gran-capital-y-no-a-comunidades\/\" rel=\"nofollow external\">http:\/\/lectormx.com\/2019\/09\/03\/tren-maya-responde-a-intereses-del-gran-capital-y-no-a-comunidades\/<\/a><\/p>\n<p><a class=\"spip_url spip_out auto\" href=\"http:\/\/www.geocomunes.org\/\" rel=\"nofollow external\">http:\/\/www.geocomunes.org\/<\/a><\/p>\n<p><a class=\"spip_url spip_out auto\" href=\"http:\/\/geocomunes.org\/Visualizadores\/PeninsulaYucatan\/\" rel=\"nofollow external\">http:\/\/geocomunes.org\/Visualizadores\/PeninsulaYucatan\/<\/a><\/p>\n<p><strong>Pesticidas aniquilan abejas en Yucat\u00e1n<\/strong><\/p>\n<p><a class=\"spip_url spip_out auto\" href=\"https:\/\/www.milenio.com\/ciencia-y-salud\/medioambiente\/castigo-exterminio-masivo-abejas-comunidad-maya\" rel=\"nofollow external\">https:\/\/www.milenio.com\/ciencia-y-salud\/medioambiente\/castigo-exterminio-masivo-abejas-comunidad-maya<\/a><\/p>\n<p><strong>El planeta en llamas<\/strong><\/p>\n<p><a class=\"spip_url spip_out auto\" href=\"https:\/\/www.lamarea.com\/2019\/08\/22\/un-planeta-en-llamas-que-evidencia-la-crisis-climatica\/\" rel=\"nofollow external\">https:\/\/www.lamarea.com\/2019\/08\/22\/un-planeta-en-llamas-que-evidencia-la-crisis-climatica\/<\/a><\/p>\n<p><a class=\"spip_url spip_out auto\" href=\"https:\/\/www.climatica.lamarea.com\/que-esta-ocurriendo-en-la-amazonia-y-por-que-debe-importarnos\/\" rel=\"nofollow external\">https:\/\/www.climatica.lamarea.com\/que-esta-ocurriendo-en-la-amazonia-y-por-que-debe-importarnos\/<\/a><\/p>\n<p><a class=\"spip_url spip_out auto\" href=\"https:\/\/es.greenpeace.org\/es\/sala-de-prensa\/comunicados\/los-incendios-en-siberia-son-una-emergencia-climatica\/\" rel=\"nofollow external\">https:\/\/es.greenpeace.org\/es\/sala-de-prensa\/comunicados\/los-incendios-en-siberia-son-una-emergencia-climatica\/<\/a><\/p>\n<p><a class=\"spip_url spip_out auto\" href=\"https:\/\/ciencia.nasa.gov\/trav%C3%A9s-del-humo-y-el-fuego-la-nasa-busca-respuestas\" rel=\"nofollow external\">https:\/\/ciencia.nasa.gov\/trav%C3%A9s-del-humo-y-el-fuego-la-nasa-busca-respuestas<\/a><\/p>\n<p><strong>Defender Amazonia<\/strong><\/p>\n<p><a class=\"spip_url spip_out auto\" href=\"https:\/\/www.facebook.com\/DespertarXochi\/posts\/2383682211719455\" rel=\"nofollow external\">https:\/\/www.facebook.com\/DespertarXochi\/posts\/2383682211719455<\/a><\/p>\n<p><a class=\"spip_url spip_out auto\" href=\"http:\/\/midianinja.org\/news\/no-es-fuego-es-capitalismo-5-cosas-que-podemos-hacer-por-el-amazonas\/\" rel=\"nofollow external\">http:\/\/midianinja.org\/news\/no-es-fuego-es-capitalismo-5-cosas-que-podemos-hacer-por-el-amazonas\/<\/a><\/p>\n<p><a class=\"spip_url spip_out auto\" href=\"https:\/\/soundcloud.com\/user-680008420\/perdida-de-bosques-amazonicos-una-catastrofe-mundial-entrevista-con-rodrigo-botero\" rel=\"nofollow external\">https:\/\/soundcloud.com\/user-680008420\/perdida-de-bosques-amazonicos-una-catastrofe-mundial-entrevista-con-rodrigo-botero<\/a><\/p>\n<p><strong>Algunas alternativas a ras de tierra: Sursiendo<\/strong><\/p>\n<p><a class=\"spip_url spip_out auto\" href=\"https:\/\/sursiendo.org\/\" rel=\"nofollow external\">https:\/\/sursiendo.org\/<\/a><\/p>\n<p><a class=\"spip_url spip_out auto\" href=\"https:\/\/sursiendo.org\/blog\/\" rel=\"nofollow external\">https:\/\/sursiendo.org\/blog\/<\/a><\/p>\n<p><a class=\"spip_url spip_out auto\" href=\"https:\/\/sursiendo.org\/blog\/tag\/sursiendo-publicaciones\/\" rel=\"nofollow external\">https:\/\/sursiendo.org\/blog\/tag\/sursiendo-publicaciones\/<\/a><\/p>\n<p><a class=\"spip_url spip_out auto\" href=\"https:\/\/es.ifixit.com\/Right-to-Repair\/Intro\" rel=\"nofollow external\">https:\/\/es.ifixit.com\/Right-to-Repair\/Intro<\/a><\/p>\n<p><a class=\"spip_url spip_out auto\" href=\"https:\/\/es.ifixit.com\/Manifesto\" rel=\"nofollow external\">https:\/\/es.ifixit.com\/Manifesto<\/a><\/p>\n<p><a class=\"spip_url spip_out auto\" href=\"https:\/\/sursiendo.org\/blog\/2019\/08\/hay-un-sabado-de-comun-denominadores-354\/#more-9562\" rel=\"nofollow external\">https:\/\/sursiendo.org\/blog\/2019\/08\/hay-un-sabado-de-comun-denominadores-354\/#more-9562<\/a><\/p>\n<\/div>\n<p class=\"crayon article-hyperlien-6463 hyperlien\">Ver en l\u00ednea : <a class=\"spip_out\" href=\"https:\/\/kehuelga.net\/programas\/sir\">Descarga las grabaciones<\/a><\/p>\n<p><\/p>","protected":false},"excerpt":{"rendered":"<p>Emisi\u00f3n del 8 de septiembre de 2019. Con informaci\u00f3n sobre la resistencia al Tren Maya, los incendios en varias partes del mundo y la situaci\u00f3n de Amazonia, as\u00ed como algunas ideas para hacerle frente a la cat\u00e1strofe en curso https:\/\/kehuelga.net\/programas\/sir\/sir-2019-09-08.ogg Contra el Tren Maya http:\/\/lectormx.com\/2019\/09\/03\/tren-maya-responde-a-intereses-del-gran-capital-y-no-a-comunidades\/ http:\/\/www.geocomunes.org\/ http:\/\/geocomunes.org\/Visualizadores\/PeninsulaYucatan\/ Pesticidas aniquilan abejas en Yucat\u00e1n https:\/\/www.milenio.com\/ciencia-y-salud\/medioambiente\/castigo-exterminio-masivo-abejas-comunidad-maya El planeta [&hellip;]<\/p>\n","protected":false},"author":13,"featured_media":0,"comment_status":"open","ping_status":"closed","sticky":false,"template":"","format":"standard","meta":{"footnotes":""},"categories":[957,51,1227,953,183,935],"tags":[],"class_list":["post-32278","post","type-post","status-publish","format-standard","hentry","category-autonomia","category-autor","category-ke-huelga-radio","category-mundo","category-blog","category-temas"],"_links":{"self":[{"href":"https:\/\/radiozapatista.org\/index.php?rest_route=\/wp\/v2\/posts\/32278","targetHints":{"allow":["GET"]}}],"collection":[{"href":"https:\/\/radiozapatista.org\/index.php?rest_route=\/wp\/v2\/posts"}],"about":[{"href":"https:\/\/radiozapatista.org\/index.php?rest_route=\/wp\/v2\/types\/post"}],"author":[{"embeddable":true,"href":"https:\/\/radiozapatista.org\/index.php?rest_route=\/wp\/v2\/users\/13"}],"replies":[{"embeddable":true,"href":"https:\/\/radiozapatista.org\/index.php?rest_route=%2Fwp%2Fv2%2Fcomments&post=32278"}],"version-history":[{"count":1,"href":"https:\/\/radiozapatista.org\/index.php?rest_route=\/wp\/v2\/posts\/32278\/revisions"}],"predecessor-version":[{"id":32279,"href":"https:\/\/radiozapatista.org\/index.php?rest_route=\/wp\/v2\/posts\/32278\/revisions\/32279"}],"wp:attachment":[{"href":"https:\/\/radiozapatista.org\/index.php?rest_route=%2Fwp%2Fv2%2Fmedia&parent=32278"}],"wp:term":[{"taxonomy":"category","embeddable":true,"href":"https:\/\/radiozapatista.org\/index.php?rest_route=%2Fwp%2Fv2%2Fcategories&post=32278"},{"taxonomy":"post_tag","embeddable":true,"href":"https:\/\/radiozapatista.org\/index.php?rest_route=%2Fwp%2Fv2%2Ftags&post=32278"}],"curies":[{"name":"wp","href":"https:\/\/api.w.org\/{rel}","templated":true}]}}