{"id":32236,"date":"2019-09-29T17:30:24","date_gmt":"2019-09-29T22:30:24","guid":{"rendered":"https:\/\/radiozapatista.org\/?p=32236"},"modified":"2019-09-29T23:09:28","modified_gmt":"2019-09-30T04:09:28","slug":"no-bastan-las-palabras-ni-los-discursos-sino-cumplir-ayotzinapa-a-5-anos-sin-verdad-ni-justicia","status":"publish","type":"post","link":"https:\/\/radiozapatista.org\/?p=32236","title":{"rendered":"[:es]\u201cNo bastan las palabras ni los discursos, sino cumplir&#8221;. Ayotzinapa a 5 a\u00f1os sin verdad ni justicia.[:]"},"content":{"rendered":"<p>[:es]El pasado 26 de septiembre del 2019 se cumplieron 5 a\u00f1os de la desaparici\u00f3n forzada de 43 estudiantes normalistas en el estado de Guerrero. Como cada 26 de mes, a las 4 de la tarde en el \u00e1ngel de la independencia sobre avenida Reforma, se dieron cita \u201clos padres de Ayotzinapa\u201d acompa\u00f1ados de miles m\u00e1s, para marchar rumbo al z\u00f3calo de la Ciudad de M\u00e9xico y exigir la presentaci\u00f3n con vida de los 43 y justicia para los asesinados la noche del 26.<\/p>\n<p>En esta 60 jornada global por Ayotzinapa, los padres de los estudiantes normalistas reconocieron al gobierno actual el apoyo para conformar\u00a0 una comisi\u00f3n y fiscal\u00eda encargada del caso, sin embargo, tambi\u00e9n en este quinto aniversario reconocen que &#8220;Tenemos empe\u00f1ada la palabra del se\u00f1or presidente, pero no bastan las palabras ni los discursos, sino cumplir&#8221;.<\/p>\n<p>La jornada global concluy\u00f3 con los padres y madres de los estudiantes manifestando a los asistentes el dolor que les han causado estos 5 a\u00f1os de ausencia de sus hijos. Tambi\u00e9n agradecieron a los que cada 26 de mes caminan junto a ellos, y reiteraron que aunque hay confianza en la nueva administraci\u00f3n, \u201cvamos a ver si cumple con su palabra\u201d.<\/p>\n<p>En este 5 aniversario,\u00a0 para los padres y madres de Ayotzinapa de nuevo la espera y la esperanza.<\/p>\n<p>Mientras tanto. \u201cNos siguen faltando 43 y miles m\u00e1s\u201d.<\/p>\n<p>Registro\u00a0 visual:<\/p>\n\n\t\t<style type=\"text\/css\">\n\t\t\t#gallery-1 {\n\t\t\t\tmargin: auto;\n\t\t\t}\n\t\t\t#gallery-1 .gallery-item {\n\t\t\t\tfloat: left;\n\t\t\t\tmargin-top: 10px;\n\t\t\t\ttext-align: center;\n\t\t\t\twidth: 33%;\n\t\t\t}\n\t\t\t#gallery-1 img {\n\t\t\t\tborder: 2px solid #cfcfcf;\n\t\t\t}\n\t\t\t#gallery-1 .gallery-caption {\n\t\t\t\tmargin-left: 0;\n\t\t\t}\n\t\t\t\/* see gallery_shortcode() in wp-includes\/media.php *\/\n\t\t<\/style>\n\t\t<div id='gallery-1' class='gallery galleryid-32236 gallery-columns-3 gallery-size-medium'><dl class='gallery-item'>\n\t\t\t<dt class='gallery-icon landscape'>\n\t\t\t\t<a href='https:\/\/radiozapatista.org\/wp-content\/uploads\/2019\/09\/Copia-de-DSC08659.jpg'><img loading=\"lazy\" decoding=\"async\" width=\"350\" height=\"258\" src=\"https:\/\/radiozapatista.org\/wp-content\/uploads\/2019\/09\/Copia-de-DSC08659-350x258.jpg\" class=\"attachment-medium size-medium\" alt=\"\" srcset=\"https:\/\/radiozapatista.org\/wp-content\/uploads\/2019\/09\/Copia-de-DSC08659-350x258.jpg 350w, https:\/\/radiozapatista.org\/wp-content\/uploads\/2019\/09\/Copia-de-DSC08659-768x567.jpg 768w, https:\/\/radiozapatista.org\/wp-content\/uploads\/2019\/09\/Copia-de-DSC08659-1024x756.jpg 1024w, https:\/\/radiozapatista.org\/wp-content\/uploads\/2019\/09\/Copia-de-DSC08659.jpg 1400w\" sizes=\"auto, (max-width: 350px) 100vw, 350px\" \/><\/a>\n\t\t\t<\/dt><\/dl><dl class='gallery-item'>\n\t\t\t<dt class='gallery-icon landscape'>\n\t\t\t\t<a href='https:\/\/radiozapatista.org\/wp-content\/uploads\/2019\/09\/Copia-de-DSC08694.jpg'><img loading=\"lazy\" decoding=\"async\" width=\"350\" height=\"291\" src=\"https:\/\/radiozapatista.org\/wp-content\/uploads\/2019\/09\/Copia-de-DSC08694-350x291.jpg\" class=\"attachment-medium size-medium\" alt=\"\" srcset=\"https:\/\/radiozapatista.org\/wp-content\/uploads\/2019\/09\/Copia-de-DSC08694-350x291.jpg 350w, https:\/\/radiozapatista.org\/wp-content\/uploads\/2019\/09\/Copia-de-DSC08694-768x638.jpg 768w, https:\/\/radiozapatista.org\/wp-content\/uploads\/2019\/09\/Copia-de-DSC08694-1024x851.jpg 1024w, https:\/\/radiozapatista.org\/wp-content\/uploads\/2019\/09\/Copia-de-DSC08694.jpg 1400w\" sizes=\"auto, (max-width: 350px) 100vw, 350px\" \/><\/a>\n\t\t\t<\/dt><\/dl><dl class='gallery-item'>\n\t\t\t<dt class='gallery-icon landscape'>\n\t\t\t\t<a href='https:\/\/radiozapatista.org\/wp-content\/uploads\/2019\/09\/Copia-de-DSC08687.jpg'><img loading=\"lazy\" decoding=\"async\" width=\"350\" height=\"295\" src=\"https:\/\/radiozapatista.org\/wp-content\/uploads\/2019\/09\/Copia-de-DSC08687-350x295.jpg\" class=\"attachment-medium size-medium\" alt=\"\" srcset=\"https:\/\/radiozapatista.org\/wp-content\/uploads\/2019\/09\/Copia-de-DSC08687-350x295.jpg 350w, https:\/\/radiozapatista.org\/wp-content\/uploads\/2019\/09\/Copia-de-DSC08687-768x647.jpg 768w, https:\/\/radiozapatista.org\/wp-content\/uploads\/2019\/09\/Copia-de-DSC08687-1024x862.jpg 1024w, https:\/\/radiozapatista.org\/wp-content\/uploads\/2019\/09\/Copia-de-DSC08687.jpg 1400w\" sizes=\"auto, (max-width: 350px) 100vw, 350px\" \/><\/a>\n\t\t\t<\/dt><\/dl><br style=\"clear: both\" \/><dl class='gallery-item'>\n\t\t\t<dt class='gallery-icon landscape'>\n\t\t\t\t<a href='https:\/\/radiozapatista.org\/wp-content\/uploads\/2019\/09\/Copia-de-DSC08680.jpg'><img loading=\"lazy\" decoding=\"async\" width=\"350\" height=\"217\" src=\"https:\/\/radiozapatista.org\/wp-content\/uploads\/2019\/09\/Copia-de-DSC08680-350x217.jpg\" class=\"attachment-medium size-medium\" alt=\"\" srcset=\"https:\/\/radiozapatista.org\/wp-content\/uploads\/2019\/09\/Copia-de-DSC08680-350x217.jpg 350w, https:\/\/radiozapatista.org\/wp-content\/uploads\/2019\/09\/Copia-de-DSC08680-768x476.jpg 768w, https:\/\/radiozapatista.org\/wp-content\/uploads\/2019\/09\/Copia-de-DSC08680-1024x635.jpg 1024w, https:\/\/radiozapatista.org\/wp-content\/uploads\/2019\/09\/Copia-de-DSC08680.jpg 1400w\" sizes=\"auto, (max-width: 350px) 100vw, 350px\" \/><\/a>\n\t\t\t<\/dt><\/dl><dl class='gallery-item'>\n\t\t\t<dt class='gallery-icon landscape'>\n\t\t\t\t<a href='https:\/\/radiozapatista.org\/wp-content\/uploads\/2019\/09\/Copia-de-DSC08666.jpg'><img loading=\"lazy\" decoding=\"async\" width=\"350\" height=\"233\" src=\"https:\/\/radiozapatista.org\/wp-content\/uploads\/2019\/09\/Copia-de-DSC08666-350x233.jpg\" class=\"attachment-medium size-medium\" alt=\"\" srcset=\"https:\/\/radiozapatista.org\/wp-content\/uploads\/2019\/09\/Copia-de-DSC08666-350x233.jpg 350w, https:\/\/radiozapatista.org\/wp-content\/uploads\/2019\/09\/Copia-de-DSC08666-768x510.jpg 768w, https:\/\/radiozapatista.org\/wp-content\/uploads\/2019\/09\/Copia-de-DSC08666-1024x680.jpg 1024w, https:\/\/radiozapatista.org\/wp-content\/uploads\/2019\/09\/Copia-de-DSC08666-700x466.jpg 700w, https:\/\/radiozapatista.org\/wp-content\/uploads\/2019\/09\/Copia-de-DSC08666.jpg 1400w\" sizes=\"auto, (max-width: 350px) 100vw, 350px\" \/><\/a>\n\t\t\t<\/dt><\/dl><dl class='gallery-item'>\n\t\t\t<dt class='gallery-icon landscape'>\n\t\t\t\t<a href='https:\/\/radiozapatista.org\/wp-content\/uploads\/2019\/09\/Copia-de-DSC08732.jpg'><img loading=\"lazy\" decoding=\"async\" width=\"350\" height=\"233\" src=\"https:\/\/radiozapatista.org\/wp-content\/uploads\/2019\/09\/Copia-de-DSC08732-350x233.jpg\" class=\"attachment-medium size-medium\" alt=\"\" srcset=\"https:\/\/radiozapatista.org\/wp-content\/uploads\/2019\/09\/Copia-de-DSC08732-350x233.jpg 350w, https:\/\/radiozapatista.org\/wp-content\/uploads\/2019\/09\/Copia-de-DSC08732-768x510.jpg 768w, https:\/\/radiozapatista.org\/wp-content\/uploads\/2019\/09\/Copia-de-DSC08732-1024x681.jpg 1024w, https:\/\/radiozapatista.org\/wp-content\/uploads\/2019\/09\/Copia-de-DSC08732-700x466.jpg 700w, https:\/\/radiozapatista.org\/wp-content\/uploads\/2019\/09\/Copia-de-DSC08732.jpg 1750w\" sizes=\"auto, (max-width: 350px) 100vw, 350px\" \/><\/a>\n\t\t\t<\/dt><\/dl><br style=\"clear: both\" \/><dl class='gallery-item'>\n\t\t\t<dt class='gallery-icon landscape'>\n\t\t\t\t<a href='https:\/\/radiozapatista.org\/wp-content\/uploads\/2019\/09\/Copia-de-DSC08777.jpg'><img loading=\"lazy\" decoding=\"async\" width=\"350\" height=\"233\" src=\"https:\/\/radiozapatista.org\/wp-content\/uploads\/2019\/09\/Copia-de-DSC08777-350x233.jpg\" class=\"attachment-medium size-medium\" alt=\"\" srcset=\"https:\/\/radiozapatista.org\/wp-content\/uploads\/2019\/09\/Copia-de-DSC08777-350x233.jpg 350w, https:\/\/radiozapatista.org\/wp-content\/uploads\/2019\/09\/Copia-de-DSC08777-768x510.jpg 768w, https:\/\/radiozapatista.org\/wp-content\/uploads\/2019\/09\/Copia-de-DSC08777-1024x681.jpg 1024w, https:\/\/radiozapatista.org\/wp-content\/uploads\/2019\/09\/Copia-de-DSC08777-700x466.jpg 700w, https:\/\/radiozapatista.org\/wp-content\/uploads\/2019\/09\/Copia-de-DSC08777.jpg 1750w\" sizes=\"auto, (max-width: 350px) 100vw, 350px\" \/><\/a>\n\t\t\t<\/dt><\/dl><dl class='gallery-item'>\n\t\t\t<dt class='gallery-icon landscape'>\n\t\t\t\t<a href='https:\/\/radiozapatista.org\/wp-content\/uploads\/2019\/09\/Copia-de-DSC08703.jpg'><img loading=\"lazy\" decoding=\"async\" width=\"350\" height=\"246\" src=\"https:\/\/radiozapatista.org\/wp-content\/uploads\/2019\/09\/Copia-de-DSC08703-350x246.jpg\" class=\"attachment-medium size-medium\" alt=\"\" srcset=\"https:\/\/radiozapatista.org\/wp-content\/uploads\/2019\/09\/Copia-de-DSC08703-350x246.jpg 350w, https:\/\/radiozapatista.org\/wp-content\/uploads\/2019\/09\/Copia-de-DSC08703-768x539.jpg 768w, https:\/\/radiozapatista.org\/wp-content\/uploads\/2019\/09\/Copia-de-DSC08703-1024x719.jpg 1024w, https:\/\/radiozapatista.org\/wp-content\/uploads\/2019\/09\/Copia-de-DSC08703.jpg 1750w\" sizes=\"auto, (max-width: 350px) 100vw, 350px\" \/><\/a>\n\t\t\t<\/dt><\/dl><dl class='gallery-item'>\n\t\t\t<dt class='gallery-icon landscape'>\n\t\t\t\t<a href='https:\/\/radiozapatista.org\/wp-content\/uploads\/2019\/09\/Copia-de-DSC08729.jpg'><img loading=\"lazy\" decoding=\"async\" width=\"350\" height=\"252\" src=\"https:\/\/radiozapatista.org\/wp-content\/uploads\/2019\/09\/Copia-de-DSC08729-350x252.jpg\" class=\"attachment-medium size-medium\" alt=\"\" srcset=\"https:\/\/radiozapatista.org\/wp-content\/uploads\/2019\/09\/Copia-de-DSC08729-350x252.jpg 350w, https:\/\/radiozapatista.org\/wp-content\/uploads\/2019\/09\/Copia-de-DSC08729-768x553.jpg 768w, https:\/\/radiozapatista.org\/wp-content\/uploads\/2019\/09\/Copia-de-DSC08729-1024x738.jpg 1024w, https:\/\/radiozapatista.org\/wp-content\/uploads\/2019\/09\/Copia-de-DSC08729.jpg 1750w\" sizes=\"auto, (max-width: 350px) 100vw, 350px\" \/><\/a>\n\t\t\t<\/dt><\/dl><br style=\"clear: both\" \/><dl class='gallery-item'>\n\t\t\t<dt class='gallery-icon landscape'>\n\t\t\t\t<a href='https:\/\/radiozapatista.org\/wp-content\/uploads\/2019\/09\/Copia-de-DSC08663.jpg'><img loading=\"lazy\" decoding=\"async\" width=\"350\" height=\"280\" src=\"https:\/\/radiozapatista.org\/wp-content\/uploads\/2019\/09\/Copia-de-DSC08663-350x280.jpg\" class=\"attachment-medium size-medium\" alt=\"\" srcset=\"https:\/\/radiozapatista.org\/wp-content\/uploads\/2019\/09\/Copia-de-DSC08663-350x280.jpg 350w, https:\/\/radiozapatista.org\/wp-content\/uploads\/2019\/09\/Copia-de-DSC08663-768x614.jpg 768w, https:\/\/radiozapatista.org\/wp-content\/uploads\/2019\/09\/Copia-de-DSC08663-1024x818.jpg 1024w, https:\/\/radiozapatista.org\/wp-content\/uploads\/2019\/09\/Copia-de-DSC08663.jpg 1400w\" sizes=\"auto, (max-width: 350px) 100vw, 350px\" \/><\/a>\n\t\t\t<\/dt><\/dl><dl class='gallery-item'>\n\t\t\t<dt class='gallery-icon landscape'>\n\t\t\t\t<a href='https:\/\/radiozapatista.org\/wp-content\/uploads\/2019\/09\/Copia-de-DSC08761.jpg'><img loading=\"lazy\" decoding=\"async\" width=\"350\" height=\"233\" src=\"https:\/\/radiozapatista.org\/wp-content\/uploads\/2019\/09\/Copia-de-DSC08761-350x233.jpg\" class=\"attachment-medium size-medium\" alt=\"\" srcset=\"https:\/\/radiozapatista.org\/wp-content\/uploads\/2019\/09\/Copia-de-DSC08761-350x233.jpg 350w, https:\/\/radiozapatista.org\/wp-content\/uploads\/2019\/09\/Copia-de-DSC08761-768x510.jpg 768w, https:\/\/radiozapatista.org\/wp-content\/uploads\/2019\/09\/Copia-de-DSC08761-1024x681.jpg 1024w, https:\/\/radiozapatista.org\/wp-content\/uploads\/2019\/09\/Copia-de-DSC08761-700x466.jpg 700w, https:\/\/radiozapatista.org\/wp-content\/uploads\/2019\/09\/Copia-de-DSC08761.jpg 1750w\" sizes=\"auto, (max-width: 350px) 100vw, 350px\" \/><\/a>\n\t\t\t<\/dt><\/dl><dl class='gallery-item'>\n\t\t\t<dt class='gallery-icon landscape'>\n\t\t\t\t<a href='https:\/\/radiozapatista.org\/wp-content\/uploads\/2019\/09\/Copia-de-DSC08795.jpg'><img loading=\"lazy\" decoding=\"async\" width=\"350\" height=\"233\" src=\"https:\/\/radiozapatista.org\/wp-content\/uploads\/2019\/09\/Copia-de-DSC08795-350x233.jpg\" class=\"attachment-medium size-medium\" alt=\"\" srcset=\"https:\/\/radiozapatista.org\/wp-content\/uploads\/2019\/09\/Copia-de-DSC08795-350x233.jpg 350w, https:\/\/radiozapatista.org\/wp-content\/uploads\/2019\/09\/Copia-de-DSC08795-768x510.jpg 768w, https:\/\/radiozapatista.org\/wp-content\/uploads\/2019\/09\/Copia-de-DSC08795-1024x681.jpg 1024w, https:\/\/radiozapatista.org\/wp-content\/uploads\/2019\/09\/Copia-de-DSC08795-700x466.jpg 700w, https:\/\/radiozapatista.org\/wp-content\/uploads\/2019\/09\/Copia-de-DSC08795.jpg 1750w\" sizes=\"auto, (max-width: 350px) 100vw, 350px\" \/><\/a>\n\t\t\t<\/dt><\/dl><br style=\"clear: both\" \/><dl class='gallery-item'>\n\t\t\t<dt class='gallery-icon portrait'>\n\t\t\t\t<a href='https:\/\/radiozapatista.org\/wp-content\/uploads\/2019\/09\/Copia-de-DSC08697.jpg'><img loading=\"lazy\" decoding=\"async\" width=\"199\" height=\"300\" src=\"https:\/\/radiozapatista.org\/wp-content\/uploads\/2019\/09\/Copia-de-DSC08697-199x300.jpg\" class=\"attachment-medium size-medium\" alt=\"\" srcset=\"https:\/\/radiozapatista.org\/wp-content\/uploads\/2019\/09\/Copia-de-DSC08697-199x300.jpg 199w, https:\/\/radiozapatista.org\/wp-content\/uploads\/2019\/09\/Copia-de-DSC08697-768x1156.jpg 768w, https:\/\/radiozapatista.org\/wp-content\/uploads\/2019\/09\/Copia-de-DSC08697-680x1024.jpg 680w, https:\/\/radiozapatista.org\/wp-content\/uploads\/2019\/09\/Copia-de-DSC08697.jpg 1400w\" sizes=\"auto, (max-width: 199px) 100vw, 199px\" \/><\/a>\n\t\t\t<\/dt><\/dl>\n\t\t\t<br style='clear: both' \/>\n\t\t<\/div>\n\n<p>&nbsp;<\/p>\n<p>Audios mitin:<\/p>\n<p><!--more--><\/p>\n<div class=\"wp-playlist wp-audio-playlist wp-playlist-light\">\n\t\t\t<div class=\"wp-playlist-current-item\"><\/div>\n\t\t<audio controls=\"controls\" preload=\"none\" width=\"640\"\n\t\t\t><\/audio>\n\t<div class=\"wp-playlist-next\"><\/div>\n\t<div class=\"wp-playlist-prev\"><\/div>\n\t<noscript>\n\t<ol>\n\t\t<li><a href='https:\/\/radiozapatista.org\/wp-content\/uploads\/2019\/09\/Ayotzinapa-5-an\u0303os-1.mp3'>Ayotzinapa 5 a\u00f1os (1)<\/a><\/li><li><a href='https:\/\/radiozapatista.org\/wp-content\/uploads\/2019\/09\/Ayotzinapa-5-an\u0303os-2.mp3'>Ayotzinapa 5 a\u00f1os (2)<\/a><\/li><li><a href='https:\/\/radiozapatista.org\/wp-content\/uploads\/2019\/09\/Ayotzinapa-5-an\u0303os-3.mp3'>Ayotzinapa 5 a\u00f1os (3)<\/a><\/li><li><a href='https:\/\/radiozapatista.org\/wp-content\/uploads\/2019\/09\/Ayotzinapa-5-an\u0303os-4.mp3'>Ayotzinapa 5 a\u00f1os (4)<\/a><\/li><li><a href='https:\/\/radiozapatista.org\/wp-content\/uploads\/2019\/09\/Ayotzinapa-5-5.mp3'>Ayotzinapa 5 a\u00f1os (5)<\/a><\/li>\t<\/ol>\n\t<\/noscript>\n\t<script type=\"application\/json\" class=\"wp-playlist-script\">{\"type\":\"audio\",\"tracklist\":true,\"tracknumbers\":true,\"images\":true,\"artists\":false,\"tracks\":[{\"src\":\"https:\/\/radiozapatista.org\/wp-content\/uploads\/2019\/09\/Ayotzinapa-5-an\\u0303os-1.mp3\",\"type\":\"audio\/mpeg\",\"title\":\"Ayotzinapa 5 a\\u00f1os (1)\",\"caption\":\"\",\"description\":\"\\\"Ayotzinapa 5 a\\u00f1os (1)\\\".\",\"meta\":{\"length_formatted\":\"6:17\"},\"image\":{\"src\":\"https:\/\/radiozapatista.org\/wp-includes\/images\/media\/audio.svg\",\"width\":48,\"height\":64},\"thumb\":{\"src\":\"https:\/\/radiozapatista.org\/wp-includes\/images\/media\/audio.svg\",\"width\":48,\"height\":64}},{\"src\":\"https:\/\/radiozapatista.org\/wp-content\/uploads\/2019\/09\/Ayotzinapa-5-an\\u0303os-2.mp3\",\"type\":\"audio\/mpeg\",\"title\":\"Ayotzinapa 5 a\\u00f1os (2)\",\"caption\":\"\",\"description\":\"\\\"Ayotzinapa 5 a\\u00f1os (2)\\\".\",\"meta\":{\"length_formatted\":\"1:51\"},\"image\":{\"src\":\"https:\/\/radiozapatista.org\/wp-includes\/images\/media\/audio.svg\",\"width\":48,\"height\":64},\"thumb\":{\"src\":\"https:\/\/radiozapatista.org\/wp-includes\/images\/media\/audio.svg\",\"width\":48,\"height\":64}},{\"src\":\"https:\/\/radiozapatista.org\/wp-content\/uploads\/2019\/09\/Ayotzinapa-5-an\\u0303os-3.mp3\",\"type\":\"audio\/mpeg\",\"title\":\"Ayotzinapa 5 a\\u00f1os (3)\",\"caption\":\"\",\"description\":\"\\\"Ayotzinapa 5 a\\u00f1os (3)\\\".\",\"meta\":{\"length_formatted\":\"2:02\"},\"image\":{\"src\":\"https:\/\/radiozapatista.org\/wp-includes\/images\/media\/audio.svg\",\"width\":48,\"height\":64},\"thumb\":{\"src\":\"https:\/\/radiozapatista.org\/wp-includes\/images\/media\/audio.svg\",\"width\":48,\"height\":64}},{\"src\":\"https:\/\/radiozapatista.org\/wp-content\/uploads\/2019\/09\/Ayotzinapa-5-an\\u0303os-4.mp3\",\"type\":\"audio\/mpeg\",\"title\":\"Ayotzinapa 5 a\\u00f1os (4)\",\"caption\":\"\",\"description\":\"\\\"Ayotzinapa 5 a\\u00f1os 4\\\".\",\"meta\":{\"length_formatted\":\"5:17\"},\"image\":{\"src\":\"https:\/\/radiozapatista.org\/wp-includes\/images\/media\/audio.svg\",\"width\":48,\"height\":64},\"thumb\":{\"src\":\"https:\/\/radiozapatista.org\/wp-includes\/images\/media\/audio.svg\",\"width\":48,\"height\":64}},{\"src\":\"https:\/\/radiozapatista.org\/wp-content\/uploads\/2019\/09\/Ayotzinapa-5-5.mp3\",\"type\":\"audio\/mpeg\",\"title\":\"Ayotzinapa 5 a\\u00f1os (5)\",\"caption\":\"\",\"description\":\"\\\"Ayotzinapa 5 (5)\\\".\",\"meta\":{\"length_formatted\":\"1:12\"},\"image\":{\"src\":\"https:\/\/radiozapatista.org\/wp-includes\/images\/media\/audio.svg\",\"width\":48,\"height\":64},\"thumb\":{\"src\":\"https:\/\/radiozapatista.org\/wp-includes\/images\/media\/audio.svg\",\"width\":48,\"height\":64}}]}<\/script>\n<\/div>\n\t\n<p>&nbsp;<\/p>\n<p>CDMX, 26 de septiembre de 2019[:]<\/p>\n","protected":false},"excerpt":{"rendered":"<p>[:es]El pasado 26 de septiembre del 2019 se cumplieron 5 a\u00f1os de la desaparici\u00f3n forzada de 43 estudiantes normalistas en el estado de Guerrero. Como cada 26 de mes, a las 4 de la tarde en el \u00e1ngel de la independencia sobre avenida Reforma, se dieron cita \u201clos padres de Ayotzinapa\u201d acompa\u00f1ados de miles m\u00e1s, [&hellip;]<\/p>\n","protected":false},"author":15,"featured_media":32256,"comment_status":"open","ping_status":"closed","sticky":false,"template":"","format":"standard","meta":{"footnotes":""},"categories":[1,949,954,190],"tags":[929,58,244,682,912,148,27],"class_list":["post-32236","post","type-post","status-publish","format-standard","has-post-thumbnail","hentry","category-audio","category-fotorreportaje","category-mexico","category-radiozapatista","tag-ayotzinapa","tag-derechos-humanos","tag-desaparecidos","tag-desaparicion-forzada","tag-narcoestado","tag-resistencia","tag-solidaridad"],"_links":{"self":[{"href":"https:\/\/radiozapatista.org\/index.php?rest_route=\/wp\/v2\/posts\/32236","targetHints":{"allow":["GET"]}}],"collection":[{"href":"https:\/\/radiozapatista.org\/index.php?rest_route=\/wp\/v2\/posts"}],"about":[{"href":"https:\/\/radiozapatista.org\/index.php?rest_route=\/wp\/v2\/types\/post"}],"author":[{"embeddable":true,"href":"https:\/\/radiozapatista.org\/index.php?rest_route=\/wp\/v2\/users\/15"}],"replies":[{"embeddable":true,"href":"https:\/\/radiozapatista.org\/index.php?rest_route=%2Fwp%2Fv2%2Fcomments&post=32236"}],"version-history":[{"count":8,"href":"https:\/\/radiozapatista.org\/index.php?rest_route=\/wp\/v2\/posts\/32236\/revisions"}],"predecessor-version":[{"id":32270,"href":"https:\/\/radiozapatista.org\/index.php?rest_route=\/wp\/v2\/posts\/32236\/revisions\/32270"}],"wp:featuredmedia":[{"embeddable":true,"href":"https:\/\/radiozapatista.org\/index.php?rest_route=\/wp\/v2\/media\/32256"}],"wp:attachment":[{"href":"https:\/\/radiozapatista.org\/index.php?rest_route=%2Fwp%2Fv2%2Fmedia&parent=32236"}],"wp:term":[{"taxonomy":"category","embeddable":true,"href":"https:\/\/radiozapatista.org\/index.php?rest_route=%2Fwp%2Fv2%2Fcategories&post=32236"},{"taxonomy":"post_tag","embeddable":true,"href":"https:\/\/radiozapatista.org\/index.php?rest_route=%2Fwp%2Fv2%2Ftags&post=32236"}],"curies":[{"name":"wp","href":"https:\/\/api.w.org\/{rel}","templated":true}]}}