{"id":32160,"date":"2019-09-18T13:50:04","date_gmt":"2019-09-18T18:50:04","guid":{"rendered":"https:\/\/radiozapatista.org\/?p=32160"},"modified":"2019-09-18T13:50:04","modified_gmt":"2019-09-18T18:50:04","slug":"las-abejas-de-acteal-denuncian-desplazamiento-forzado","status":"publish","type":"post","link":"https:\/\/radiozapatista.org\/?p=32160","title":{"rendered":"Las Abejas de Acteal denuncian desplazamiento forzado"},"content":{"rendered":"<p><\/p>\n<h3 class=\"post-title entry-title\" style=\"text-align: center;\">Ayer, las compa\u00f1eras, ni\u00f1as y ni\u00f1os del barrio &#8220;R\u00edo Jord\u00e1n&#8221; se vieron obligadas a desplazarse en Acteal.<\/h3>\n<p style=\"text-align: right;\"><strong>Organizaci\u00f3n Sociedad Civil Las Abejas de Acteal<br \/>\n<\/strong><strong><em>Tierra Sagrada de los M\u00e1rtires de Acteal<\/em><\/strong><\/p>\n<p style=\"text-align: right;\">Municipio de Chenalh\u00f3, Chiapas, M\u00e9xico.<br \/>\n17 de septiembre del 2019<\/p>\n<p>Al Congreso Nacional Ind\u00edgena<br \/>\nAl Concejo Ind\u00edgena de Gobierno<br \/>\nA las y los defensores de los derechos humanos<br \/>\nA los medios libres y alternativos<br \/>\nA los medios de comunicaci\u00f3n nacional e internacional<br \/>\nA la Sociedad Civil Nacional e Internacional<\/p>\n<p><strong>Hermanas y hermanos:<\/strong><\/p>\n<p>Hoy denunciamos p\u00fablicamente que, ayer, las compa\u00f1eras, ni\u00f1as y ni\u00f1os del barrio &#8220;R\u00edo Jord\u00e1n&#8221; de la colonia Miguel Utrilla Los Chorros, se vieron obligadas a desplazarse en Acteal, sede de nuestra Organizaci\u00f3n Las Abejas de Acteal, porque sus condiciones de vida se empeoraron, porque el mismo presidente municipal de Chenalh\u00f3 y el agente del barrio &#8220;R\u00edo Jord\u00e1n&#8221; prohibieron el acceso de alimentos y la gente partidista de esa localidad amenaz\u00f3 a las familias de buen coraz\u00f3n quienes les dieron casa y comida a nuestras compa\u00f1eras y ni\u00f1as y ni\u00f1os, de cortarles el agua, la electricidad y de destruirles tambi\u00e9n sus casas, si segu\u00edan ah\u00ed nuestras compa\u00f1eras.<\/p>\n<p><!--more-->Recordamos tambi\u00e9n que hace 22 a\u00f1os, un d\u00eda 16 de septiembre de 1997, los paramilitares priistas de la colonia Miguel Utrilla Los Chorros, desplazaron forzadamente a miembros de nuestra Organizaci\u00f3n de Las Abejas, le destruyeron sus casas y le robaron sus pertenencias.<\/p>\n<p style=\"text-align: center;\"><a href=\"https:\/\/radiozapatista.org\/wp-content\/uploads\/2019\/09\/acteal1.jpg\"><img loading=\"lazy\" decoding=\"async\" class=\"aligncenter size-large wp-image-32161\" src=\"https:\/\/radiozapatista.org\/wp-content\/uploads\/2019\/09\/acteal1-1024x768.jpg\" alt=\"\" width=\"1024\" height=\"768\" srcset=\"https:\/\/radiozapatista.org\/wp-content\/uploads\/2019\/09\/acteal1-1024x768.jpg 1024w, https:\/\/radiozapatista.org\/wp-content\/uploads\/2019\/09\/acteal1-350x263.jpg 350w, https:\/\/radiozapatista.org\/wp-content\/uploads\/2019\/09\/acteal1-768x576.jpg 768w, https:\/\/radiozapatista.org\/wp-content\/uploads\/2019\/09\/acteal1.jpg 1040w\" sizes=\"auto, (max-width: 1024px) 100vw, 1024px\" \/><\/a><small>Casa y telar de un compa\u00f1ero de Las Abejas, destruidos por partidistas de &#8220;R\u00edo Jord\u00e1n&#8221;, 10 de agosto de 2019<\/small><\/p>\n<p>Nuestras compa\u00f1eras del barrio &#8220;R\u00edo Jord\u00e1n&#8221; junto con sus hijos se hab\u00edan quedado en casas de vecinos a refugiarse despu\u00e9s de que les fueron destruidas sus casas y pertenencias por los partidistas del Partido Verde Ecologista de M\u00e9xico (PVEM), encabezado por el agente municipal de esa localidad Manuel Jim\u00e9nez Ruiz, el pasado 10 de agosto del presente a\u00f1o, mismo que denunciamos p\u00fablicamente el 12 de agosto.<\/p>\n<p>Los auxiliares (polic\u00edas) del agente municipal del barrio &#8220;R\u00edo Jord\u00e1n&#8221;, empezaron a hostigar a nuestras compa\u00f1eras, acechando cerca de las casas en donde creen que ellas est\u00e1n refugiadas.<\/p>\n<p>Hoy en Acteal, se encuentran desplazadas 6 familias con 36 personas miembros de la Organizaci\u00f3n de la Sociedad Civil de Las Abejas de Acteal, del barrio &#8220;R\u00edo Jord\u00e1n&#8221;.<\/p>\n<p>El desplazamiento forzado, las casas destruidas y pertenencias robadas de nuestros compa\u00f1eros y compa\u00f1eras, siguen impunes y aqu\u00ed narramos brevemente lo que hemos hecho y lo que han dicho las autoridades oficiales:<\/p>\n<p>a) Despu\u00e9s del desplazamiento forzado de nuestros compa\u00f1eros y el riesgo a la integridad f\u00edsica de nuestras compa\u00f1eras con sus respectivos hijas e hijos, acudimos ante el Consejo Parroquial de Chenalh\u00f3 para que ellos pudieran llevarles despensas, le\u00f1as y otras necesidades b\u00e1sicas para su sobrevivencia.<\/p>\n<p>b) Dicho Consejo Parroquial aceptaron llevar los alimentos, pero decidieron avisarle al presidente municipal para evitar cualquier agresi\u00f3n hacia su persona.<\/p>\n<p>c) El d\u00eda 17 de agosto del presente, cuando la comisi\u00f3n conformada por el Consejo Parroquial, se dispon\u00eda a salir de la cede de la Parroquia de Chenalh\u00f3, en el poblado de Yabteclum, encuentran al s\u00edndico municipal del mencionado municipio, le comentaron que se dirig\u00edan a platicar con el presidente municipal, pero este se\u00f1or dijo que &#8220;ya no es necesario hablar con el presidente, ya sabemos de este problema y, es mejor, todav\u00eda no lleven los alimentos para evitar agravar la situaci\u00f3n&#8221;; tambi\u00e9n dijo que ya tienen previsto un di\u00e1logo entre los partidistas de &#8220;R\u00edo Jord\u00e1n&#8221; y Las Abejas de Acteal el 20 de agosto y que &#8220;el conflicto no va a durar&#8221;, (sin embargo, ya tiene 4 a\u00f1os de que les fueron cortados el servicio de agua y electricidad y constante agresi\u00f3n y burla hacia nuestros compa\u00f1eros).<\/p>\n<p>d) El d\u00eda 19 de agosto el presidente municipal de Chenalh\u00f3 Abraham Cruz G\u00f3mez invit\u00f3 al Consejo Parroquial para que se presenten en su cabildo. En esa reuni\u00f3n el presidente municipal dijo que no se iba a realizar el di\u00e1logo que hab\u00eda asegurado el s\u00edndico municipal, argumentando que la Organizaci\u00f3n Las Abejas no ha pedido al presidente municipal resolver el problema del barrio &#8220;R\u00edo Jord\u00e1n&#8221;, adem\u00e1s, ya fue el personal de la secretar\u00eda de derechos humanos del gobierno estatal para supervisar los da\u00f1os causados en las casas de nuestros compa\u00f1eros y compa\u00f1eras, y el mismo presidente municipal tambi\u00e9n dijo que no se lleven todav\u00eda los alimentos a nuestras compa\u00f1eras, \u00e9l avisar\u00e1 qu\u00e9 d\u00eda se puede.<\/p>\n<p>e) Supimos que el d\u00eda 24 de agosto, el agente municipal del barrio &#8220;R\u00edo Jord\u00e1n&#8221;, celebr\u00f3 una asamblea urgente en donde inform\u00f3 y tom\u00f3 acuerdo si permit\u00edan el acceso de alimentos para nuestras compa\u00f1eras, y acordaron prohibir totalmente y que ya no quieren ver ah\u00ed a nuestros compa\u00f1eros y compa\u00f1eras.<\/p>\n<p>Como lo hemos manifestado en varias ocasiones, este conflicto es la causa de la impunidad en el Caso de la Masacre de Acteal, adem\u00e1s muchos de los responsables de quemas de casas, robo de pertenencias y del desplazamiento forzado en el a\u00f1o de 1997, se quedaron impunes, porque los paramilitares y partidistas tanto en la colonia Miguel Utrilla los Chorros como en la colonia Puebla y en otras comunidades de Chenalh\u00f3, se han dado cuenta que no son castigados, eso les incita a volver a agredir las veces y el modo como les venga en gana; dicho en pocas palabras, los paramilitares y partidistas priistas ahora la mayor\u00eda del PVEM, act\u00faan contra nosotros sin respeto y esta actitud est\u00e1 reflejado en su autoridad que le llaman ayuntamiento municipal.<\/p>\n<p>Por todo lo anterior exigimos:<\/p>\n<p>1) A los gobiernos estatal y federal que hagan su trabajo de aplicar la justicia y mediante un di\u00e1logo como siempre hemos buscado, se resuelva este conflicto y as\u00ed nuestras compa\u00f1eras y compa\u00f1eros puedan retornar a sus casas.<\/p>\n<p style=\"text-align: center;\"><a href=\"https:\/\/radiozapatista.org\/wp-content\/uploads\/2019\/09\/acteal2.jpg\"><img loading=\"lazy\" decoding=\"async\" class=\"aligncenter size-large wp-image-32162\" src=\"https:\/\/radiozapatista.org\/wp-content\/uploads\/2019\/09\/acteal2-1024x768.jpg\" alt=\"\" width=\"1024\" height=\"768\" srcset=\"https:\/\/radiozapatista.org\/wp-content\/uploads\/2019\/09\/acteal2-1024x768.jpg 1024w, https:\/\/radiozapatista.org\/wp-content\/uploads\/2019\/09\/acteal2-350x263.jpg 350w, https:\/\/radiozapatista.org\/wp-content\/uploads\/2019\/09\/acteal2-768x576.jpg 768w, https:\/\/radiozapatista.org\/wp-content\/uploads\/2019\/09\/acteal2.jpg 1040w\" sizes=\"auto, (max-width: 1024px) 100vw, 1024px\" \/><\/a><small>Casa de los compa\u00f1eros de Las Abejas, destruida por partidistas de &#8220;R\u00edo Jord\u00e1n&#8221;, 10 de agosto de 2019<\/small><\/p>\n<p>2) Al presidente municipal de Chenalh\u00f3 no busque m\u00e1s pretextos, porque nosotros siempre hemos buscado el di\u00e1logo antes de que se agravara este conflicto en el a\u00f1o de 2015 y le consta porque est\u00e1 documentado, y conoce esta situaci\u00f3n porque fue tesorero municipal de la pasada administraci\u00f3n municipal. Y le volvemos a recordar evite seguir el camino y sus consecuencias que tom\u00f3 su antecesor y vecino Jacinto Arias Cruz, responsable de la Masacre de Acteal.<\/p>\n<p>Hermanas y hermanos de buena voluntad y defensoras y defensores de los derechos humanos, les pedimos su solidaridad y acompa\u00f1amiento en esta etapa dif\u00edcil que viven nuestras compa\u00f1eras y compa\u00f1eros desplazados. Sabemos que las mentiras, las burlas, el desprecio y los ataques que hemos estado viviendo, es por nuestra resistencia y autonom\u00eda y, por nuestra lucha incansable por la justicia de la Masacre de Acteal.<\/p>\n<p><strong>Desde Acteal, Sitio de Conciencia y Casa de la Memoria y Esperanza.<\/strong><\/p>\n<p style=\"text-align: center;\"><strong>ATENTAMENTE.<\/strong><\/p>\n<p style=\"text-align: center;\"><strong>La Voz de la Organizaci\u00f3n de la Sociedad Civil Las Abejas de Acteal.<\/strong><\/p>\n<p style=\"text-align: center;\">Por la Mesa Directiva:<\/p>\n<p style=\"text-align: center;\">Juan V\u00e1squez Luna\u00a0\u00a0\u00a0\u00a0\u00a0\u00a0\u00a0\u00a0\u00a0\u00a0\u00a0\u00a0\u00a0\u00a0\u00a0\u00a0 Antonia V\u00e1squez P\u00e9rez<\/p>\n<p style=\"text-align: center;\">Presidente\u00a0\u00a0\u00a0\u00a0\u00a0\u00a0\u00a0\u00a0\u00a0\u00a0\u00a0\u00a0\u00a0\u00a0\u00a0\u00a0\u00a0\u00a0\u00a0\u00a0\u00a0\u00a0\u00a0\u00a0\u00a0\u00a0\u00a0\u00a0\u00a0\u00a0\u00a0\u00a0 Vicepresidenta<\/p>\n<p style=\"text-align: center;\">Hermilo P\u00e9rez S\u00e1ntiz\u00a0\u00a0\u00a0\u00a0\u00a0\u00a0\u00a0\u00a0\u00a0\u00a0\u00a0\u00a0\u00a0 Mar\u00eda V\u00e1squez G\u00f3mez<\/p>\n<p style=\"text-align: center;\">Secretario General\u00a0\u00a0\u00a0\u00a0\u00a0\u00a0\u00a0 \u00a0 \u00a0\u00a0\u00a0\u00a0\u00a0\u00a0\u00a0\u00a0\u00a0 Subsecretaria<\/p>\n<p style=\"text-align: center;\">Genaro Oyalt\u00e9 P\u00e9rez\u00a0\u00a0\u00a0\u00a0\u00a0\u00a0\u00a0\u00a0\u00a0\u00a0\u00a0\u00a0\u00a0\u00a0\u00a0\u00a0 Antonia P\u00e9rez P\u00e9rez<\/p>\n<p style=\"text-align: center;\">Tesorero\u00a0\u00a0\u00a0\u00a0\u00a0\u00a0\u00a0\u00a0\u00a0\u00a0\u00a0\u00a0\u00a0\u00a0\u00a0\u00a0\u00a0\u00a0\u00a0\u00a0\u00a0\u00a0\u00a0\u00a0\u00a0\u00a0\u00a0\u00a0\u00a0\u00a0\u00a0\u00a0\u00a0\u00a0 Subtesorera<\/p>\n<p><\/p>","protected":false},"excerpt":{"rendered":"<p>Ayer, las compa\u00f1eras, ni\u00f1as y ni\u00f1os del barrio &#8220;R\u00edo Jord\u00e1n&#8221; se vieron obligadas a desplazarse en Acteal. Organizaci\u00f3n Sociedad Civil Las Abejas de Acteal Tierra Sagrada de los M\u00e1rtires de Acteal Municipio de Chenalh\u00f3, Chiapas, M\u00e9xico. 17 de septiembre del 2019 Al Congreso Nacional Ind\u00edgena Al Concejo Ind\u00edgena de Gobierno A las y los defensores [&hellip;]<\/p>\n","protected":false},"author":1,"featured_media":32163,"comment_status":"open","ping_status":"closed","sticky":false,"template":"","format":"standard","meta":{"footnotes":""},"categories":[6,1024,826],"tags":[100,572,782],"class_list":["post-32160","post","type-post","status-publish","format-standard","has-post-thumbnail","hentry","category-chiapas","category-cni-temas","category-medios-libres-2","tag-acteal","tag-desplazados","tag-desplazamiento-forzado"],"_links":{"self":[{"href":"https:\/\/radiozapatista.org\/index.php?rest_route=\/wp\/v2\/posts\/32160","targetHints":{"allow":["GET"]}}],"collection":[{"href":"https:\/\/radiozapatista.org\/index.php?rest_route=\/wp\/v2\/posts"}],"about":[{"href":"https:\/\/radiozapatista.org\/index.php?rest_route=\/wp\/v2\/types\/post"}],"author":[{"embeddable":true,"href":"https:\/\/radiozapatista.org\/index.php?rest_route=\/wp\/v2\/users\/1"}],"replies":[{"embeddable":true,"href":"https:\/\/radiozapatista.org\/index.php?rest_route=%2Fwp%2Fv2%2Fcomments&post=32160"}],"version-history":[{"count":1,"href":"https:\/\/radiozapatista.org\/index.php?rest_route=\/wp\/v2\/posts\/32160\/revisions"}],"predecessor-version":[{"id":32164,"href":"https:\/\/radiozapatista.org\/index.php?rest_route=\/wp\/v2\/posts\/32160\/revisions\/32164"}],"wp:featuredmedia":[{"embeddable":true,"href":"https:\/\/radiozapatista.org\/index.php?rest_route=\/wp\/v2\/media\/32163"}],"wp:attachment":[{"href":"https:\/\/radiozapatista.org\/index.php?rest_route=%2Fwp%2Fv2%2Fmedia&parent=32160"}],"wp:term":[{"taxonomy":"category","embeddable":true,"href":"https:\/\/radiozapatista.org\/index.php?rest_route=%2Fwp%2Fv2%2Fcategories&post=32160"},{"taxonomy":"post_tag","embeddable":true,"href":"https:\/\/radiozapatista.org\/index.php?rest_route=%2Fwp%2Fv2%2Ftags&post=32160"}],"curies":[{"name":"wp","href":"https:\/\/api.w.org\/{rel}","templated":true}]}}