{"id":32119,"date":"2019-09-01T22:33:40","date_gmt":"2019-09-02T03:33:40","guid":{"rendered":"https:\/\/radiozapatista.org\/?p=32119"},"modified":"2019-09-12T10:49:33","modified_gmt":"2019-09-12T15:49:33","slug":"imagenes-de-la-ruptura-del-cerco-i","status":"publish","type":"post","link":"https:\/\/radiozapatista.org\/?p=32119","title":{"rendered":"IM\u00c1GENES DE LA RUPTURA DEL CERCO I"},"content":{"rendered":"<p><\/p>\n<p style=\"text-align: center;\"><strong>IM\u00c1GENES DE LA RUPTURA DEL CERCO I<br \/>\n<\/strong><strong>AGOSTO DEL 2019.<\/strong><\/p>\n<p>&nbsp;<\/p>\n<p><iframe loading=\"lazy\" src=\"https:\/\/www.youtube.com\/embed\/vUDCojwX6u0?feature=oembed\" width=\"500\" height=\"281\" frameborder=\"0\" allowfullscreen=\"allowfullscreen\" data-mce-fragment=\"1\"><\/iframe><\/p>\n<p><iframe loading=\"lazy\" src=\"https:\/\/www.youtube.com\/embed\/6BNPXbfup_E?feature=oembed\" width=\"500\" height=\"281\" frameborder=\"0\" allowfullscreen=\"allowfullscreen\" data-mce-fragment=\"1\"><\/iframe><\/p>\n<p><iframe loading=\"lazy\" src=\"https:\/\/www.youtube.com\/embed\/cVCZJka9sXM?feature=oembed\" width=\"500\" height=\"281\" frameborder=\"0\" allowfullscreen=\"allowfullscreen\" data-mce-fragment=\"1\"><\/iframe><\/p>\n<p style=\"text-align: center;\"><strong>Desde las monta\u00f1as del Sureste Mexicano.<\/strong><\/p>\n<p style=\"text-align: center;\">Los Tercios Compas.<\/p>\n<p style=\"text-align: center;\">Comisi\u00f3n Sexta del EZLN.<\/p>\n<p style=\"text-align: center;\">Agosto del 2019.<\/p>\n<p>&nbsp;<\/p>","protected":false},"excerpt":{"rendered":"<p>IM\u00c1GENES DE LA RUPTURA DEL CERCO I AGOSTO DEL 2019. &nbsp; Desde las monta\u00f1as del Sureste Mexicano. Los Tercios Compas. Comisi\u00f3n Sexta del EZLN. Agosto del 2019. &nbsp;<\/p>\n","protected":false},"author":15,"featured_media":0,"comment_status":"open","ping_status":"closed","sticky":false,"template":"","format":"standard","meta":{"footnotes":""},"categories":[957,6,118,955],"tags":[79,297,1151,63,644,36,483],"class_list":["post-32119","post","type-post","status-publish","format-standard","hentry","category-autonomia","category-chiapas","category-ezln","category-ezln-temas","tag-autonomia","tag-caracoles","tag-cig","tag-cni","tag-comunicados-ezln","tag-comunidades-zapatistas","tag-tierra-y-territorio"],"_links":{"self":[{"href":"https:\/\/radiozapatista.org\/index.php?rest_route=\/wp\/v2\/posts\/32119","targetHints":{"allow":["GET"]}}],"collection":[{"href":"https:\/\/radiozapatista.org\/index.php?rest_route=\/wp\/v2\/posts"}],"about":[{"href":"https:\/\/radiozapatista.org\/index.php?rest_route=\/wp\/v2\/types\/post"}],"author":[{"embeddable":true,"href":"https:\/\/radiozapatista.org\/index.php?rest_route=\/wp\/v2\/users\/15"}],"replies":[{"embeddable":true,"href":"https:\/\/radiozapatista.org\/index.php?rest_route=%2Fwp%2Fv2%2Fcomments&post=32119"}],"version-history":[{"count":2,"href":"https:\/\/radiozapatista.org\/index.php?rest_route=\/wp\/v2\/posts\/32119\/revisions"}],"predecessor-version":[{"id":32145,"href":"https:\/\/radiozapatista.org\/index.php?rest_route=\/wp\/v2\/posts\/32119\/revisions\/32145"}],"wp:attachment":[{"href":"https:\/\/radiozapatista.org\/index.php?rest_route=%2Fwp%2Fv2%2Fmedia&parent=32119"}],"wp:term":[{"taxonomy":"category","embeddable":true,"href":"https:\/\/radiozapatista.org\/index.php?rest_route=%2Fwp%2Fv2%2Fcategories&post=32119"},{"taxonomy":"post_tag","embeddable":true,"href":"https:\/\/radiozapatista.org\/index.php?rest_route=%2Fwp%2Fv2%2Ftags&post=32119"}],"curies":[{"name":"wp","href":"https:\/\/api.w.org\/{rel}","templated":true}]}}