{"id":3209,"date":"2011-06-05T08:46:26","date_gmt":"2011-06-05T13:46:26","guid":{"rendered":"https:\/\/radiozapatista.org\/?p=3209"},"modified":"2011-06-05T08:46:26","modified_gmt":"2011-06-05T13:46:26","slug":"protesta-en-berlin-alemania-para-exigir-la-libertad-del-zapatista-patricio-dominguez-vazquez-y-los-5-de-bachajon","status":"publish","type":"post","link":"https:\/\/radiozapatista.org\/?p=3209","title":{"rendered":"<!--:es-->Protesta en Berl\u00edn, Alemania, para exigir la libertad del zapatista Patricio Dom\u00ednguez V\u00e1zquez y los 5 de Bachaj\u00f3n<!--:--><!--:en-->Protest in Berlin, Germany, to demand the freedom of the zapatista Patricio Dom\u00ednguez V\u00e1zquez and the Bachaj\u00f3n 5<!--:-->"},"content":{"rendered":"<p><!--:es-->\u201cTal  vez ustedes est\u00e1n lejos, pero nos est\u00e1n ayudando con sus acciones para  los compa\u00f1eros que est\u00e1n encarcelados. Estamos felices por lo que  ustedes est\u00e1n haciendo. Porque nos est\u00e1n apoyando. Es cierto que se  liberaron 5 y no queremos que solo los 5 sean liberados. Queremos que  todos sean libres.\u201d<\/p>\n<p>Palabras de Amalia del \u201cSegundo Videomensaje desde San Sebasti\u00e1n Bachaj\u00f3n\u201d<\/p>\n<p>Hoy  en d\u00eda, el gobierno de Chiapas tiene detenidos arbitrariamente y en  constante hostigamiento y amenazas a 5 ejidatarios de San Sebastian  Bachajon de La Otra Campana y a Patricio Dom\u00ednguez V\u00e1zquez de las bases  de apoyo zapatista. Todos son inocentes de los delitos que se les  acusan, ellos son victimas del sistema  de justicia mexicano el cual obedece a la voz de los intereses de  inversi\u00f3n nacional e internacional.<\/p>\n<p>El gobierno mexicano quiere  apoderarse de todas las tierras de Chiapas y convertirlo en zona  tur\u00edstica. Por eso est\u00e1 intentando robarles la tierra al pueblo humilde  de Bachaj\u00f3n y desalojarlos de su tierra y territorio. Por resistir este  desplazamiento, m\u00e1s de 100 personas fueron detenidas en Febrero del  2011. De estas personas quedan 5 presos todav\u00eda.<\/p>\n<p>A Patricio  Dom\u00ednguez V\u00e1zquez, de las bases de apoyo zapatistas, del ejido Mesa  Redondo, tambien lo han encarcelado injustamente por defender la tierra y  recursos naturales que le pertenece a el y a su comunidad.<\/p>\n<p>Sabemos  la verdad y es por ello que exigimos la libertad inmediata de los 5 de  Bachaj\u00f3n: Jer\u00f3nimo Guzm\u00e1n M\u00e9ndez, Domingo P\u00e9rez \u00c1lvaro, Domingo Garc\u00eda  G\u00f3mez, Juan Aguilar Guzm\u00e1n y Mariano Demeza Silvano.<br \/>\nAdem\u00e1s, exigimos la liberacion  del Zapatista Patricio Dom\u00ednguez V\u00e1zquez del ejido Mesa Redondo.<\/p>\n<p>Nos  juntaremos el d\u00eda martes 7 de junio para exigirle al presidente  represivo del partido PAN, Felipe Calder\u00f3n y al gobernador represivo del  PRD Juan Sabines Guerrero que liberen al preso politico Zapatista y los  5 presos pol\u00edticos de San Sebasti\u00e1n Bachaj\u00f3n.<\/p>\n<p>Una delegacion del Movimiento por Justicia del Barrio participara en esta accion.<\/p>\n<p>Protesta en frente de la Embajada de Mexico, Klingelh\u00f6ferstr. 3, el 7 de junio de 2011 a las 13:00 hs.<!--:--><\/p>\n","protected":false},"excerpt":{"rendered":"<p>\u201cTal vez ustedes est\u00e1n lejos, pero nos est\u00e1n ayudando con sus acciones para los compa\u00f1eros que est\u00e1n encarcelados. Estamos felices por lo que ustedes est\u00e1n haciendo. Porque nos est\u00e1n apoyando. Es cierto que se liberaron 5 y no queremos que solo los 5 sean liberados. Queremos que todos sean libres.\u201d Palabras de Amalia del \u201cSegundo [&hellip;]<\/p>\n","protected":false},"author":1,"featured_media":0,"comment_status":"open","ping_status":"open","sticky":false,"template":"","format":"standard","meta":{"footnotes":""},"categories":[183],"tags":[61],"class_list":["post-3209","post","type-post","status-publish","format-standard","hentry","category-blog","tag-bachajon"],"_links":{"self":[{"href":"https:\/\/radiozapatista.org\/index.php?rest_route=\/wp\/v2\/posts\/3209","targetHints":{"allow":["GET"]}}],"collection":[{"href":"https:\/\/radiozapatista.org\/index.php?rest_route=\/wp\/v2\/posts"}],"about":[{"href":"https:\/\/radiozapatista.org\/index.php?rest_route=\/wp\/v2\/types\/post"}],"author":[{"embeddable":true,"href":"https:\/\/radiozapatista.org\/index.php?rest_route=\/wp\/v2\/users\/1"}],"replies":[{"embeddable":true,"href":"https:\/\/radiozapatista.org\/index.php?rest_route=%2Fwp%2Fv2%2Fcomments&post=3209"}],"version-history":[{"count":0,"href":"https:\/\/radiozapatista.org\/index.php?rest_route=\/wp\/v2\/posts\/3209\/revisions"}],"wp:attachment":[{"href":"https:\/\/radiozapatista.org\/index.php?rest_route=%2Fwp%2Fv2%2Fmedia&parent=3209"}],"wp:term":[{"taxonomy":"category","embeddable":true,"href":"https:\/\/radiozapatista.org\/index.php?rest_route=%2Fwp%2Fv2%2Fcategories&post=3209"},{"taxonomy":"post_tag","embeddable":true,"href":"https:\/\/radiozapatista.org\/index.php?rest_route=%2Fwp%2Fv2%2Ftags&post=3209"}],"curies":[{"name":"wp","href":"https:\/\/api.w.org\/{rel}","templated":true}]}}