{"id":3192,"date":"2011-06-02T21:34:17","date_gmt":"2011-06-03T02:34:17","guid":{"rendered":"https:\/\/radiozapatista.org\/?p=3192"},"modified":"2011-06-02T21:46:36","modified_gmt":"2011-06-03T02:46:36","slug":"listos-ciudadanos-y-ciudadanas-para-caravana-nacional-por-la-paz-con-justicia-y-dignidad","status":"publish","type":"post","link":"https:\/\/radiozapatista.org\/?p=3192","title":{"rendered":"Listos ciudadanos y ciudadanas para Caravana Nacional por la Paz con Justicia y Dignidad"},"content":{"rendered":"<p><a href=\"http:\/\/zapateando.files.wordpress.com\/2011\/06\/hacia-el-sol.jpg\"><img loading=\"lazy\" decoding=\"async\" title=\"hacia el sol\" src=\"http:\/\/zapateando.files.wordpress.com\/2011\/06\/hacia-el-sol.jpg?w=300&amp;h=199\" alt=\"\" width=\"300\" height=\"199\" \/><\/a><\/p>\n<p>Comunicado de prensa:<\/p>\n<p><strong>M\u00e9xico D.F., 31 de mayo de 2011 (Cencos)<\/strong>.- En conferencia de prensa, organizadores de la caravana Nacional Ciudadana por la Paz con Justicia y Dignidad anunciaron el<a href=\"http:\/\/dl.dropbox.com\/u\/21215461\/Ruta%20Caravana.doc\"> itinerario y la ruta final<\/a>,  dijeron que al rededor de 400 asistentes ya se han apuntado para  realizar el trayecto completo desde Cuernavaca, Morelos y hasta Ciudad  Ju\u00e1rez Chihuahua, acompa\u00f1ados por casi 80 representantes de los medios  de comunicaci\u00f3n nacional e internacional, documentalistas y decenas de  organizaciones que en cada ciudad, aunque no est\u00e9n en la ruta, est\u00e1n  organizando eventos paralelos.<\/p>\n<p>Julian LeBar\u00f3n dio lectura a un emotivo texto en el que<a href=\"http:\/\/www.cencos.org\/node\/26916\"> invita a todos los mexicanos a unirse a la marcha<\/a> para \u201cllenar de gente Ciudad Ju\u00e1rez\u201d para que entre todos se lleve un  mensaje que fortalezca y de su solidaridad a los hombres, mujeres y  ni\u00f1os que hacen sus vidas en una de las ciudades m\u00e1s violentas del  mundo.<\/p>\n<p>Tambi\u00e9n la poeta Enzia  Verduchi anunci\u00f3 que el grupo de poetas que acompa\u00f1ar\u00e1 la Caravana ya se  esta organizando y llam\u00f3 a sumarse para declamar <a href=\"http:\/\/www.cencos.org\/node\/26874\">en cada ciudad y en cada momento rumbo al norte<\/a> \u201cpara recuperar el valor de la palabra que se ha transformado con los eufemismos que el gobierno utiliza en su guerra\u201d.<\/p>\n<p>Clara Jusidman,  presidenta de Incide Social, record\u00f3 que \u201cesta Caravana es completamente  ciudadana y no recibe ayuda ni financiamiento de alguna instituci\u00f3n\u201d,  por lo que invit\u00f3 a las personas que se solidaricen con el movimiento a  que donen v\u00edveres y medicamentos, llev\u00e1ndolos a Incide (t. 55908754, c.  Hilario P\u00e9rez de Le\u00f3n No.80, col. Ni\u00f1os H. de Chapultepec, entre linea 2  Metro Villa de Cortes y Nativitas) y a apoyar econ\u00f3micamente  depositando en la cuenta:\u00a0\u00a0\u00a0\u00a0\u00a0\u00a0\u00a0\u00a0\u00a0\u00a0\u00a0\u00a00062 4027 733\u00a0\u00a0\u00a0\u00a0\u00a0\u00a0, Banorte, a nombre de Daniel Gim\u00e9nez Cacho y Julieta Egurrola.<\/p>\n<p>Emilio \u00c1lvarez Icaza record\u00f3 que <a href=\"http:\/\/www.cencos.org\/node\/26916\">las inscripciones siguen abiertas <\/a>para todos, esto hasta las 12 de la noche del mi\u00e9rcoles 1 de julio en la direcci\u00f3n <a href=\"http:\/\/mx.mc394.mail.yahoo.com\/mc\/compose?to=caravanapazyjusticia@gmail.com\">caravanapazyjusticia@gmail.com<\/a><\/p>\n<p style=\"text-align: center;\"><strong>Centro Nacional de Comunicaci\u00f3n Social<\/strong><\/p>\n<div style=\"text-align: center;\">\n<p><strong>Caravana Ciudadana por la Paz con Justicia y Dignidad<\/strong><\/p>\n<p><strong>Cuernavaca a Ciudad Ju\u00e1rez<\/strong><\/p>\n<p style=\"text-align: center;\"><strong>4 al 11 de junio de 2011<\/strong><\/p>\n<p style=\"text-align: left;\"><strong>1. Itinerario de la caravana<\/strong><\/p>\n<p style=\"text-align: left;\">S\u00e1bado 4 de junio<\/p>\n<table cellspacing=\"0\" cellpadding=\"0\">\n<tbody>\n<tr>\n<td valign=\"top\"><strong>Hora<br \/>\n<\/strong><\/td>\n<td valign=\"top\"><strong>Actividad<br \/>\n<\/strong><\/td>\n<td valign=\"top\"><strong>Lugar<\/strong><\/td>\n<td valign=\"top\"><strong>Ciudad<\/strong><\/td>\n<\/tr>\n<tr>\n<td valign=\"top\">7 am<\/td>\n<td valign=\"top\">Salida<\/td>\n<td valign=\"top\">Paloma de la Paz<\/td>\n<td valign=\"top\">Cuernavaca, Morelos<\/td>\n<\/tr>\n<tr>\n<td valign=\"top\">9 am<\/td>\n<td valign=\"top\">Acto P\u00fablico \/<\/td>\n<td valign=\"top\">\u00c1ngel de la Independencia<\/td>\n<td valign=\"top\">Ciudad de M\u00e9xico, D.F.<\/td>\n<\/tr>\n<tr>\n<td valign=\"top\">11 am<\/td>\n<td colspan=\"3\" valign=\"top\">Salida rumbo a Morelia<\/td>\n<\/tr>\n<tr>\n<td valign=\"top\">2 pm<\/td>\n<td colspan=\"3\" valign=\"top\">Comida<\/p>\n<p>Morelia, Michoac\u00e1n<\/td>\n<\/tr>\n<tr>\n<td valign=\"top\">5 pm<\/td>\n<td valign=\"top\">Acto P\u00fablico<\/td>\n<td valign=\"top\">Frente al Palacio de Gobierno<\/td>\n<td valign=\"top\">Morelia, Michoac\u00e1n<\/td>\n<\/tr>\n<tr>\n<td valign=\"top\">9 pm<\/td>\n<td colspan=\"3\" valign=\"top\">Cena y Pernocta<\/p>\n<p>Morelia, Michoac\u00e1n<\/td>\n<\/tr>\n<\/tbody>\n<\/table>\n<p style=\"text-align: left;\">Domingo 5 de junio<\/p>\n<table cellspacing=\"0\" cellpadding=\"0\">\n<tbody>\n<tr>\n<td valign=\"top\"><strong>Hora<br \/>\n<\/strong><\/td>\n<td valign=\"top\"><strong>Actividad<br \/>\n<\/strong><\/td>\n<td valign=\"top\"><strong>Lugar<\/strong><\/td>\n<td valign=\"top\"><strong>Ciudad<\/strong><\/td>\n<\/tr>\n<tr>\n<td valign=\"top\">8 am<\/td>\n<td colspan=\"3\" valign=\"top\">Desayuno<\/p>\n<p>Morelia, Michoac\u00e1n<\/td>\n<\/tr>\n<tr>\n<td valign=\"top\">9 am<\/td>\n<td colspan=\"3\" valign=\"top\">Salida de Morelia rumbo a SLP<\/td>\n<\/tr>\n<tr>\n<td valign=\"top\">2 pm<\/td>\n<td valign=\"top\">Comida<\/td>\n<td valign=\"top\">En el trayecto<\/td>\n<td valign=\"top\">San Luis Potos\u00ed, SLP<\/td>\n<\/tr>\n<tr>\n<td valign=\"top\">5 pm<\/td>\n<td valign=\"top\">Acto P\u00fablico<\/td>\n<td valign=\"top\">Cerro de San Pedro<\/td>\n<td valign=\"top\">San Luis Potos\u00ed, SLP<\/td>\n<\/tr>\n<tr>\n<td valign=\"top\">6 pm<\/td>\n<td valign=\"top\">Acto P\u00fablico \/Verbena<\/td>\n<td valign=\"top\">Plaza del Carmen<\/td>\n<td valign=\"top\">San Luis Potos\u00ed, SLP<\/td>\n<\/tr>\n<tr>\n<td valign=\"top\">9 pm<\/td>\n<td colspan=\"3\" valign=\"top\">Cena y Pernocta en San Luis Potos\u00ed, SLP<\/td>\n<\/tr>\n<\/tbody>\n<\/table>\n<p style=\"text-align: left;\">Lunes 6 de junio<\/p>\n<table cellspacing=\"0\" cellpadding=\"0\">\n<tbody>\n<tr>\n<td valign=\"top\"><strong>Hora<br \/>\n<\/strong><\/td>\n<td valign=\"top\"><strong>Actividad<br \/>\n<\/strong><\/td>\n<td valign=\"top\"><strong>Lugar<\/strong><\/td>\n<td valign=\"top\"><strong>Ciudad<\/strong><\/td>\n<\/tr>\n<tr>\n<td valign=\"top\">8 am<\/td>\n<td colspan=\"3\" valign=\"top\">Desayuno en San Luis Potos\u00ed, SLP<\/td>\n<\/tr>\n<tr>\n<td valign=\"top\"><\/td>\n<td valign=\"top\"><\/td>\n<td valign=\"top\"><\/td>\n<td valign=\"top\"><\/td>\n<\/tr>\n<tr>\n<td valign=\"top\">12 pm<\/td>\n<td valign=\"top\">Caminata \/ Acto P\u00fablico<\/td>\n<td valign=\"top\">Del Caballito de Gonz\u00e1lez Ortega a<br \/>\nPlaza Central<\/td>\n<td valign=\"top\">Zacatecas, Zacatecas<\/td>\n<\/tr>\n<tr>\n<td valign=\"top\">3 pm<\/td>\n<td colspan=\"3\" valign=\"top\">Salida de Zacatecas rumbo a Durango<\/td>\n<\/tr>\n<tr>\n<td valign=\"top\">6 pm<\/td>\n<td valign=\"top\">Acto P\u00fablico<\/td>\n<td valign=\"top\">Plaza Central<\/td>\n<td valign=\"top\">Durango, Durango<\/td>\n<\/tr>\n<tr>\n<td valign=\"top\">9 pm<\/td>\n<td colspan=\"3\" valign=\"top\">Cena y Pernocta en Durango, Durango<\/td>\n<\/tr>\n<\/tbody>\n<\/table>\n<p style=\"text-align: left;\">Martes 7 de junio<\/p>\n<table cellspacing=\"0\" cellpadding=\"0\">\n<tbody>\n<tr>\n<td valign=\"top\"><strong>Hora<br \/>\n<\/strong><\/td>\n<td valign=\"top\"><strong>Actividad<br \/>\n<\/strong><\/td>\n<td valign=\"top\"><strong>Lugar<\/strong><\/td>\n<td valign=\"top\"><strong>Ciudad<\/strong><\/td>\n<\/tr>\n<tr>\n<td valign=\"top\">8 am<\/td>\n<td colspan=\"3\" valign=\"top\">Desayuno en Durango, Durango<\/td>\n<\/tr>\n<tr>\n<td valign=\"top\">9 am<\/td>\n<td colspan=\"3\" valign=\"top\">Salida de Durango a Saltillo<\/td>\n<\/tr>\n<tr>\n<td valign=\"top\">3 pm<\/td>\n<td colspan=\"3\" valign=\"top\">Comida en Saltillo, Coahuila<\/td>\n<\/tr>\n<tr>\n<td valign=\"top\">4 pm<\/td>\n<td colspan=\"3\" valign=\"top\">Salida de Saltillo a Monterrey<\/td>\n<\/tr>\n<tr>\n<td valign=\"top\">6 pm<\/td>\n<td valign=\"top\">Acto P\u00fablico<\/td>\n<td valign=\"top\">Plaza de Armas<\/td>\n<td valign=\"top\">Monterrey, NL<\/td>\n<\/tr>\n<tr>\n<td valign=\"top\">9 pm<\/td>\n<td colspan=\"3\" valign=\"top\">Cena y Pernocta en Monterrey, NL<\/td>\n<\/tr>\n<\/tbody>\n<\/table>\n<p style=\"text-align: left;\">Mi\u00e9rcoles 8 de junio<\/p>\n<table cellspacing=\"0\" cellpadding=\"0\">\n<tbody>\n<tr>\n<td valign=\"top\"><strong>Hora<br \/>\n<\/strong><\/td>\n<td valign=\"top\"><strong>Actividad<br \/>\n<\/strong><\/td>\n<td valign=\"top\"><strong>Lugar<\/strong><\/td>\n<td valign=\"top\"><strong>Ciudad<\/strong><\/td>\n<\/tr>\n<tr>\n<td valign=\"top\">7 am<\/td>\n<td colspan=\"3\" valign=\"top\">Desayuno en Monterrey, NL<\/td>\n<\/tr>\n<tr>\n<td valign=\"top\">8 am<\/td>\n<td colspan=\"3\" valign=\"top\">Salida de Monterrey a Torre\u00f3n<\/td>\n<\/tr>\n<tr>\n<td valign=\"top\">12 pm<\/td>\n<td colspan=\"3\" valign=\"top\">Almuerzo en Torre\u00f3n, Coahuila<\/td>\n<\/tr>\n<tr>\n<td valign=\"top\">1 pm<\/td>\n<td valign=\"top\">Acto P\u00fablico<\/td>\n<td valign=\"top\">Bosque Venustiano Carranza<\/td>\n<td valign=\"top\">Torre\u00f3n, Coahuila<\/td>\n<\/tr>\n<tr>\n<td valign=\"top\">3 pm<\/td>\n<td colspan=\"3\" valign=\"top\">Salida de Torre\u00f3n rumbo a Chihuahua<\/td>\n<\/tr>\n<tr>\n<td valign=\"top\">9 pm<\/td>\n<td colspan=\"3\" valign=\"top\">Cena y Pernocta en Chihuahua, Chihuahua<\/td>\n<\/tr>\n<\/tbody>\n<\/table>\n<p style=\"text-align: left;\">Jueves 9 de junio<\/p>\n<table cellspacing=\"0\" cellpadding=\"0\">\n<tbody>\n<tr>\n<td valign=\"top\"><strong>Hora<br \/>\n<\/strong><\/td>\n<td valign=\"top\"><strong>Actividad<br \/>\n<\/strong><\/td>\n<td valign=\"top\"><strong>Lugar<\/strong><\/td>\n<td valign=\"top\"><strong>Ciudad<\/strong><\/td>\n<\/tr>\n<tr>\n<td valign=\"top\">9 am<\/td>\n<td colspan=\"3\" valign=\"top\">Desayuno en Chihuahua, Chihuahua<\/td>\n<\/tr>\n<tr>\n<td valign=\"top\">10 am<\/td>\n<td valign=\"top\">Acto P\u00fablico<\/td>\n<td valign=\"top\">Frente a Palacio de Gobierno<\/td>\n<td valign=\"top\">Chihuahua, Chihuahua<\/td>\n<\/tr>\n<tr>\n<td valign=\"top\">12 am<\/td>\n<td colspan=\"3\" valign=\"top\">Salida de Chihuahua a Ciudad Ju\u00e1rez<\/td>\n<\/tr>\n<tr>\n<td valign=\"top\">6 pm<\/td>\n<td colspan=\"3\" valign=\"top\">Recepci\u00f3n en Villas de Salvarcar, Ciudad Ju\u00e1rez<\/td>\n<\/tr>\n<tr>\n<td valign=\"top\">9 pm<\/td>\n<td colspan=\"3\" valign=\"top\">Cena y Pernocta en Ciudad Ju\u00e1rez, Chihuahua<\/td>\n<\/tr>\n<\/tbody>\n<\/table>\n<p style=\"text-align: left;\">Viernes 10 de junio<\/p>\n<table cellspacing=\"0\" cellpadding=\"0\">\n<tbody>\n<tr>\n<td valign=\"top\"><strong>Hora<br \/>\n<\/strong><\/td>\n<td valign=\"top\"><strong>Actividad<br \/>\n<\/strong><\/td>\n<td valign=\"top\"><strong>Lugar<\/strong><\/td>\n<td valign=\"top\"><strong>Ciudad<\/strong><\/td>\n<\/tr>\n<tr>\n<td valign=\"top\">9 am<\/td>\n<td colspan=\"3\" valign=\"top\">Desayuno en Ciudad Ju\u00e1rez, Chihuahua<\/td>\n<\/tr>\n<tr>\n<td valign=\"top\">10 am<\/td>\n<td colspan=\"3\" valign=\"top\">Actividades del Pacto Ciudadano<\/p>\n<p>Mesas de trabajo en lugar por confirmar \/ Clausura en el Monumento a Benito Ju\u00e1rez (5 pm)<\/td>\n<\/tr>\n<\/tbody>\n<\/table>\n<p style=\"text-align: left;\">S\u00e1bado 11 de junio<\/p>\n<table cellspacing=\"0\" cellpadding=\"0\">\n<tbody>\n<tr>\n<td valign=\"top\"><strong>Hora<br \/>\n<\/strong><\/td>\n<td valign=\"top\"><strong>Actividad<br \/>\n<\/strong><\/td>\n<td valign=\"top\"><strong>Lugar<\/strong><\/td>\n<td valign=\"top\"><strong>Ciudad<\/strong><\/td>\n<\/tr>\n<tr>\n<td valign=\"top\">9 am<\/td>\n<td colspan=\"3\" valign=\"top\">Desayuno en Ciudad Ju\u00e1rez, Chihuahua<\/td>\n<\/tr>\n<tr>\n<td valign=\"top\">10 am<\/td>\n<td valign=\"top\">Acto P\u00fablico Ciudad Ju\u00e1rez y El Paso<\/td>\n<td valign=\"top\">Regreso de Caravana<\/td>\n<td valign=\"top\">El Paso, Texas\/<\/p>\n<p>Ciudad Ju\u00e1rez, Chihuahua<\/td>\n<\/tr>\n<tr>\n<td valign=\"top\">8 pm<\/td>\n<td colspan=\"3\" valign=\"top\">Acto cultural \/ Cena y Pernocta en\u00a0 Torre\u00f3n, Coahuila<\/td>\n<\/tr>\n<\/tbody>\n<\/table>\n<p style=\"text-align: left;\">Domingo 12 de junio<\/p>\n<table style=\"height: 50px;\" cellspacing=\"0\" cellpadding=\"0\" width=\"506\">\n<tbody>\n<tr>\n<td valign=\"top\"><strong>Hora<br \/>\n<\/strong><\/td>\n<td valign=\"top\"><strong>Actividad<br \/>\n<\/strong><\/td>\n<td valign=\"top\"><strong>Lugar<br \/>\n<\/strong><\/td>\n<td valign=\"top\"><strong>Ciudad<\/strong><\/td>\n<\/tr>\n<tr>\n<td valign=\"top\">8 am<\/td>\n<td colspan=\"3\" valign=\"top\">Desayuno en Torre\u00f3n, Coahuila<\/td>\n<\/tr>\n<tr>\n<td valign=\"top\">9 am<\/td>\n<td colspan=\"3\" valign=\"top\">Salida de Torre\u00f3n a Cuernavaca y ciudades de origen<\/td>\n<\/tr>\n<\/tbody>\n<\/table>\n<\/div>\n<p><\/p>","protected":false},"excerpt":{"rendered":"<p>Comunicado de prensa: M\u00e9xico D.F., 31 de mayo de 2011 (Cencos).- En conferencia de prensa, organizadores de la caravana Nacional Ciudadana por la Paz con Justicia y Dignidad anunciaron el itinerario y la ruta final, dijeron que al rededor de 400 asistentes ya se han apuntado para realizar el trayecto completo desde Cuernavaca, Morelos y [&hellip;]<\/p>\n","protected":false},"author":1,"featured_media":0,"comment_status":"open","ping_status":"open","sticky":false,"template":"","format":"standard","meta":{"footnotes":""},"categories":[183],"tags":[218],"class_list":["post-3192","post","type-post","status-publish","format-standard","hentry","category-blog","tag-marcha-por-justicia-y-contra-la-impunidad"],"_links":{"self":[{"href":"https:\/\/radiozapatista.org\/index.php?rest_route=\/wp\/v2\/posts\/3192","targetHints":{"allow":["GET"]}}],"collection":[{"href":"https:\/\/radiozapatista.org\/index.php?rest_route=\/wp\/v2\/posts"}],"about":[{"href":"https:\/\/radiozapatista.org\/index.php?rest_route=\/wp\/v2\/types\/post"}],"author":[{"embeddable":true,"href":"https:\/\/radiozapatista.org\/index.php?rest_route=\/wp\/v2\/users\/1"}],"replies":[{"embeddable":true,"href":"https:\/\/radiozapatista.org\/index.php?rest_route=%2Fwp%2Fv2%2Fcomments&post=3192"}],"version-history":[{"count":0,"href":"https:\/\/radiozapatista.org\/index.php?rest_route=\/wp\/v2\/posts\/3192\/revisions"}],"wp:attachment":[{"href":"https:\/\/radiozapatista.org\/index.php?rest_route=%2Fwp%2Fv2%2Fmedia&parent=3192"}],"wp:term":[{"taxonomy":"category","embeddable":true,"href":"https:\/\/radiozapatista.org\/index.php?rest_route=%2Fwp%2Fv2%2Fcategories&post=3192"},{"taxonomy":"post_tag","embeddable":true,"href":"https:\/\/radiozapatista.org\/index.php?rest_route=%2Fwp%2Fv2%2Ftags&post=3192"}],"curies":[{"name":"wp","href":"https:\/\/api.w.org\/{rel}","templated":true}]}}